{"id":2675,"date":"2021-09-20T10:01:00","date_gmt":"2021-09-20T14:01:00","guid":{"rendered":"https:\/\/gbta.org\/politics-of-travel-updates-on-canada-and-eu-reaction-to-us-position-and-french-fries\/"},"modified":"2022-09-28T15:34:14","modified_gmt":"2022-09-28T19:34:14","slug":"politics-of-travel-updates-on-canada-and-eu-reaction-to-us-position-and-french-fries","status":"publish","type":"post","link":"https:\/\/gbta.org\/pt\/politics-of-travel-updates-on-canada-and-eu-reaction-to-us-position-and-french-fries\/","title":{"rendered":"Pol\u00edtica de atualiza\u00e7\u00f5es de viagens no Canad\u00e1 e na UE, rea\u00e7\u00e3o \u00e0 posi\u00e7\u00e3o dos EUA e batatas fritas"},"content":{"rendered":"<p>Feliz setembro! Eu n\u00e3o sei voc\u00ea, mas o trabalho me atingiu como um&nbsp;<a href=\"https:\/\/www.youtube.com\/watch?v=My2FRPA3Gf8\">bola de Demoli\u00e7\u00e3o<\/a>&nbsp;na ter\u00e7a-feira ap\u00f3s o Dia do Trabalho. Temos muitos itens para cobrir, ent\u00e3o sente-se, leia e ou\u00e7a isso&nbsp;<a href=\"https:\/\/www.youtube.com\/watch?v=lgCZN1rU5co\">m\u00fasica especial sobre como me sinto sobre o retorno de nossos eleitos globais.&nbsp;<\/a><\/p>\n<p><a href=\"https:\/\/www.youtube.com\/watch?v=iNwC0sp-uA4\"><b>CAMINHADA CANADENSE:<\/b><\/a><b>&nbsp;<\/b>A partir da meia-noite de segunda-feira, o governo canadense adicionou estrangeiros totalmente vacinados \u00e0s fileiras de viajantes que s\u00e3o mais uma vez bem-vindos em solo canadense.<\/p>\n<p>Para serem eleg\u00edveis, os viajantes devem ter passado pelo menos 14 dias desde a \u00faltima dose da vacina e apresentar prova de um teste molecular negativo para COVID-19 com n\u00e3o mais de 72 horas. Os viajantes devem usar o aplicativo ArriveCAN ou o portal da web on-line para enviar seus detalhes de vacina\u00e7\u00e3o.&nbsp;<a href=\"https:\/\/gbta.org\/pt\/blog\/global-business-travel-association-welcomes-the-return-of-international-travel-in-canada\/\">GBTA tem trabalhado para isso e est\u00e1 satisfeito com o resultado \u2013 PROGRESS.<\/a><\/p>\n<p><a href=\"https:\/\/www.youtube.com\/watch?v=CFeNwsJK_Dg&amp;t=34s\"><b>JATOS ALIMENTADOS A \u00d3LEO DE FRICH FRY:<\/b><\/a><b>&nbsp;<\/b>GBTA e EUA&nbsp;<a href=\"https:\/\/www.airlines.org\/news\/a4a-joins-aviation-coalition-letter-in-support-of-sustainable-skies-act\/?source=email\" target=\"_blank\" rel=\"noopener\">as companhias a\u00e9reas aprovaram<\/a>&nbsp;a&nbsp;<a href=\"https:\/\/www.congress.gov\/bill\/117th-congress\/house-bill\/3440?q=%7B%22search%22%3A%5B%22HR+3440%22%5D%7D&amp;s=2&amp;r=1\">Lei dos C\u00e9us Sustent\u00e1veis<\/a>&nbsp;dos deputados Brad Schneider (D-IL), Dan Kildee (D-MI) e Julia Brownley (D-CA). A GBTA faz parte de uma coaliz\u00e3o que pressiona por um cr\u00e9dito fiscal de $1,50 a $2 por gal\u00e3o no projeto de lei de reconcilia\u00e7\u00e3o or\u00e7ament\u00e1ria. Este cr\u00e9dito aumentaria a utiliza\u00e7\u00e3o de combust\u00edvel de avia\u00e7\u00e3o sustent\u00e1vel a um pre\u00e7o que permitiria \u00e0s companhias a\u00e9reas utiliz\u00e1-lo mais.<\/p>\n<p>O combust\u00edvel de avia\u00e7\u00e3o sustent\u00e1vel, ou SAF, \u00e9 feito pela convers\u00e3o de biomassa, como res\u00edduos florestais e agr\u00edcolas, em petr\u00f3leo bruto de baixo carbono que pode ser usado para produzir combust\u00edvel de avia\u00e7\u00e3o.<\/p>\n<p>Res\u00edduos florestais e agr\u00edcolas poderiam fornecer biomassa suficiente para gerar mais de 17 bilh\u00f5es de gal\u00f5es de combust\u00edvel de avia\u00e7\u00e3o e deslocar 75% do combust\u00edvel de avia\u00e7\u00e3o dos EUA,&nbsp;<a href=\"https:\/\/www.energy.gov\/eere\/bioenergy\/sustainable-aviation-fuels\">segundo o Departamento de Energia.<\/a>&nbsp;Al\u00e9m disso, a GBTA est\u00e1 pressionando pela inclus\u00e3o de outros itens no&nbsp;<a href=\"https:\/\/www.cnn.com\/2021\/08\/09\/politics\/senate-reconciliation-package\/index.html\">Conta de reconcilia\u00e7\u00e3o<\/a>&nbsp;acreditamos que ajudar\u00e1 a ind\u00fastria. Fique ligado.<\/p>\n<p><a href=\"https:\/\/www.youtube.com\/watch?v=umDr0mPuyQc\"><b>QUERO PARTICIPAR DA CONFER\u00caNCIA GBTA EUROPE EM DEZEMBRO:<\/b><\/a>&nbsp;Em resposta \u00e0 recomenda\u00e7\u00e3o da Uni\u00e3o Europ\u00e9ia de remover os Estados Unidos da lista verde da Uni\u00e3o Europ\u00e9ia em 30 de agosto, a GBTA e a Associa\u00e7\u00e3o Finlandesa de Viagens de Neg\u00f3cios (FBTA), a Associa\u00e7\u00e3o Italiana de Mobilidade de Viagens (AITMM), a Associa\u00e7\u00e3o Sueca de Viagens de Neg\u00f3cios (SBTA), A Austria Business Travel Association (ABTA), a Netherlands Association of Travel Management (NATM) e a Iberian Business Travel Association (IBTA) pediram aos pa\u00edses que mantenham os corredores de viagem abertos para viajantes dos EUA totalmente vacinados. o&nbsp;<a href=\"https:\/\/www3.gbta.org\/l\/5572\/2021-09-09\/6l96ht\/5572\/1631197998azlI3C1k\/GBTA_Statement_on_Transatlantic_travel_to_EU_09_07__DE_.pdf\">cartas<\/a>&nbsp;foram enviados a l\u00edderes governamentais em Portugal, Su\u00e9cia, Eslov\u00eania, Alemanha, Espanha, Finl\u00e2ndia, Fran\u00e7a, It\u00e1lia e Holanda, aconselhando os governos a seguir a ci\u00eancia e n\u00e3o retornar \u00e0 quarentena geral, independentemente da vacina\u00e7\u00e3o ou status de recupera\u00e7\u00e3o. At\u00e9 \u00e0 data, a maioria dos pa\u00edses da UE n\u00e3o deu seguimento \u00e0 recomenda\u00e7\u00e3o. No entanto, voc\u00ea precisar\u00e1 verificar cada pa\u00eds para o qual voc\u00ea e seus viajantes planejam ir. Para ajudar, lembre-se de verificar o&nbsp;<a href=\"https:\/\/gbta.org\/pt\/\">Primeira p\u00e1gina do GBTA<\/a>&nbsp;acessar&nbsp;<a href=\"https:\/\/apply.joinsherpa.com\/map?affiliateId=americanairlines\">sherpa<\/a>.&nbsp;<a href=\"https:\/\/gbta.org\/pt\/calendar\/all-programs\/eventid\/760\/e\/gbta-conference-2021-berlin-in-partnership-with-vdr-6-dec-2021\/\">Nos vemos em Berlim!<\/a><\/p>\n<p><a href=\"https:\/\/www.youtube.com\/watch?v=CdqoNKCCt7A\"><b>JUDD NELSON:<\/b><\/a>&nbsp;Ontem \u00e0 noite, o presidente Biden delineou um plano COVID com 6 \u00e1reas principais de a\u00e7\u00e3o: 1 \u2013 Aumentar a vacina entre os n\u00e3o vacinados, 2 \u2013 Continuar a proteger os vacinados, 3 \u2013 Manter as crian\u00e7as seguras, 4 \u2013 Aumentar os testes e o mascaramento, 5 \u2013 Proteger a nossa economia recupera\u00e7\u00e3o, 6 \u2013 Melhorar o atendimento aos que adoecem. Todos os objetivos positivos. N\u00e3o \u00e9 mencionado aqui qualquer cronograma ou plano para acabar com as restri\u00e7\u00f5es fronteiri\u00e7as para viagens vacinadas do Reino Unido, Uni\u00e3o Europeia, M\u00e9xico ou Canad\u00e1, todos os quais t\u00eam taxas mais altas de cidad\u00e3os vacinados do que os EUA.&nbsp;<a href=\"https:\/\/gbta.org\/pt\/blog\/gbta-calls-for-details-on-return-to-international-travel\/\" target=\"_blank\" rel=\"noopener\">(veja aqui)<\/a><\/p>\n<p><b>DC \u00c9 UM ZOOL\u00d3GICO!<\/b>&nbsp;No in\u00edcio desta semana, liguei o notici\u00e1rio local e vi que&nbsp;<a href=\"https:\/\/www.nbcwashington.com\/news\/local\/zebras-spotted-in-prince-georges-county\/2794497\/\">Zebras estavam soltas e correndo por a\u00ed<\/a>&nbsp;um condado de Maryland perto do Capit\u00f3lio dos EUA. acho que vou ficar com&nbsp;<a href=\"https:\/\/www.youtube.com\/watch?v=_EPsuOEH1fY\">mantendo unic\u00f3rnios<\/a>&nbsp;na minha fazenda.<\/p>\n<p><a href=\"https:\/\/www.911memorial.org\/20th-anniversary\" target=\"_blank\" rel=\"noopener\">Reserve um minuto no s\u00e1bado para se lembrar.<\/a><\/p>\n<p>&nbsp;<\/p>\n<p>Shane Downey<br \/>\nVice-presidente, Rela\u00e7\u00f5es Governamentais e Comunit\u00e1rias<br \/>\nGBTA<br \/>\n<a href=\"mailto:sdowney@gbta.org\">sdowney@gbta.org<\/a><br \/>\n(O) 703 236-1131<br \/>\n(C) 703 459-7425<\/p>","protected":false},"excerpt":{"rendered":"<p>Feliz setembro! N\u00e3o sei sobre voc\u00ea, mas o trabalho me atingiu como uma bola de demoli\u00e7\u00e3o na ter\u00e7a-feira ap\u00f3s o Dia do Trabalho. Temos muitos assuntos para abordar, ent\u00e3o sente-se, leia e ou\u00e7a esta m\u00fasica especial sobre como me sinto com o retorno de nossas autoridades eleitas globais. ROAM CANADENSE: A partir da meia-noite de segunda-feira, o governo canadense\u2026<\/p>","protected":false},"author":25,"featured_media":0,"comment_status":"open","ping_status":"open","sticky":false,"template":"","format":"standard","meta":{"_acf_changed":false,"_seopress_robots_primary_cat":"none","_seopress_titles_title":"","_seopress_titles_desc":"","_seopress_robots_index":"","om_disable_all_campaigns":false,"_relevanssi_hide_post":"","_relevanssi_hide_content":"","_relevanssi_pin_for_all":"","_relevanssi_pin_keywords":"","_relevanssi_unpin_keywords":"","_relevanssi_related_keywords":"","_relevanssi_related_include_ids":"","_relevanssi_related_exclude_ids":"","_relevanssi_related_no_append":"","_relevanssi_related_not_related":"","_relevanssi_related_posts":"1813,1894,1988,1502,1971,1897","_relevanssi_noindex_reason":"","_kad_blocks_custom_css":"","_kad_blocks_head_custom_js":"","_kad_blocks_body_custom_js":"","_kad_blocks_footer_custom_js":"","_kad_post_transparent":"","_kad_post_title":"","_kad_post_layout":"","_kad_post_sidebar_id":"","_kad_post_content_style":"","_kad_post_vertical_padding":"","_kad_post_feature":"","_kad_post_feature_position":"","_kad_post_header":false,"_kad_post_footer":false,"footnotes":"","_links_to":"","_links_to_target":""},"categories":[1452,1307],"tags":[],"class_list":["post-2675","post","type-post","status-publish","format-standard","hentry","category-gbta-advocacy-newsletters","category-government-relations"],"acf":[],"featured_image_src_large":false,"author_info":{"display_name":"jcampbell","author_link":"https:\/\/gbta.org\/pt\/author\/jcampbell\/"},"comment_info":"","category_info":[{"term_id":1452,"name":"GBTA Advocacy Newsletters","slug":"gbta-advocacy-newsletters","term_group":0,"term_taxonomy_id":1452,"taxonomy":"category","description":"","parent":0,"count":29,"filter":"raw","cat_ID":1452,"category_count":29,"category_description":"","cat_name":"GBTA Advocacy Newsletters","category_nicename":"gbta-advocacy-newsletters","category_parent":0},{"term_id":1307,"name":"Government Relations","slug":"government-relations","term_group":0,"term_taxonomy_id":1307,"taxonomy":"category","description":"","parent":0,"count":61,"filter":"raw","cat_ID":1307,"category_count":61,"category_description":"","cat_name":"Government Relations","category_nicename":"government-relations","category_parent":0}],"tag_info":false,"taxonomy_info":{"category":[{"value":1452,"label":"GBTA Advocacy Newsletters"},{"value":1307,"label":"Government Relations"}]},"featured_image_src":null,"featured_image_src_square":null,"mfb_rest_fields":["featured_image_src_large","author_info","comment_info","category_info","tag_info","taxonomy_info","featured_image_src","featured_image_src_square"],"_links":{"self":[{"href":"https:\/\/gbta.org\/pt\/wp-json\/wp\/v2\/posts\/2675","targetHints":{"allow":["GET"]}}],"collection":[{"href":"https:\/\/gbta.org\/pt\/wp-json\/wp\/v2\/posts"}],"about":[{"href":"https:\/\/gbta.org\/pt\/wp-json\/wp\/v2\/types\/post"}],"author":[{"embeddable":true,"href":"https:\/\/gbta.org\/pt\/wp-json\/wp\/v2\/users\/25"}],"replies":[{"embeddable":true,"href":"https:\/\/gbta.org\/pt\/wp-json\/wp\/v2\/comments?post=2675"}],"version-history":[{"count":0,"href":"https:\/\/gbta.org\/pt\/wp-json\/wp\/v2\/posts\/2675\/revisions"}],"wp:attachment":[{"href":"https:\/\/gbta.org\/pt\/wp-json\/wp\/v2\/media?parent=2675"}],"wp:term":[{"taxonomy":"category","embeddable":true,"href":"https:\/\/gbta.org\/pt\/wp-json\/wp\/v2\/categories?post=2675"},{"taxonomy":"post_tag","embeddable":true,"href":"https:\/\/gbta.org\/pt\/wp-json\/wp\/v2\/tags?post=2675"}],"curies":[{"name":"wp","href":"https:\/\/api.w.org\/{rel}","templated":true}]}}