{"id":2677,"date":"2022-04-05T10:01:00","date_gmt":"2022-04-05T14:01:00","guid":{"rendered":"https:\/\/gbta.org\/check-in-with-suzanne-54\/"},"modified":"2022-09-28T15:23:12","modified_gmt":"2022-09-28T19:23:12","slug":"check-in-with-suzanne-54","status":"publish","type":"post","link":"https:\/\/gbta.org\/pt\/check-in-with-suzanne-54\/","title":{"rendered":"Check-in com Suzanne"},"content":{"rendered":"<p><span data-contrast=\"auto\">Estimulado pela pandemia e pelas mudan\u00e7as sociais gerais resultantes, estou ouvindo que as empresas est\u00e3o reimaginando e se adaptando para uma pr\u00f3xima era nos neg\u00f3cios \u2013 o que tamb\u00e9m significa uma pr\u00f3xima era para viagens de neg\u00f3cios.&nbsp;&nbsp;<\/span><span data-ccp-props=\"{&quot;201341983&quot;:0,&quot;335559739&quot;:160,&quot;335559740&quot;:259}\">&nbsp;<\/span><\/p>\n<p><span data-contrast=\"auto\">Novas abordagens em viagens de neg\u00f3cios para promover a conex\u00e3o de clientes e equipes e as necessidades individuais dos viajantes devem coexistir com as prioridades corporativas e os objetivos finais, como pol\u00edticas de viagens negociadas e gerenciamento de custos. E muitas empresas est\u00e3o explorando profundamente uma redefini\u00e7\u00e3o de quem, por que, o qu\u00ea e como quando se trata de seus programas de viagens de neg\u00f3cios em geral.<\/span><span data-ccp-props=\"{&quot;201341983&quot;:0,&quot;335559739&quot;:160,&quot;335559740&quot;:259}\">&nbsp;<\/span><\/p>\n<p><span data-contrast=\"auto\">No cerne da gest\u00e3o e orquestra\u00e7\u00e3o de toda essa mudan\u00e7a est\u00e1 o gerente de viagens.&nbsp;<\/span><span data-ccp-props=\"{&quot;201341983&quot;:0,&quot;335559739&quot;:160,&quot;335559740&quot;:259}\">&nbsp;<\/span><\/p>\n<p><span data-contrast=\"auto\">As discuss\u00f5es que acontecem em nosso <\/span><a href=\"https:\/\/hub.gbta.org\/home\"><span data-contrast=\"none\">Hub GBTA<\/span><\/a><span data-contrast=\"auto\"> Os f\u00f3runs mostram que os gerentes de viagens t\u00eam muito o que fazer no momento: atualizar as pol\u00edticas de viagem, gerenciar sobretaxas de combust\u00edvel, avaliar aumentos de di\u00e1rias, priorizar a sustentabilidade, buscar programas de compensa\u00e7\u00e3o de carbono, gerenciar problemas que afetam o fornecimento e ajudar colegas a navegar pelas condi\u00e7\u00f5es na Ucr\u00e2nia e regi\u00f5es vizinhas .&nbsp;<\/span><span data-ccp-props=\"{&quot;201341983&quot;:0,&quot;335559739&quot;:160,&quot;335559740&quot;:259}\">&nbsp;<\/span><\/p>\n<p><span data-contrast=\"auto\">Os gerentes de viagens podem estar no neg\u00f3cio de <\/span><i><span data-contrast=\"auto\">viagem<\/span><\/i><span data-contrast=\"auto\">, mas eles est\u00e3o realmente no neg\u00f3cio de <\/span><i><span data-contrast=\"auto\">pessoas.<\/span><\/i><span data-contrast=\"auto\">&nbsp;<\/span><span data-ccp-props=\"{&quot;201341983&quot;:0,&quot;335559739&quot;:160,&quot;335559740&quot;:259}\">&nbsp;<\/span><\/p>\n<p><span data-contrast=\"auto\">Nunca antes sua experi\u00eancia, conhecimento e insights foram t\u00e3o vitais para tantos. A GBTA est\u00e1 aqui para ajudar com pesquisa, educa\u00e7\u00e3o, advocacia, treinamento e networking para ajudar os gerentes de viagens e nosso setor a chegar ao que est\u00e1 por vir em viagens de neg\u00f3cios. Identidade <\/span><a href=\"mailto:sneufang@gbta.org\"><span data-contrast=\"none\">amo ouvir<\/span><\/a><span data-contrast=\"auto\"> de compradores de viagens que est\u00e3o ajudando a orientar a evolu\u00e7\u00e3o das principais viagens de neg\u00f3cios em sua organiza\u00e7\u00e3o.<\/span><span data-ccp-props=\"{&quot;201341983&quot;:0,&quot;335559739&quot;:160,&quot;335559740&quot;:259}\">&nbsp;<\/span><\/p>\n<p><span data-contrast=\"auto\">E por falar em mudan\u00e7a, a GBTA decidiu que era hora de dinamizar nossa pesquisa mensal do setor. O que come\u00e7ou h\u00e1 mais de 2 anos para rastrear apenas o COVID-19 mudar\u00e1 para a cada dois meses e aumentar\u00e1 seu escopo em fatores cr\u00edticos de recupera\u00e7\u00e3o adicionais, como pre\u00e7os de combust\u00edvel e infla\u00e7\u00e3o, o conflito na Ucr\u00e2nia e a reabertura de escrit\u00f3rios. A pesquisa de recupera\u00e7\u00e3o de viagens de neg\u00f3cios GBTA de abril \u00e9 <\/span><a href=\"https:\/\/gbta.az1.qualtrics.com\/jfe\/form\/SV_0iHJ9266QFyHl0G\"><span data-contrast=\"none\">agora aberto<\/span><\/a><span data-contrast=\"auto\">. Queremos saber o que est\u00e1 impactando suas empresas e viajantes de neg\u00f3cios nesta fase da recupera\u00e7\u00e3o. Obrigado novamente por seus insights muito importantes e apreciados. <\/span><a href=\"https:\/\/gbta.az1.qualtrics.com\/jfe\/form\/SV_0iHJ9266QFyHl0G\"><span data-contrast=\"none\">Fa\u00e7a a enquete aqui<\/span><\/a><span data-contrast=\"auto\"> e divulgaremos os resultados em 21 de abril.<\/span><span data-ccp-props=\"{&quot;201341983&quot;:0,&quot;335559739&quot;:160,&quot;335559740&quot;:259}\">&nbsp;<\/span><\/p>\n<p><span data-contrast=\"auto\">A \u00faltima sexta-feira, 1\u00ba de abril, marcou o levantamento dos requisitos de testes de viagem no Canad\u00e1, que o GBTA havia <\/span><a href=\"https:\/\/www.newswire.ca\/news-releases\/canada-s-travel-rules-decimating-business-travel-stifling-toronto-s-tourism-economy-business-leaders-call-on-federal-government-to-urgently-lift-remaining-travel-restrictions-by-april-1-829030809.html\"><span data-contrast=\"none\">defendendo ativamente<\/span><\/a><span data-contrast=\"auto\">. \u00c9 um grande desenvolvimento para viagens de neg\u00f3cios e viajantes, e tamb\u00e9m para a economia e os residentes do Canad\u00e1. Tamb\u00e9m \u00e9 bem a tempo para o <\/span><a href=\"https:\/\/canadaconference.gbta.org\/\"><span data-contrast=\"none\">Confer\u00eancia GBTA Canad\u00e1<\/span><\/a><span data-contrast=\"auto\"> em Toronto, de 2 a 3 de maio\u2026. um desenvolvimento bem-vindo \u2013 e menos problemas de viagem \u2013 para todos que desejam participar do pr\u00f3ximo evento.<\/span><span data-ccp-props=\"{&quot;134233117&quot;:true,&quot;134233118&quot;:true,&quot;201341983&quot;:0,&quot;335559740&quot;:240}\">&nbsp;<\/span><\/p>\n<p><span data-ccp-props=\"{&quot;134233117&quot;:true,&quot;134233118&quot;:true,&quot;201341983&quot;:0,&quot;335559740&quot;:240}\">&nbsp;<\/span><\/p>\n<p><span data-contrast=\"auto\">\u202f<\/span><span data-ccp-props=\"{&quot;134233117&quot;:true,&quot;134233118&quot;:true,&quot;201341983&quot;:0,&quot;335559740&quot;:240}\">&nbsp;<\/span><\/p>\n<p><span data-contrast=\"auto\">Suzanne<\/span><span data-ccp-props=\"{&quot;134233117&quot;:true,&quot;134233118&quot;:true,&quot;201341983&quot;:0,&quot;335559740&quot;:240}\">&nbsp;<\/span><\/p>\n<p><span data-contrast=\"auto\">\u202f<\/span><span data-ccp-props=\"{&quot;134233117&quot;:true,&quot;134233118&quot;:true,&quot;201341983&quot;:0,&quot;335559740&quot;:240}\">&nbsp;<\/span><\/p>\n<p><span data-contrast=\"auto\">Continue lendo<\/span><span data-contrast=\"auto\">\u202f<\/span><span data-ccp-props=\"{&quot;134233117&quot;:true,&quot;134233118&quot;:true,&quot;201341983&quot;:0,&quot;335559740&quot;:240}\">&nbsp;<\/span><\/p>\n<p><span data-ccp-props=\"{&quot;201341983&quot;:0,&quot;335559739&quot;:160,&quot;335559740&quot;:259}\">&nbsp;<\/span><\/p>\n<p><u>Novidades para saber:<\/u><\/p>\n<p><strong>Air France: voos sazonais dos EUA para superar os n\u00edveis de 2019<\/strong><\/p>\n<p><a href=\"https:\/\/www.businesstravelnews.com\/Global\/Air-France-Seasonal-US-Flights-to-Surpass-2019-Levels\">Air France planeja operar cerca de 200 voos semanais para 14 destinos nos EUA<\/a> neste ver\u00e3o, 20% a mais do que operou no ver\u00e3o de 2019, anunciou a transportadora na sexta-feira. O servi\u00e7o entre Paris Orly e Nova York JFK foi reiniciado em 27 de mar\u00e7o ap\u00f3s ter sido suspenso desde o in\u00edcio da pandemia, segundo a Air France. Al\u00e9m disso, a Air France e a Delta Air Lines est\u00e3o programadas para lan\u00e7ar um servi\u00e7o de \u201cshuttle\u201d entre Paris Charles de Gaulle e Nova York JFK com oito voos di\u00e1rios \u2013 seis operados pela Air France, dois operados pela Delta, segundo a transportadora.<\/p>\n<p><strong>Canad\u00e1 muda regras de viagem: aqui est\u00e1 o que voc\u00ea precisa saber<\/strong><\/p>\n<p>A partir de sexta-feira, 1\u00ba de abril, o <a href=\"https:\/\/www.forbes.com\/sites\/sandramacgregor\/2022\/04\/02\/canada-changes-travel-rules-heres-what-you-need-to-know\/?sh=389b67f02105\">Governo do Canad\u00e1 n\u00e3o exige mais viajantes totalmente vacinados<\/a> para fornecer um resultado de teste Covid-19 pr\u00e9-entrada (como um teste de PCR ou um teste de ant\u00edgeno) para entrar no Canad\u00e1 por via a\u00e9rea, terrestre ou aqu\u00e1tica. Anteriormente, mesmo os canadenses vacinados tinham que apresentar comprova\u00e7\u00e3o de resultados negativos nos testes para entrar no pa\u00eds vindos do exterior. Para se qualificar como viajante totalmente vacinado, voc\u00ea deve ter recebido no m\u00ednimo duas doses de uma vacina Covid-19 aceita pelo governo ou pelo menos uma dose da vacina Janssen\/Johnson &amp; Johnson. Ter uma mistura de duas vacinas Covid-19 aceitas tamb\u00e9m se qualifica como totalmente vacinada. O governo lista vacinas e doses aceit\u00e1veis em seu site.<\/p>\n<p><strong>Ag\u00eancia de viagens online indiana Yatra pretende levantar at\u00e9 $100 milh\u00f5es com IPO<\/strong><\/p>\n<p>Um de <a href=\"https:\/\/skift.com\/2022\/03\/28\/indian-online-travel-agency-yatra-looks-to-raise-up-to-100-million-from-ipo\/\">As maiores ag\u00eancias de viagens da \u00cdndia querem levantar at\u00e9 $100 milh\u00f5es<\/a> de uma listagem p\u00fablica na bolsa de valores da \u00cdndia. Apesar de perder dinheiro nos \u00faltimos dois anos, a Yatra conseguiu resistir \u00e0 pandemia, sobrevivendo at\u00e9 mesmo a uma batalha com um acionista ativista. O recrutamento do diretor comercial do Sabre, Roshan Mendis, para seu conselho parece ter marcado um novo cap\u00edtulo na luta da empresa pela sobreviv\u00eancia \u2013 que tamb\u00e9m incluiu uma fus\u00e3o fracassada com a Ebix em 2020. tinha come\u00e7ado a conversar com potenciais investidores. A expectativa \u00e9 que o processo seja conclu\u00eddo no terceiro trimestre.<\/p>\n<p>&nbsp;<\/p>\n<p><u>Not\u00edcias e lembretes GBTA:<\/u><\/p>\n<p><strong>Bootcamp de gerenciamento de risco de viagem: entendendo e implementando a ISO31030<\/strong><\/p>\n<p>Junte-se a n\u00f3s para o nosso pr\u00f3ximo <a href=\"https:\/\/gbta.org\/pt\/professional-development\/online-training-opportunities\/guide-to-iso-31030-implementation\/\">Bootcamp de gerenciamento de risco de viagem: entendendo e implementando a ISO31030<\/a> sobre <strong>6 a 7 de abril<sup>\u00ba<\/sup><\/strong>, at\u00e9 o momento recebemos alguns depoimentos incr\u00edveis. A ISO 31030 estabelece diretrizes claras para avaliar os riscos relacionados a viagens \u2013 sejam f\u00edsicos, de higiene ou cibern\u00e9ticos \u2013 e como gerenciar e comparar esses riscos. Ele remover\u00e1 as suposi\u00e7\u00f5es e fornecer\u00e1 clareza em uma \u00e1rea que nunca foi t\u00e3o cr\u00edtica para as empresas e seus viajantes.<\/p>\n<p><strong>Oportunidade de Voluntariado BWBTA no Festival Nacional da Flor de Cerejeira<\/strong><\/p>\n<p><a href=\"https:\/\/gbta.org\/pt\/calendar\/all-events\/eventid\/1350\/e\/bwbta-volunteer-opportunity-at-the-national-cherry-blossom-festival-9-apr-2022\/\">Um dos maiores eventos de espectadores da DC est\u00e1 de volta em 2022!<\/a> Sobre <strong>9 de abril<sup>\u00ba<\/sup><\/strong>&nbsp;o desfile cheio de energia percorre 10 quarteir\u00f5es ao longo da ic\u00f4nica Constitution Avenue Northwest. Grandes bal\u00f5es coloridos de h\u00e9lio, carros aleg\u00f3ricos elaborados, bandas marciais de todo o pa\u00eds, artistas famosos e artistas percorrem a rota do Desfile em um espet\u00e1culo de m\u00fasica e carisma visto apenas uma vez por ano durante o Festival!<\/p>","protected":false},"excerpt":{"rendered":"<p>Estimuladas pela pandemia e pelas mudan\u00e7as sociais globais resultantes, ouvi dizer que as empresas est\u00e3o a reimaginar e a adaptar-se para uma pr\u00f3xima era nos neg\u00f3cios \u2013 o que tamb\u00e9m significa uma pr\u00f3xima era para as viagens de neg\u00f3cios. Novas abordagens em viagens de neg\u00f3cios para promover a conex\u00e3o entre clientes e equipes e as necessidades individuais dos viajantes devem coexistir com as prioridades corporativas e os resultados financeiros...<\/p>","protected":false},"author":25,"featured_media":0,"comment_status":"open","ping_status":"open","sticky":false,"template":"","format":"standard","meta":{"_acf_changed":false,"_seopress_robots_primary_cat":"none","_seopress_titles_title":"","_seopress_titles_desc":"","_seopress_robots_index":"","om_disable_all_campaigns":false,"_relevanssi_hide_post":"","_relevanssi_hide_content":"","_relevanssi_pin_for_all":"","_relevanssi_pin_keywords":"","_relevanssi_unpin_keywords":"","_relevanssi_related_keywords":"","_relevanssi_related_include_ids":"","_relevanssi_related_exclude_ids":"","_relevanssi_related_no_append":"","_relevanssi_related_not_related":"","_relevanssi_related_posts":"2477,1439,2017,1620,1171,2480","_relevanssi_noindex_reason":"","_kad_blocks_custom_css":"","_kad_blocks_head_custom_js":"","_kad_blocks_body_custom_js":"","_kad_blocks_footer_custom_js":"","_kad_post_transparent":"","_kad_post_title":"","_kad_post_layout":"","_kad_post_sidebar_id":"","_kad_post_content_style":"","_kad_post_vertical_padding":"","_kad_post_feature":"","_kad_post_feature_position":"","_kad_post_header":false,"_kad_post_footer":false,"footnotes":"","_links_to":"","_links_to_target":""},"categories":[375,37,1453],"tags":[1450],"class_list":["post-2677","post","type-post","status-publish","format-standard","hentry","category-canada","category-research-and-travel-trends","category-travel-management","tag-check-in-with-suzanne"],"acf":[],"featured_image_src_large":false,"author_info":{"display_name":"jcampbell","author_link":"https:\/\/gbta.org\/pt\/author\/jcampbell\/"},"comment_info":"","category_info":[{"term_id":375,"name":"Canada","slug":"canada","term_group":0,"term_taxonomy_id":375,"taxonomy":"category","description":"","parent":0,"count":61,"filter":"raw","cat_ID":375,"category_count":61,"category_description":"","cat_name":"Canada","category_nicename":"canada","category_parent":0},{"term_id":37,"name":"Research and Travel Trends","slug":"research-and-travel-trends","term_group":0,"term_taxonomy_id":37,"taxonomy":"category","description":"","parent":0,"count":966,"filter":"raw","cat_ID":37,"category_count":966,"category_description":"","cat_name":"Research and Travel Trends","category_nicename":"research-and-travel-trends","category_parent":0},{"term_id":1453,"name":"Travel Management","slug":"travel-management","term_group":0,"term_taxonomy_id":1453,"taxonomy":"category","description":"","parent":0,"count":10,"filter":"raw","cat_ID":1453,"category_count":10,"category_description":"","cat_name":"Travel Management","category_nicename":"travel-management","category_parent":0}],"tag_info":[{"term_id":1450,"name":"Check-in with Suzanne","slug":"check-in-with-suzanne","term_group":0,"term_taxonomy_id":1450,"taxonomy":"post_tag","description":"","parent":0,"count":47,"filter":"raw"}],"taxonomy_info":{"category":[{"value":375,"label":"Canada"},{"value":37,"label":"Research and Travel Trends"},{"value":1453,"label":"Travel Management"}],"post_tag":[{"value":1450,"label":"Check-in with Suzanne"}]},"featured_image_src":null,"featured_image_src_square":null,"mfb_rest_fields":["featured_image_src_large","author_info","comment_info","category_info","tag_info","taxonomy_info","featured_image_src","featured_image_src_square"],"_links":{"self":[{"href":"https:\/\/gbta.org\/pt\/wp-json\/wp\/v2\/posts\/2677","targetHints":{"allow":["GET"]}}],"collection":[{"href":"https:\/\/gbta.org\/pt\/wp-json\/wp\/v2\/posts"}],"about":[{"href":"https:\/\/gbta.org\/pt\/wp-json\/wp\/v2\/types\/post"}],"author":[{"embeddable":true,"href":"https:\/\/gbta.org\/pt\/wp-json\/wp\/v2\/users\/25"}],"replies":[{"embeddable":true,"href":"https:\/\/gbta.org\/pt\/wp-json\/wp\/v2\/comments?post=2677"}],"version-history":[{"count":0,"href":"https:\/\/gbta.org\/pt\/wp-json\/wp\/v2\/posts\/2677\/revisions"}],"wp:attachment":[{"href":"https:\/\/gbta.org\/pt\/wp-json\/wp\/v2\/media?parent=2677"}],"wp:term":[{"taxonomy":"category","embeddable":true,"href":"https:\/\/gbta.org\/pt\/wp-json\/wp\/v2\/categories?post=2677"},{"taxonomy":"post_tag","embeddable":true,"href":"https:\/\/gbta.org\/pt\/wp-json\/wp\/v2\/tags?post=2677"}],"curies":[{"name":"wp","href":"https:\/\/api.w.org\/{rel}","templated":true}]}}