{"id":2682,"date":"2022-04-19T10:01:00","date_gmt":"2022-04-19T14:01:00","guid":{"rendered":"https:\/\/gbta.org\/check-in-with-suzanne-56\/"},"modified":"2022-09-28T15:15:43","modified_gmt":"2022-09-28T19:15:43","slug":"check-in-with-suzanne-56","status":"publish","type":"post","link":"https:\/\/gbta.org\/pt\/check-in-with-suzanne-56\/","title":{"rendered":"Check-in com Suzanne"},"content":{"rendered":"<p><span data-contrast=\"auto\">No Check-In desta semana, Suzanne Neufang, CEO da GBTA, est\u00e1 filmando de Las Vegas onde reflete sobre o setor de reuni\u00f5es e eventos e como sua recupera\u00e7\u00e3o \u00e9 uma parte t\u00e3o importante da ind\u00fastria de viagens de neg\u00f3cios. Um n\u00e3o existe sem o outro.<\/span><span data-ccp-props=\"{&quot;201341983&quot;:0,&quot;335559685&quot;:360,&quot;335559739&quot;:160,&quot;335559740&quot;:259}\">&nbsp;<\/span><\/p>\n<p><span data-contrast=\"auto\">Ela tamb\u00e9m compartilha a programa\u00e7\u00e3o de eventos presenciais do GBTA para os pr\u00f3ximos meses, bem como resultados de pesquisas e estudos de pesquisa no horizonte do GBTA.<\/span><span data-ccp-props=\"{&quot;201341983&quot;:0,&quot;335559685&quot;:360,&quot;335559739&quot;:160,&quot;335559740&quot;:259}\">&nbsp;<\/span><\/p>\n<p><a href=\"https:\/\/youtu.be\/6bHK1uT9BpQ\">https:\/\/youtu.be\/6bHK1uT9BpQ<\/a><\/p>\n<p>&nbsp;<\/p>\n<p><u>Novidades para saber:<\/u><\/p>\n<p><strong>EUA estendem mandato de m\u00e1scara de viagem por 15 dias<\/strong><\/p>\n<p><a href=\"https:\/\/www.businesstravelnews.com\/Transportation\/US-Extends-Travel-Mask-Mandate-by-15-Days\">O governo dos EUA estender\u00e1 por 15 dias suas exig\u00eancias de que todos os viajantes usem m\u00e1scaras faciais<\/a> em todas as aeronaves comerciais, em aeroportos e em outras formas de transporte p\u00fablico. O requisito estava programado para expirar em 18 de abril e agora deve expirar em 3 de maio. a variante omicron. De acordo com o New York Times, a contagem m\u00e9dia de casos em sete dias nos EUA aumentou de cerca de 28.500 em 3 de abril para cerca de 32.800 na ter\u00e7a-feira.<\/p>\n<p><strong>Demanda por viagens fora do pico aumenta na recupera\u00e7\u00e3o p\u00f3s-pandemia<\/strong><\/p>\n<p>o <a href=\"https:\/\/skift.com\/2022\/04\/18\/demand-for-off-peak-travel-rises-in-post-pandemic-recovery\/\">retorno das viagens p\u00f3s-pandemia tem sido t\u00e3o robusto que companhias a\u00e9reas e hot\u00e9is est\u00e3o vendendo mais assentos<\/a> e mais quartos para hor\u00e1rios antes designados como &quot;fora de pico&quot;. Como resultado, os pre\u00e7os fora do pico mostraram ganhos, o que pode sobrecarregar os viajantes e beneficiar companhias a\u00e9reas e hot\u00e9is, mesmo que as viagens de neg\u00f3cios historicamente mais lucrativas ainda n\u00e3o tenham se recuperado totalmente para os n\u00edveis de 2019.<\/p>\n<p><strong>Tribunal da UE amplia aplica\u00e7\u00e3o da lei de compensa\u00e7\u00e3o por atraso de voo<\/strong><\/p>\n<p>O Tribunal de Justi\u00e7a do <a href=\"https:\/\/www.businesstravelnewseurope.com\/Air-Travel\/EU-court-broadens-application-of-flight-delay-compensation-law\">Uni\u00e3o Europeia alargou a aplica\u00e7\u00e3o dos direitos dos passageiros das companhias a\u00e9reas a reclamar indemniza\u00e7\u00f5es por atrasos e cancelamentos<\/a> de companhias a\u00e9reas sediadas fora da UE. O regulamento, conhecido como EU 261, se aplica a interrup\u00e7\u00f5es causadas por problemas t\u00e9cnicos causados pela companhia a\u00e9rea, mas n\u00e3o a interrup\u00e7\u00f5es fora do controle da transportadora, como condi\u00e7\u00f5es clim\u00e1ticas extremas ou dist\u00farbios civis. A aplica\u00e7\u00e3o anterior do regulamento cobria todos os voos com origem e\/ou termina\u00e7\u00e3o na UE, mas aplicava-se apenas a voos operados por uma companhia a\u00e9rea sediada na UE. A nova decis\u00e3o ajusta esses par\u00e2metros, ampliando-os para qualquer companhia a\u00e9rea que \u201copere a totalidade do voo\u201d em nome de uma companhia a\u00e9rea da UE quando essa transportadora decolar ou aterrissar na UE. Isso inclui todas as conex\u00f5es feitas como parte de uma \u00fanica reserva.<\/p>\n<p><strong>LATAM se compromete a usar SAF para impulsionar voos<\/strong><\/p>\n<p>companhia a\u00e9rea sul-americana <a href=\"https:\/\/www.businesstravelnewseurope.com\/Air-Travel\/LATAM-makes-pledge-on-using-SAF-to-power-flights\">LATAM espera come\u00e7ar a usar combust\u00edvel de avia\u00e7\u00e3o sustent\u00e1vel (SAF)<\/a> com a meta de utilizar 5% desse combust\u00edvel em suas opera\u00e7\u00f5es at\u00e9 2030. Roberto Alvo, CEO do LATAM Airlines Group, assumiu o compromisso de usar o SAF como parte das metas de sustentabilidade do grupo, que tamb\u00e9m incluem n\u00e3o enviar res\u00edduos para aterro at\u00e9 2027 e compensando metade de todas as emiss\u00f5es dom\u00e9sticas at\u00e9 2030.<\/p>\n<p>&nbsp;<\/p>\n<p><u>Not\u00edcias e lembretes GBTA:<\/u><\/p>\n<p><strong>Painel global para local sobre viagens de neg\u00f3cios<\/strong><\/p>\n<p>Com a desacelera\u00e7\u00e3o da crise do COVID, os pa\u00edses reduzindo os requisitos de entrada e as empresas retornando ao escrit\u00f3rio, o que isso significa para nossos modelos de neg\u00f3cios? Haver\u00e1 uma grande corrida para viajar, ou isso vai acontecer? Haver\u00e1 novas tend\u00eancias em como e por que as pessoas viajam, ou ser\u00e1 a mesma coisa? Junte-se ao nosso painel de especialistas locais do PSBTA em <strong>19 de abril<sup>\u00ba<\/sup><\/strong> enquanto falamos sobre a nova cara das viagens de neg\u00f3cios. <a href=\"https:\/\/gbta.org\/pt\/calendar\/all-events\/eventid\/1361\/e\/global-to-local-panel-on-business-travel-19-apr-2022\/\">Clique aqui<\/a> aprender mais.<\/p>\n<p><strong>I got your back: a import\u00e2ncia de mentores e patrocinadores \u2013 mulheres na tecnologia<\/strong><\/p>\n<p>Sobre <strong>20 de abril<sup>\u00ba<\/sup><\/strong> discutiremos as diferen\u00e7as entre mentores e patrocinadores e como encontrar a pessoa certa para apoi\u00e1-lo em sua jornada de carreira e o que significa continuar a ter o apoio de outras mulheres enquanto elas alcan\u00e7am cargos seniores. <a href=\"https:\/\/gbta.org\/pt\/calendar\/all-events\/eventid\/1360\/e\/i-got-your-back-the-importance-of-mentors-and-sponsors-women-in-technology-20-apr-2022\/\">Clique aqui<\/a> registrar.<\/p>\n<p>&nbsp;<\/p>","protected":false},"excerpt":{"rendered":"<p>No Check-In desta semana, Suzanne Neufang, CEO da GBTA, est\u00e1 filmando de Las Vegas onde reflete sobre o setor de reuni\u00f5es e eventos e como sua recupera\u00e7\u00e3o \u00e9 uma parte t\u00e3o importante da ind\u00fastria de viagens de neg\u00f3cios. Um n\u00e3o existe sem o outro. Ela tamb\u00e9m compartilha a programa\u00e7\u00e3o de eventos GBTA presenciais para os pr\u00f3ximos meses,\u2026<\/p>","protected":false},"author":25,"featured_media":0,"comment_status":"open","ping_status":"open","sticky":false,"template":"","format":"standard","meta":{"_acf_changed":false,"_seopress_robots_primary_cat":"none","_seopress_titles_title":"","_seopress_titles_desc":"","_seopress_robots_index":"","om_disable_all_campaigns":false,"_relevanssi_hide_post":"","_relevanssi_hide_content":"","_relevanssi_pin_for_all":"","_relevanssi_pin_keywords":"","_relevanssi_unpin_keywords":"","_relevanssi_related_keywords":"","_relevanssi_related_include_ids":"","_relevanssi_related_exclude_ids":"","_relevanssi_related_no_append":"","_relevanssi_related_not_related":"","_relevanssi_related_posts":"2477,1439,2017,1620,1171,2480","_relevanssi_noindex_reason":"","_kad_blocks_custom_css":"","_kad_blocks_head_custom_js":"","_kad_blocks_body_custom_js":"","_kad_blocks_footer_custom_js":"","_kad_post_transparent":"","_kad_post_title":"","_kad_post_layout":"","_kad_post_sidebar_id":"","_kad_post_content_style":"","_kad_post_vertical_padding":"","_kad_post_feature":"","_kad_post_feature_position":"","_kad_post_header":false,"_kad_post_footer":false,"footnotes":"","_links_to":"","_links_to_target":""},"categories":[105,106,1152,37,280],"tags":[1450],"class_list":["post-2682","post","type-post","status-publish","format-standard","hentry","category-europe-and-uk","category-latin-america","category-meetings-and-events","category-research-and-travel-trends","category-sustainability","tag-check-in-with-suzanne"],"acf":[],"featured_image_src_large":false,"author_info":{"display_name":"jcampbell","author_link":"https:\/\/gbta.org\/pt\/author\/jcampbell\/"},"comment_info":"","category_info":[{"term_id":105,"name":"Europe and UK","slug":"europe-and-uk","term_group":0,"term_taxonomy_id":105,"taxonomy":"category","description":"","parent":0,"count":152,"filter":"raw","cat_ID":105,"category_count":152,"category_description":"","cat_name":"Europe and UK","category_nicename":"europe-and-uk","category_parent":0},{"term_id":106,"name":"Latin America","slug":"latin-america","term_group":0,"term_taxonomy_id":106,"taxonomy":"category","description":"","parent":0,"count":54,"filter":"raw","cat_ID":106,"category_count":54,"category_description":"","cat_name":"Latin America","category_nicename":"latin-america","category_parent":0},{"term_id":1152,"name":"Meetings and Events","slug":"meetings-and-events","term_group":0,"term_taxonomy_id":1152,"taxonomy":"category","description":"","parent":0,"count":56,"filter":"raw","cat_ID":1152,"category_count":56,"category_description":"","cat_name":"Meetings and Events","category_nicename":"meetings-and-events","category_parent":0},{"term_id":37,"name":"Research and Travel Trends","slug":"research-and-travel-trends","term_group":0,"term_taxonomy_id":37,"taxonomy":"category","description":"","parent":0,"count":966,"filter":"raw","cat_ID":37,"category_count":966,"category_description":"","cat_name":"Research and Travel Trends","category_nicename":"research-and-travel-trends","category_parent":0},{"term_id":280,"name":"Sustainability","slug":"sustainability","term_group":0,"term_taxonomy_id":280,"taxonomy":"category","description":"","parent":0,"count":130,"filter":"raw","cat_ID":280,"category_count":130,"category_description":"","cat_name":"Sustainability","category_nicename":"sustainability","category_parent":0}],"tag_info":[{"term_id":1450,"name":"Check-in with Suzanne","slug":"check-in-with-suzanne","term_group":0,"term_taxonomy_id":1450,"taxonomy":"post_tag","description":"","parent":0,"count":47,"filter":"raw"}],"taxonomy_info":{"category":[{"value":105,"label":"Europe and UK"},{"value":106,"label":"Latin America"},{"value":1152,"label":"Meetings and Events"},{"value":37,"label":"Research and Travel Trends"},{"value":280,"label":"Sustainability"}],"post_tag":[{"value":1450,"label":"Check-in with Suzanne"}]},"featured_image_src":null,"featured_image_src_square":null,"mfb_rest_fields":["featured_image_src_large","author_info","comment_info","category_info","tag_info","taxonomy_info","featured_image_src","featured_image_src_square"],"_links":{"self":[{"href":"https:\/\/gbta.org\/pt\/wp-json\/wp\/v2\/posts\/2682","targetHints":{"allow":["GET"]}}],"collection":[{"href":"https:\/\/gbta.org\/pt\/wp-json\/wp\/v2\/posts"}],"about":[{"href":"https:\/\/gbta.org\/pt\/wp-json\/wp\/v2\/types\/post"}],"author":[{"embeddable":true,"href":"https:\/\/gbta.org\/pt\/wp-json\/wp\/v2\/users\/25"}],"replies":[{"embeddable":true,"href":"https:\/\/gbta.org\/pt\/wp-json\/wp\/v2\/comments?post=2682"}],"version-history":[{"count":0,"href":"https:\/\/gbta.org\/pt\/wp-json\/wp\/v2\/posts\/2682\/revisions"}],"wp:attachment":[{"href":"https:\/\/gbta.org\/pt\/wp-json\/wp\/v2\/media?parent=2682"}],"wp:term":[{"taxonomy":"category","embeddable":true,"href":"https:\/\/gbta.org\/pt\/wp-json\/wp\/v2\/categories?post=2682"},{"taxonomy":"post_tag","embeddable":true,"href":"https:\/\/gbta.org\/pt\/wp-json\/wp\/v2\/tags?post=2682"}],"curies":[{"name":"wp","href":"https:\/\/api.w.org\/{rel}","templated":true}]}}