{"id":2683,"date":"2022-04-21T10:01:00","date_gmt":"2022-04-21T14:01:00","guid":{"rendered":"https:\/\/gbta.org\/global-business-travel-recovery-sees-double-digit-surge-since-february\/"},"modified":"2022-09-28T15:26:27","modified_gmt":"2022-09-28T19:26:27","slug":"global-business-travel-recovery-sees-double-digit-surge-since-february","status":"publish","type":"post","link":"https:\/\/gbta.org\/pt\/global-business-travel-recovery-sees-double-digit-surge-since-february\/","title":{"rendered":"Recupera\u00e7\u00e3o de viagens de neg\u00f3cios globais v\u00ea aumento de dois d\u00edgitos desde fevereiro"},"content":{"rendered":"<p><b><span data-contrast=\"none\">Alexandria, VA <\/span><\/b><span data-contrast=\"none\">&nbsp;\u2013 As viagens de neg\u00f3cios est\u00e3o avan\u00e7ando, as viagens internacionais est\u00e3o retornando e, apesar dos novos desafios, a recupera\u00e7\u00e3o do setor est\u00e1 consolidada. Al\u00e9m disso, as pol\u00edticas de viagens corporativas est\u00e3o passando por uma reformula\u00e7\u00e3o e os funcion\u00e1rios est\u00e3o amplamente dispostos a viajar a neg\u00f3cios. Esses achados s\u00e3o da <\/span><span data-contrast=\"auto\">Pesquisa de recupera\u00e7\u00e3o de viagens de neg\u00f3cios de abril<\/span><span data-contrast=\"none\">, o mais recente e 27<\/span><span data-contrast=\"none\">\u00ba<\/span><span data-contrast=\"none\"> em uma s\u00e9rie <\/span><span data-contrast=\"none\">de<\/span><span data-contrast=\"none\"> Associa\u00e7\u00e3o Global de Viagens de Neg\u00f3cios (<\/span><a href=\"http:\/\/www.gtba.org\/\"><span data-contrast=\"none\">GBTA<\/span><\/a><span data-contrast=\"none\">), a principal associa\u00e7\u00e3o do mundo que atende a ind\u00fastria de viagens de neg\u00f3cios.&nbsp;<\/span><span data-ccp-props=\"{&quot;134233279&quot;:true,&quot;201341983&quot;:2,&quot;335559739&quot;:160,&quot;335559740&quot;:23}\">&nbsp;<\/span><\/p>\n<p><span data-contrast=\"none\">A GBTA pesquisa regularmente compradores, fornecedores e outras partes interessadas de viagens de neg\u00f3cios em todo o mundo desde que a pandemia come\u00e7ou a tomar o pulso do setor \u00e0 medida que enfrenta desafios e mudan\u00e7as no caminho da recupera\u00e7\u00e3o.&nbsp;<\/span><span data-ccp-props=\"{&quot;134233279&quot;:true,&quot;201341983&quot;:2,&quot;335559739&quot;:160,&quot;335559740&quot;:23}\">&nbsp;<\/span><\/p>\n<p><span data-contrast=\"none\">\u201cEstamos vendo ganhos significativos no retorno das viagens de neg\u00f3cios, especialmente nos \u00faltimos dois meses. Os dados globais da GBTA mostram que mais empresas est\u00e3o permitindo<\/span> <span data-contrast=\"none\">e agora tamb\u00e9m viagens internacionais de funcion\u00e1rios. Os n\u00edveis de reservas e gastos com viagens continuam a retornar, e h\u00e1 altos n\u00edveis de otimismo e disposi\u00e7\u00e3o dos funcion\u00e1rios para viajar a neg\u00f3cios. Isso ocorre mesmo quando a ind\u00fastria enfrenta desafios al\u00e9m do COVID-19, incluindo aumento dos pre\u00e7os dos combust\u00edveis, infla\u00e7\u00e3o, interrup\u00e7\u00e3o da cadeia de suprimentos e guerra na Ucr\u00e2nia\u201d, disse Suzanne Neufang, CEO da GBTA.&nbsp;<\/span><span data-ccp-props=\"{&quot;134233279&quot;:true,&quot;201341983&quot;:2,&quot;335559739&quot;:160,&quot;335559740&quot;:23}\">&nbsp;<\/span><\/p>\n<p><span data-contrast=\"none\">Aqui est\u00e3o os resultados do GBTA Business Travel R de abril<\/span><span data-contrast=\"auto\">economia <\/span><a href=\"https:\/\/gbta.org\/pt\/Portals\/0\/Documents\/poll\/Apr22\/Business Travel Recovery Poll Results Deck - April 21 2022.pdf\/?ver=BNpOz5npvwFvC6cXIk4KgA==\"><span data-contrast=\"none\">vota\u00e7\u00e3o<\/span><\/a><span data-contrast=\"none\">:<\/span><span data-ccp-props=\"{&quot;134233279&quot;:true,&quot;201341983&quot;:2,&quot;335559739&quot;:160,&quot;335559740&quot;:23}\">&nbsp;<\/span><\/p>\n<ul>\n<li data-leveltext=\"\uf0b7\" data-font=\"Symbol\" data-listid=\"48\" data-aria-posinset=\"1\" data-aria-level=\"1\"><b><span data-contrast=\"none\">AUMENTOS DE DOIS D\u00cdGITOS, SALTOS EM VIAGENS INTERNACIONAIS.<\/span><\/b><span data-contrast=\"none\"> As empresas que relatam que pelo menos \u00e0s vezes permitem n<\/span><span data-contrast=\"auto\">viagens de neg\u00f3cios dom\u00e9sticas essenciais aumentaram para 86%, acima de 73% na pesquisa de fevereiro da GBTA. As viagens internacionais deram um grande salto com o 74% relatando que sua empresa agora permite, um aumento de 26 pontos percentuais em rela\u00e7\u00e3o a fevereiro.<\/span><span data-ccp-props=\"{&quot;201341983&quot;:2,&quot;335559739&quot;:160,&quot;335559740&quot;:23}\">&nbsp;<\/span><\/li>\n<\/ul>\n<ul>\n<li data-leveltext=\"\uf0b7\" data-font=\"Symbol\" data-listid=\"48\" data-aria-posinset=\"2\" data-aria-level=\"1\"><b><span data-contrast=\"auto\">MENOS CANCELAMENTOS, MAIS VIAGENS.<\/span><\/b><span data-contrast=\"auto\"> As empresas continuam a retomar as viagens internacionais de neg\u00f3cios, com apenas 45% dizendo que cancelaram ou suspenderam a maioria ou todas as viagens internacionais de neg\u00f3cios, 27 pontos a menos que o 71% em fevereiro. Al\u00e9m disso, apenas um em cada cinco entrevistados (20%) informa que cancelou ou suspendeu a maioria ou todas as viagens dom\u00e9sticas de neg\u00f3cios, em compara\u00e7\u00e3o com o 33% em fevereiro.&nbsp;<\/span><span data-ccp-props=\"{&quot;201341983&quot;:0,&quot;335559739&quot;:160,&quot;335559740&quot;:259}\">&nbsp;<\/span><\/li>\n<\/ul>\n<p><span data-contrast=\"auto\">Das empresas que anteriormente cancelaram ou suspenderam a maioria ou todas as viagens para uma regi\u00e3o\/pa\u00eds espec\u00edfico, 75% planejam retomar as viagens dom\u00e9sticas e 52% as viagens internacionais nos pr\u00f3ximos um a tr\u00eas meses.<\/span><span data-ccp-props=\"{&quot;201341983&quot;:0,&quot;335559685&quot;:720,&quot;335559739&quot;:160,&quot;335559740&quot;:259}\">&nbsp;<\/span><\/p>\n<ul>\n<li data-leveltext=\"\uf0b7\" data-font=\"Symbol\" data-listid=\"48\" data-aria-posinset=\"1\" data-aria-level=\"1\"><b><span data-contrast=\"auto\">RETORNO DE RESERVAS DE VIAGEM CORPORATIVA.<\/span><\/b><span data-contrast=\"auto\"> A maioria (88%) de fornecedores e empresas de gerenciamento de viagens (TMCs) relatam que suas reservas aumentaram no m\u00eas anterior. Isso \u00e9 muito maior do que a parcela que disse o mesmo em fevereiro (45%). Em m\u00e9dia, os compradores de viagens dizem que as reservas de viagens de sua empresa est\u00e3o atualmente em 56% do n\u00edvel pr\u00e9-pandemia, um aumento de 22 pontos em rela\u00e7\u00e3o a fevereiro.<\/span><span data-ccp-props=\"{&quot;201341983&quot;:0,&quot;335559739&quot;:160,&quot;335559740&quot;:259}\">&nbsp;<\/span><\/li>\n<\/ul>\n<ul>\n<li data-leveltext=\"\uf0b7\" data-font=\"Symbol\" data-listid=\"49\" data-aria-posinset=\"2\" data-aria-level=\"1\"><b><span data-contrast=\"auto\">PREVIS\u00c3O DE RECUPERA\u00c7\u00c3O DE DESPESAS. <\/span><\/b><span data-contrast=\"auto\">Quando solicitados a caracterizar os gastos de sua empresa em viagens de neg\u00f3cios em compara\u00e7\u00e3o com 2019, em m\u00e9dia, os entrevistados esperam que sua empresa volte a 59% de seus gastos pr\u00e9-pandemia at\u00e9 o final de 2022 e atinja 79% at\u00e9 o final de 2023.<\/span><span data-ccp-props=\"{&quot;201341983&quot;:0,&quot;335559739&quot;:160,&quot;335559740&quot;:259}\">&nbsp;<\/span><\/li>\n<\/ul>\n<ul>\n<li data-leveltext=\"\uf0b7\" data-font=\"Symbol\" data-listid=\"47\" data-aria-posinset=\"1\" data-aria-level=\"1\"><b><span data-contrast=\"auto\">DE VOLTA AO ESCRIT\u00d3RIO, DE VOLTA \u00c0 ESTRADA. <\/span><\/b><span data-contrast=\"auto\">Quatro em cada dez (41%) partes interessadas do GBTA dizem que o retorno de sua empresa ao escrit\u00f3rio est\u00e1 diretamente relacionado ao retorno \u00e0s viagens de neg\u00f3cios. Mais da metade (55%) dos entrevistados dizem que sua empresa implementou uma pol\u00edtica permanente de back-to-office. Um quarto (23%) relata que seus funcion\u00e1rios estar\u00e3o em tempo integral no escrit\u00f3rio e mais da metade (52%) ser\u00e1 h\u00edbrido com dias de trabalho passados entre o escrit\u00f3rio e a casa. Mais de dois anos ap\u00f3s a pandemia, a 26% relata que sua empresa ainda n\u00e3o anunciou uma pol\u00edtica permanente. Um adicional em cada dez (12%) diz que os funcion\u00e1rios ter\u00e3o a op\u00e7\u00e3o de retornar ao escrit\u00f3rio ou n\u00e3o.&nbsp;<\/span><span data-ccp-props=\"{&quot;201341983&quot;:0,&quot;335559739&quot;:160,&quot;335559740&quot;:259}\">&nbsp;<\/span><\/li>\n<\/ul>\n<ul>\n<li data-leveltext=\"\uf0b7\" data-font=\"Symbol\" data-listid=\"46\" data-aria-posinset=\"2\" data-aria-level=\"1\"><b><span data-contrast=\"auto\">DISPONIBILIDADE DE VIAGEM DO FUNCION\u00c1RIO SUBIDA.<\/span><\/b><span data-contrast=\"auto\"> Nove em cada dez (94%) compradores de GBTA e profissionais de compras sentem que seus funcion\u00e1rios est\u00e3o \u201cdispostos\u201d ou \u201cmuito dispostos\u201d a viajar a neg\u00f3cios no ambiente atual, acima do 82% na pesquisa de fevereiro. Nenhum entrevistado em qualquer regi\u00e3o do mundo sente que seus funcion\u00e1rios n\u00e3o est\u00e3o dispostos a viajar a neg\u00f3cios no ambiente atual.&nbsp;<\/span><span data-ccp-props=\"{&quot;201341983&quot;:0,&quot;335559739&quot;:160,&quot;335559740&quot;:259}\">&nbsp;<\/span><\/li>\n<\/ul>\n<ul>\n<li data-leveltext=\"\uf0b7\" data-font=\"Symbol\" data-listid=\"46\" data-aria-posinset=\"1\" data-aria-level=\"1\"><b><span data-contrast=\"auto\">POL\u00cdTICAS QUE MUDAM COM OS TEMPOS<\/span><\/b><span data-contrast=\"auto\">. A pandemia for\u00e7ou muitas empresas a repensar seu programa de viagens de neg\u00f3cios. A maioria (80%) dos gerentes de viagens relata que a pandemia impulsionou mudan\u00e7as nas pol\u00edticas de viagens de sua empresa em alguma capacidade, incluindo:<\/span>\n<ul>\n<li data-leveltext=\"\uf0b7\" data-font=\"Symbol\" data-listid=\"46\" data-aria-posinset=\"1\" data-aria-level=\"1\"><span data-ccp-props=\"{&quot;201341983&quot;:0,&quot;335559739&quot;:160,&quot;335559740&quot;:259}\">&nbsp;<\/span><span data-contrast=\"auto\">Menos viagens de neg\u00f3cios em geral: 39%<\/span><span data-ccp-props=\"{&quot;201341983&quot;:0,&quot;335559739&quot;:160,&quot;335559740&quot;:259}\">&nbsp;<\/span><\/li>\n<\/ul>\n<ul>\n<li data-leveltext=\"o\" data-font=\"Courier New\" data-listid=\"46\" data-aria-posinset=\"2\" data-aria-level=\"2\"><span data-contrast=\"auto\">Os funcion\u00e1rios fazem menos viagens de neg\u00f3cios, mas com mais metas atribu\u00eddas a cada viagem: 37%<\/span><span data-ccp-props=\"{&quot;201341983&quot;:0,&quot;335559739&quot;:160,&quot;335559740&quot;:259}\">&nbsp;<\/span><\/li>\n<li data-leveltext=\"o\" data-font=\"Courier New\" data-listid=\"46\" data-aria-posinset=\"3\" data-aria-level=\"2\"><span data-contrast=\"auto\">Mais requisitos de aprova\u00e7\u00e3o de viagem: 24%<\/span><span data-ccp-props=\"{&quot;201341983&quot;:0,&quot;335559739&quot;:160,&quot;335559740&quot;:259}\">&nbsp;<\/span><\/li>\n<li data-leveltext=\"o\" data-font=\"Courier New\" data-listid=\"46\" data-aria-posinset=\"4\" data-aria-level=\"2\"><span data-contrast=\"auto\">Uma reavalia\u00e7\u00e3o de como os funcion\u00e1rios viajam a neg\u00f3cios (ou seja, considera\u00e7\u00f5es de seguran\u00e7a, tipos de transporte, estadias sustent\u00e1veis em hot\u00e9is, etc.): 23%<\/span><span data-ccp-props=\"{&quot;201341983&quot;:0,&quot;335559739&quot;:160,&quot;335559740&quot;:259}\">&nbsp;<\/span><\/li>\n<\/ul>\n<\/li>\n<\/ul>\n<ul>\n<li data-leveltext=\"\uf0b7\" data-font=\"Symbol\" data-listid=\"47\" data-aria-posinset=\"1\" data-aria-level=\"1\"><b><span data-contrast=\"auto\">IMPACTO DA INFLA\u00c7\u00c3O.<\/span><\/b><span data-contrast=\"auto\"> Muitas empresas est\u00e3o aumentando seus gastos com viagens de neg\u00f3cios devido \u00e0 infla\u00e7\u00e3o. Quarenta e um por cento relatam que aumentaram os gastos com viagens de funcion\u00e1rios para viagens a\u00e9reas, 34% para estadias em hot\u00e9is, 33% para aluguel de carros e 26% para viagens compartilhadas e t\u00e1xis.&nbsp;<\/span><span data-ccp-props=\"{&quot;201341983&quot;:0,&quot;335559739&quot;:160,&quot;335559740&quot;:259}\">&nbsp;<\/span><\/li>\n<\/ul>\n<ul>\n<li data-leveltext=\"\uf0b7\" data-font=\"Symbol\" data-listid=\"47\" data-aria-posinset=\"2\" data-aria-level=\"1\"><b><span data-contrast=\"auto\">FATORING EM VIAGENS SUSTENT\u00c1VEIS.<\/span><\/b><span data-contrast=\"auto\"> Os gerentes de viagens corporativas reconhecem que a sustentabilidade afetar\u00e1 seu programa de viagens. As expectativas mais citadas incluem menos viagens por funcion\u00e1rio em geral (54%) e viagens de neg\u00f3cios mais longas e multifuncionais (43%) e mais op\u00e7\u00f5es ferrovi\u00e1rias e multimodais (34%). No entanto, a maioria dos compradores de viagens (61%) n\u00e3o espera que sua empresa restrinja a frequ\u00eancia de voos na classe executiva. <\/span><span data-contrast=\"auto\">Os compradores europeus (71%) s\u00e3o significativamente mais propensos do que seus colegas da Am\u00e9rica do Norte (47%) a dizer que seus planos provavelmente incluir\u00e3o menos viagens por funcion\u00e1rio, e s\u00e3o mais propensos (59%) do que os compradores norte-americanos (36%) a dizer que as considera\u00e7\u00f5es de sustentabilidade incluir\u00e3o viagens mais longas.<\/span><span data-ccp-props=\"{&quot;201341983&quot;:0,&quot;335559739&quot;:160,&quot;335559740&quot;:259}\">&nbsp;<\/span><\/li>\n<\/ul>\n<ul>\n<li data-leveltext=\"\uf0b7\" data-font=\"Symbol\" data-listid=\"46\" data-aria-posinset=\"1\" data-aria-level=\"1\"><b><span data-contrast=\"auto\">RECUPERANDO O TALENTO PARA VIAJAR.<\/span><\/b><span data-contrast=\"auto\"> \u00c0 medida que os funcion\u00e1rios retornam \u00e0s viagens de neg\u00f3cios, muitos enfrentam obst\u00e1culos ao voltar ao ar e \u00e0 estrada. As partes interessadas do GBTA geralmente relatam que eles e\/ou seus colegas experimentaram confus\u00e3o sobre restri\u00e7\u00f5es de viagem\/documenta\u00e7\u00e3o de viagem (63%), est\u00e3o mais ansiosos ou estressados com viagens de neg\u00f3cios (45%) ou tiveram desafios ao navegar em aeroportos e regras de seguran\u00e7a (36%).<\/span><span data-ccp-props=\"{&quot;201341983&quot;:0,&quot;335559739&quot;:160,&quot;335559740&quot;:259}\">&nbsp;<\/span><\/li>\n<\/ul>\n<ul>\n<li data-leveltext=\"\uf0b7\" data-font=\"Symbol\" data-listid=\"46\" data-aria-posinset=\"2\" data-aria-level=\"1\"><b><span data-contrast=\"auto\">M\u00c1SCARAS EM AVI\u00d5ES: QUEM DEVE DECIDIR.<\/span><\/b><span data-contrast=\"auto\"> O sentimento global em torno dos mandatos de m\u00e1scara em avi\u00f5es comerciais varia. Duas em cada cinco partes interessadas do GBTA (41%) dizem que os governos devem exigir que os passageiros usem m\u00e1scaras nos avi\u00f5es, enquanto um ter\u00e7o (32%) acha que cada companhia a\u00e9rea deve poder decidir se os passageiros devem usar m\u00e1scaras. Um em cada cinco (20%) acha que os governos deveriam proibir a obrigatoriedade de uso de m\u00e1scaras (ou seja, permitir que os passageiros voem em qualquer companhia a\u00e9rea sem m\u00e1scaras).&nbsp;&nbsp;<\/span><span data-ccp-props=\"{&quot;201341983&quot;:0,&quot;335559739&quot;:160,&quot;335559740&quot;:259}\">&nbsp;<\/span><\/li>\n<\/ul>\n<p><b><span data-contrast=\"auto\">Metodologia<\/span><\/b><span data-contrast=\"auto\">:<\/span><span data-ccp-props=\"{&quot;134233279&quot;:true,&quot;201341983&quot;:2,&quot;335559739&quot;:160,&quot;335559740&quot;:23}\">&nbsp;<\/span><\/p>\n<p><span data-contrast=\"auto\">A GBTA realizou esta pesquisa entre seus membros e outros profissionais do setor de viagens de neg\u00f3cios, incluindo compradores e fornecedores de viagens em todo o mundo, de 4 a 13 de abril de 2022. A<\/span> <span data-contrast=\"auto\">foram recebidas 520 respostas.<\/span><span data-ccp-props=\"{&quot;134233279&quot;:true,&quot;201341983&quot;:2,&quot;335559739&quot;:160,&quot;335559740&quot;:23}\">&nbsp;<\/span><\/p>\n<p><span data-contrast=\"auto\">V<\/span><span data-contrast=\"none\">veja o completo <\/span><span data-contrast=\"auto\">GBTA de abril <\/span><a href=\"https:\/\/gbta.org\/pt\/Portals\/0\/Documents\/poll\/Apr22\/27 Poll Results 4-21-22.pdf\/?ver=8BpZ4KYNX9HcuGMBO3KbrA==\"><span data-contrast=\"none\">resultados da enquete<\/span><\/a><span data-contrast=\"none\"> e <\/span><a href=\"https:\/\/gbta.org\/pt\/Portals\/0\/Documents\/poll\/Apr22\/Business Travel Recovery Poll Results Deck - April 21 2022.pdf\/?ver=BNpOz5npvwFvC6cXIk4KgA==\"><span data-contrast=\"none\">principais destaques<\/span><\/a><span data-contrast=\"auto\">, assim como o <\/span><a href=\"https:\/\/gbta.org\/pt\/research-tools\/covid-19-member-polls\/\"><span data-contrast=\"none\">s\u00e9rie completa<\/span><\/a><span data-contrast=\"auto\"> das pesquisas de recupera\u00e7\u00e3o de viagens de neg\u00f3cios GBTA.<\/span><span data-contrast=\"auto\">\u202f\u202f<\/span><span data-ccp-props=\"{&quot;134233279&quot;:true,&quot;201341983&quot;:2,&quot;335559739&quot;:120,&quot;335559740&quot;:23}\">&nbsp;<\/span><\/p>","protected":false},"excerpt":{"rendered":"<p>Alexandria, VA \u2013 As viagens de neg\u00f3cios est\u00e3o avan\u00e7ando, as viagens internacionais est\u00e3o retornando e, apesar dos novos desafios, a recupera\u00e7\u00e3o do setor est\u00e1 consolidada. Al\u00e9m disso, as pol\u00edticas de viagens corporativas est\u00e3o passando por uma reformula\u00e7\u00e3o e os funcion\u00e1rios est\u00e3o amplamente dispostos a viajar a neg\u00f3cios. Essas descobertas s\u00e3o da Pesquisa de Recupera\u00e7\u00e3o de Viagens de Neg\u00f3cios de abril, a mais recente e a 27\u00aa de uma s\u00e9rie\u2026<\/p>","protected":false},"author":25,"featured_media":0,"comment_status":"open","ping_status":"open","sticky":false,"template":"","format":"standard","meta":{"_acf_changed":false,"_seopress_robots_primary_cat":"none","_seopress_titles_title":"","_seopress_titles_desc":"","_seopress_robots_index":"","om_disable_all_campaigns":false,"_relevanssi_hide_post":"","_relevanssi_hide_content":"","_relevanssi_pin_for_all":"","_relevanssi_pin_keywords":"","_relevanssi_unpin_keywords":"","_relevanssi_related_keywords":"","_relevanssi_related_include_ids":"","_relevanssi_related_exclude_ids":"","_relevanssi_related_no_append":"","_relevanssi_related_not_related":"","_relevanssi_related_posts":"1813,1894,5843,2621,1797,1817","_relevanssi_noindex_reason":"","_kad_blocks_custom_css":"","_kad_blocks_head_custom_js":"","_kad_blocks_body_custom_js":"","_kad_blocks_footer_custom_js":"","_kad_post_transparent":"","_kad_post_title":"","_kad_post_layout":"","_kad_post_sidebar_id":"","_kad_post_content_style":"","_kad_post_vertical_padding":"","_kad_post_feature":"","_kad_post_feature_position":"","_kad_post_header":false,"_kad_post_footer":false,"footnotes":"","_links_to":"","_links_to_target":""},"categories":[45,37,280],"tags":[],"class_list":["post-2683","post","type-post","status-publish","format-standard","hentry","category-news-and-press-releases","category-research-and-travel-trends","category-sustainability"],"acf":[],"featured_image_src_large":false,"author_info":{"display_name":"jcampbell","author_link":"https:\/\/gbta.org\/pt\/author\/jcampbell\/"},"comment_info":"","category_info":[{"term_id":45,"name":"News and Press Releases","slug":"news-and-press-releases","term_group":0,"term_taxonomy_id":45,"taxonomy":"category","description":"","parent":0,"count":540,"filter":"raw","cat_ID":45,"category_count":540,"category_description":"","cat_name":"News and Press Releases","category_nicename":"news-and-press-releases","category_parent":0},{"term_id":37,"name":"Research and Travel Trends","slug":"research-and-travel-trends","term_group":0,"term_taxonomy_id":37,"taxonomy":"category","description":"","parent":0,"count":966,"filter":"raw","cat_ID":37,"category_count":966,"category_description":"","cat_name":"Research and Travel Trends","category_nicename":"research-and-travel-trends","category_parent":0},{"term_id":280,"name":"Sustainability","slug":"sustainability","term_group":0,"term_taxonomy_id":280,"taxonomy":"category","description":"","parent":0,"count":130,"filter":"raw","cat_ID":280,"category_count":130,"category_description":"","cat_name":"Sustainability","category_nicename":"sustainability","category_parent":0}],"tag_info":false,"taxonomy_info":{"category":[{"value":45,"label":"News and Press Releases"},{"value":37,"label":"Research and Travel Trends"},{"value":280,"label":"Sustainability"}]},"featured_image_src":null,"featured_image_src_square":null,"mfb_rest_fields":["featured_image_src_large","author_info","comment_info","category_info","tag_info","taxonomy_info","featured_image_src","featured_image_src_square"],"_links":{"self":[{"href":"https:\/\/gbta.org\/pt\/wp-json\/wp\/v2\/posts\/2683","targetHints":{"allow":["GET"]}}],"collection":[{"href":"https:\/\/gbta.org\/pt\/wp-json\/wp\/v2\/posts"}],"about":[{"href":"https:\/\/gbta.org\/pt\/wp-json\/wp\/v2\/types\/post"}],"author":[{"embeddable":true,"href":"https:\/\/gbta.org\/pt\/wp-json\/wp\/v2\/users\/25"}],"replies":[{"embeddable":true,"href":"https:\/\/gbta.org\/pt\/wp-json\/wp\/v2\/comments?post=2683"}],"version-history":[{"count":0,"href":"https:\/\/gbta.org\/pt\/wp-json\/wp\/v2\/posts\/2683\/revisions"}],"wp:attachment":[{"href":"https:\/\/gbta.org\/pt\/wp-json\/wp\/v2\/media?parent=2683"}],"wp:term":[{"taxonomy":"category","embeddable":true,"href":"https:\/\/gbta.org\/pt\/wp-json\/wp\/v2\/categories?post=2683"},{"taxonomy":"post_tag","embeddable":true,"href":"https:\/\/gbta.org\/pt\/wp-json\/wp\/v2\/tags?post=2683"}],"curies":[{"name":"wp","href":"https:\/\/api.w.org\/{rel}","templated":true}]}}