{"id":2687,"date":"2022-05-03T10:01:00","date_gmt":"2022-05-03T14:01:00","guid":{"rendered":"https:\/\/gbta.org\/check-in-with-suzanne-58\/"},"modified":"2022-09-28T15:21:15","modified_gmt":"2022-09-28T19:21:15","slug":"check-in-with-suzanne-58","status":"publish","type":"post","link":"https:\/\/gbta.org\/pt\/check-in-with-suzanne-58\/","title":{"rendered":"Check-in com Suzanne"},"content":{"rendered":"<p><span data-contrast=\"none\">Estou em Toronto para o <\/span><a href=\"https:\/\/canadaconference.gbta.org\/\"><span data-contrast=\"none\">Confer\u00eancia GBTA Canad\u00e1<\/span><\/a><span data-contrast=\"none\"> onde nos \u00faltimos dois dias, cerca de 600 <\/span><span data-contrast=\"auto\">L\u00edderes canadenses, profissionais e partes interessadas do setor est\u00e3o reunidos para discutir o futuro das viagens de neg\u00f3cios na regi\u00e3o.&nbsp;<\/span><span data-ccp-props=\"{&quot;201341983&quot;:0,&quot;335559685&quot;:360,&quot;335559739&quot;:160,&quot;335559740&quot;:259}\">&nbsp;<\/span><\/p>\n<p><span data-ccp-props=\"{&quot;201341983&quot;:0,&quot;335559685&quot;:360,&quot;335559739&quot;:160,&quot;335559740&quot;:259}\">&nbsp;<\/span><\/p>\n<p><span data-contrast=\"auto\">Entre os t\u00f3picos oportunos \u2013 e que ocupam o primeiro lugar no evento pela primeira vez \u2013 est\u00e1 chegar a um futuro mais verde para nossa ind\u00fastria. Trabalhar em conjunto ser\u00e1 fundamental e hoje estamos mais um passo mais perto como GBTA Canad\u00e1 <\/span><a href=\"https:\/\/gbta.org\/pt\/blog\/gbta-advances-commitment-to-sustainable-business-travel-in-canada\/\"><span data-contrast=\"none\">anunciado<\/span><\/a><span data-contrast=\"auto\"> uma parceria com o Conselho Canadense de Combust\u00edveis de Avia\u00e7\u00e3o Sustent\u00e1veis (C-SAF) para avan\u00e7ar o SAF no Canad\u00e1.<\/span><span data-ccp-props=\"{&quot;201341983&quot;:0,&quot;335559685&quot;:360,&quot;335559739&quot;:160,&quot;335559740&quot;:259}\">&nbsp;<\/span><\/p>\n<p><span data-contrast=\"auto\">Falando em sustentabilidade, espero que voc\u00ea tenha tido a chance de dar uma olhada no relat\u00f3rio de refer\u00eancia da GBTA recentemente lan\u00e7ado, \u201cO Estado da Sustentabilidade no Setor Global de Viagens de Neg\u00f3cios\u201d. Com quase 1.000 visualiza\u00e7\u00f5es e 500 <\/span><a href=\"https:\/\/gbta.org\/pt\/the-state-of-sustainability\/\"><span data-contrast=\"none\">downloads gratuitos aqui<\/span><\/a><span data-contrast=\"auto\"> do relat\u00f3rio desde que lan\u00e7amos na semana passada, sei que muitos de voc\u00eas o fizeram. O estudo de benchmarking de 21 p\u00e1ginas fornece informa\u00e7\u00f5es detalhadas de centenas de profissionais globais de viagens de neg\u00f3cios em todo o mundo, mas tamb\u00e9m de partes interessadas externas, como formuladores de pol\u00edticas, grupos de reflex\u00e3o e ONGs. Trabalhar coletivamente ser\u00e1 fundamental para criar um futuro mais sustent\u00e1vel para as viagens de neg\u00f3cios.<\/span><span data-ccp-props=\"{&quot;201341983&quot;:0,&quot;335559685&quot;:360,&quot;335559739&quot;:160,&quot;335559740&quot;:259}\">&nbsp;<\/span><\/p>\n<p><span data-contrast=\"auto\">O relat\u00f3rio \u00e9 apenas um exemplo do que o GBTA \u00e9 capaz de trazer para a ind\u00fastria devido ao apoio de alguns parceiros muito importantes: o GBTA <\/span><a href=\"https:\/\/gbta.org\/pt\/sustainability\/\"><span data-contrast=\"none\">S\u00f3cios Fundadores em Sustentabilidade<\/span><\/a><span data-contrast=\"auto\">. Essas agora 18 empresas parceiras representam uma se\u00e7\u00e3o transversal de nossa ind\u00fastria. Somos gratos por seu compromisso e por intensificar a garantia de um esfor\u00e7o coletivo da ind\u00fastria por meio de seu apoio ao Programa de Sustentabilidade GBTA.<\/span><span data-contrast=\"none\"> Em qualquer jornada, chegar l\u00e1 juntos \u00e9 o que importa<\/span><span data-contrast=\"auto\">.&nbsp;<\/span><span data-ccp-props=\"{&quot;201341983&quot;:0,&quot;335559685&quot;:360,&quot;335559739&quot;:160,&quot;335559740&quot;:259}\">&nbsp;<\/span><\/p>\n<p><span data-contrast=\"auto\">Estar no Canad\u00e1 marca minha viagem para quatro pa\u00edses em duas semanas. E embora os voos cancelados agora pare\u00e7am fazer parte da experi\u00eancia regular dos guerreiros da estrada, eles ainda n\u00e3o se comparam \u00e0 apreens\u00e3o de precisar de um teste COVID recente e negativo para voltar para casa. As restri\u00e7\u00f5es de entrada nos EUA ainda est\u00e3o entre as mais assustadoras, ent\u00e3o o GBTA continua defendendo respostas pand\u00eamicas consistentes e pragm\u00e1ticas em todas as regi\u00f5es \u2013 especialmente para viajantes vacinados.<\/span><span data-ccp-props=\"{&quot;201341983&quot;:0,&quot;335559685&quot;:360,&quot;335559739&quot;:160,&quot;335559740&quot;:259}\">&nbsp;<\/span><\/p>\n<p><span data-ccp-props=\"{&quot;201341983&quot;:0,&quot;335559685&quot;:360,&quot;335559739&quot;:160,&quot;335559740&quot;:259}\">&nbsp;<\/span><\/p>\n<p><u>Novidades para saber:<\/u><\/p>\n<p><strong>Canad\u00e1 muda regras de fronteira COVID-19 para crian\u00e7as n\u00e3o vacinadas e parcialmente vacinadas<\/strong><\/p>\n<p><a href=\"https:\/\/globalnews.ca\/news\/8778158\/canada-covid-19-border-rule-changes-kids-5-11\/\">Crian\u00e7as n\u00e3o vacinadas e parcialmente vacinadas de cinco a 11 anos n\u00e3o precisar\u00e3o mais de um teste COVID-19<\/a> para entrar no Canad\u00e1. O governo federal disse na sexta-feira que a partir de 25 de abril \u00e0s 12h01 ET, crian\u00e7as nessa faixa et\u00e1ria acompanhadas por um pai, padrasto, guardi\u00e3o ou tutor totalmente vacinados n\u00e3o precisar\u00e3o mais preencher um teste COVID-19 pr\u00e9-entrada. No entanto, os testes de pr\u00e9-entrada ainda ser\u00e3o necess\u00e1rios para viajantes parcialmente vacinados ou n\u00e3o vacinados com 12 anos ou mais que atualmente s\u00e3o eleg\u00edveis para viajar para o Canad\u00e1.<\/p>\n<p><strong>As viagens de neg\u00f3cios est\u00e3o em alta, mas cuidado com os novos desafios, alerta chefe da Advantage<\/strong><\/p>\n<p><a href=\"https:\/\/www.businesstravelnewseurope.com\/Management\/Business-is-booming-but-beware-new-challenges-warns-Advantage-boss\">A demanda por viagens \u201caumentou\u201d, mas o setor enfrenta v\u00e1rios desafios<\/a> na sua jornada de recupera\u00e7\u00e3o, alertou Julia Lo Bue-Said, CEO da Advantage Travel Partnership na confer\u00eancia da organiza\u00e7\u00e3o na Madeira. Al\u00e9m disso, ela apontou para a infraestrutura do setor \u201cdeformada\u201d sob a press\u00e3o do recente ressurgimento de viagens, restri\u00e7\u00f5es de viagens complicadas e cont\u00ednuas, mudan\u00e7as regulares de hor\u00e1rios de voos e a \u201cbagun\u00e7a de passaporte\u201d. e viagens de lazer que levaram a um \u201caumento fenomenal de novos neg\u00f3cios para agentes\u201d.<\/p>\n<p><strong>Cinco lugares em que as viagens de neg\u00f3cios mudaram p\u00f3s-pandemia<\/strong><\/p>\n<p>Enquanto todas as viagens ca\u00edram durante a pandemia, <a href=\"https:\/\/www.bbc.com\/travel\/article\/20220427-five-places-business-travel-has-changed-post-pandemic\">viagens de neg\u00f3cios internacionais,<\/a> em particular, foi duramente atingido, pois as videochamadas e as confer\u00eancias rapidamente substitu\u00edram as visitas no local e as reuni\u00f5es presenciais com os clientes. Mas \u00e0 medida que o mundo aprende a conviver com o v\u00edrus, as viagens relacionadas ao trabalho voltaram em grande estilo em 2022. Na verdade, de acordo com a empresa de gerenciamento de viagens TripActions, as reservas de viagens de neg\u00f3cios apenas nos primeiros tr\u00eas meses de 2022 ultrapassaram mais de metade de todas as reservas para 2021, com um aumento de 875% de mar\u00e7o de 2021 a mar\u00e7o de 2022.<\/p>\n<p><strong>A vis\u00e3o da Am\u00e9rica Latina: gastos m\u00e9dios elevados e um mix de vendas em mudan\u00e7a s\u00e3o caracter\u00edsticas de recupera\u00e7\u00e3o precoce<\/strong><\/p>\n<p>Gastos m\u00e9dios fortes, aumentando as contribui\u00e7\u00f5es de bebidas alco\u00f3licas, eletr\u00f4nicos e rel\u00f3gios sofisticados, al\u00e9m de um <a href=\"https:\/\/www.moodiedavittreport.com\/the-view-from-latin-america-high-average-spends-and-a-changing-sales-mix-are-features-of-early-recovery\/\">mudan\u00e7as na demografia dos passageiros est\u00e3o entre as din\u00e2micas em jogo no setor de viagens da Am\u00e9rica Latina<\/a> mercado varejista hoje. Isso \u00e9 de acordo com o presidente da ASUTIL e diretor de opera\u00e7\u00f5es da Dufry para a Am\u00e9rica do Sul, Gustavo Fagundes. A recupera\u00e7\u00e3o est\u00e1 ocorrendo mais rapidamente nos principais hubs em compara\u00e7\u00e3o com os aeroportos secund\u00e1rios, acrescentou. \u201cOs hubs maiores como o GRU (S\u00e3o Paulo Guarulhos) est\u00e3o se recuperando muito mais rapidamente do que os aeroportos menores. Mas estamos vendo um crescimento semana a semana em voos e conex\u00f5es. Estamos no caminho da recupera\u00e7\u00e3o. Em fevereiro de 2022, est\u00e1vamos em cerca de 77% de fluxo de passageiros na Am\u00e9rica Latina em compara\u00e7\u00e3o com 2019. Isso varia de mercado para mercado. A Col\u00f4mbia em fevereiro teve mais voos internacionais do que o Brasil, por exemplo, ent\u00e3o ainda n\u00e3o estamos em n\u00edveis normais.\u201d<\/p>\n<p><u>Not\u00edcias e lembretes GBTA:<\/u><\/p>\n<p><strong>Projeto GBTA, Tripula\u00e7\u00e3o e Team Travel Summit 2022<\/strong><\/p>\n<p>Junte-se a n\u00f3s em 10 de maio de 2022 e envolva-se com profissionais de viagens de neg\u00f3cios em <a href=\"https:\/\/gbta.org\/pt\/gbta-project-crew-team-summit-2022\/\">O primeiro Project, Crew and Team Travel Summit do GBTA em 10 de maio em Chicago.<\/a> Este encontro de um dia oferece educa\u00e7\u00e3o em log\u00edstica de viagens, gerenciamento de riscos, quest\u00f5es de mobilidade e solu\u00e7\u00f5es de tecnologia e \u00e9 ideal para compradores e fornecedores especializados nos setores de esportes, entretenimento, gerenciamento de emerg\u00eancias, energia, projetos e consultoria. Este evento interativo imperd\u00edvel apresentar\u00e1 as melhores pr\u00e1ticas no gerenciamento de viagens exclusivas de viajantes; conectar compradores de servi\u00e7os de viagens n\u00e3o tradicionais e parceiros fornecedores inovadores; e descubra novas maneiras de navegar em um ecossistema fragmentado.<\/p>\n<p><strong>Mercado de viagens \u00e1rabe<\/strong><\/p>\n<p>GBTA estar\u00e1 realizando suas primeiras sess\u00f5es de educa\u00e7\u00e3o presencial como parte do <a href=\"https:\/\/gbta.org\/pt\/calendar\/all-events\/eventid\/1363\/e\/arabian-travel-market-11-may-2022\/\">Mercado de viagens \u00e1rabe 2022.<\/a> Olhando para o futuro das viagens de neg\u00f3cios e construindo um programa de viagens de neg\u00f3cios sustent\u00e1veis, as sess\u00f5es abordar\u00e3o os problemas cr\u00edticos que nossa ind\u00fastria enfrenta hoje. A GBTA tamb\u00e9m realizar\u00e1 um jantar de mesa redonda com compradores para reunir os principais compradores de viagens da regi\u00e3o para compartilhar as melhores pr\u00e1ticas e discutir esses t\u00f3picos.<\/p>","protected":false},"excerpt":{"rendered":"<p>Estou em Toronto para a Confer\u00eancia GBTA Canad\u00e1, onde nos \u00faltimos dois dias, cerca de 600 l\u00edderes canadenses, profissionais e partes interessadas do setor est\u00e3o reunidos para discutir o futuro das viagens de neg\u00f3cios na regi\u00e3o. Entre os t\u00f3picos oportunos \u2013 e que ocupam o primeiro lugar no evento pela primeira vez \u2013 est\u00e1 chegar a\u2026<\/p>","protected":false},"author":25,"featured_media":0,"comment_status":"open","ping_status":"open","sticky":false,"template":"","format":"standard","meta":{"_acf_changed":false,"_seopress_robots_primary_cat":"none","_seopress_titles_title":"","_seopress_titles_desc":"","_seopress_robots_index":"","om_disable_all_campaigns":false,"_relevanssi_hide_post":"","_relevanssi_hide_content":"","_relevanssi_pin_for_all":"","_relevanssi_pin_keywords":"","_relevanssi_unpin_keywords":"","_relevanssi_related_keywords":"","_relevanssi_related_include_ids":"","_relevanssi_related_exclude_ids":"","_relevanssi_related_no_append":"","_relevanssi_related_not_related":"","_relevanssi_related_posts":"2477,1439,2017,1620,1171,2480","_relevanssi_noindex_reason":"","_kad_blocks_custom_css":"","_kad_blocks_head_custom_js":"","_kad_blocks_body_custom_js":"","_kad_blocks_footer_custom_js":"","_kad_post_transparent":"","_kad_post_title":"","_kad_post_layout":"","_kad_post_sidebar_id":"","_kad_post_content_style":"","_kad_post_vertical_padding":"","_kad_post_feature":"","_kad_post_feature_position":"","_kad_post_header":false,"_kad_post_footer":false,"footnotes":"","_links_to":"","_links_to_target":""},"categories":[114,375,106,280],"tags":[1450],"class_list":["post-2687","post","type-post","status-publish","format-standard","hentry","category-airlines-and-aviation","category-canada","category-latin-america","category-sustainability","tag-check-in-with-suzanne"],"acf":[],"featured_image_src_large":false,"author_info":{"display_name":"jcampbell","author_link":"https:\/\/gbta.org\/pt\/author\/jcampbell\/"},"comment_info":"","category_info":[{"term_id":114,"name":"Airlines and Aviation","slug":"airlines-and-aviation","term_group":0,"term_taxonomy_id":114,"taxonomy":"category","description":"","parent":0,"count":355,"filter":"raw","cat_ID":114,"category_count":355,"category_description":"","cat_name":"Airlines and Aviation","category_nicename":"airlines-and-aviation","category_parent":0},{"term_id":375,"name":"Canada","slug":"canada","term_group":0,"term_taxonomy_id":375,"taxonomy":"category","description":"","parent":0,"count":61,"filter":"raw","cat_ID":375,"category_count":61,"category_description":"","cat_name":"Canada","category_nicename":"canada","category_parent":0},{"term_id":106,"name":"Latin America","slug":"latin-america","term_group":0,"term_taxonomy_id":106,"taxonomy":"category","description":"","parent":0,"count":54,"filter":"raw","cat_ID":106,"category_count":54,"category_description":"","cat_name":"Latin America","category_nicename":"latin-america","category_parent":0},{"term_id":280,"name":"Sustainability","slug":"sustainability","term_group":0,"term_taxonomy_id":280,"taxonomy":"category","description":"","parent":0,"count":130,"filter":"raw","cat_ID":280,"category_count":130,"category_description":"","cat_name":"Sustainability","category_nicename":"sustainability","category_parent":0}],"tag_info":[{"term_id":1450,"name":"Check-in with Suzanne","slug":"check-in-with-suzanne","term_group":0,"term_taxonomy_id":1450,"taxonomy":"post_tag","description":"","parent":0,"count":47,"filter":"raw"}],"taxonomy_info":{"category":[{"value":114,"label":"Airlines and Aviation"},{"value":375,"label":"Canada"},{"value":106,"label":"Latin America"},{"value":280,"label":"Sustainability"}],"post_tag":[{"value":1450,"label":"Check-in with Suzanne"}]},"featured_image_src":null,"featured_image_src_square":null,"mfb_rest_fields":["featured_image_src_large","author_info","comment_info","category_info","tag_info","taxonomy_info","featured_image_src","featured_image_src_square"],"_links":{"self":[{"href":"https:\/\/gbta.org\/pt\/wp-json\/wp\/v2\/posts\/2687","targetHints":{"allow":["GET"]}}],"collection":[{"href":"https:\/\/gbta.org\/pt\/wp-json\/wp\/v2\/posts"}],"about":[{"href":"https:\/\/gbta.org\/pt\/wp-json\/wp\/v2\/types\/post"}],"author":[{"embeddable":true,"href":"https:\/\/gbta.org\/pt\/wp-json\/wp\/v2\/users\/25"}],"replies":[{"embeddable":true,"href":"https:\/\/gbta.org\/pt\/wp-json\/wp\/v2\/comments?post=2687"}],"version-history":[{"count":0,"href":"https:\/\/gbta.org\/pt\/wp-json\/wp\/v2\/posts\/2687\/revisions"}],"wp:attachment":[{"href":"https:\/\/gbta.org\/pt\/wp-json\/wp\/v2\/media?parent=2687"}],"wp:term":[{"taxonomy":"category","embeddable":true,"href":"https:\/\/gbta.org\/pt\/wp-json\/wp\/v2\/categories?post=2687"},{"taxonomy":"post_tag","embeddable":true,"href":"https:\/\/gbta.org\/pt\/wp-json\/wp\/v2\/tags?post=2687"}],"curies":[{"name":"wp","href":"https:\/\/api.w.org\/{rel}","templated":true}]}}