{"id":2693,"date":"2022-05-17T10:01:00","date_gmt":"2022-05-17T14:01:00","guid":{"rendered":"https:\/\/gbta.org\/gbta-supports-the-european-tourism-manifesto-alliance-position-for-a-common-consistent-approach-across-member-states-to-the-extension-of-the-eu-digital-covid-certificate-so-that-business-travel-cont"},"modified":"2022-09-28T14:50:16","modified_gmt":"2022-09-28T18:50:16","slug":"gbta-supports-the-european-tourism-manifesto-alliance-position-for-a-common-consistent-approach-across-member-states-to-the-extension-of-the-eu-digital-covid-certificate-so-that-business-travel-conti","status":"publish","type":"post","link":"https:\/\/gbta.org\/pt\/gbta-supports-the-european-tourism-manifesto-alliance-position-for-a-common-consistent-approach-across-member-states-to-the-extension-of-the-eu-digital-covid-certificate-so-that-business-travel-conti\/","title":{"rendered":"GBTA Apoia a Posi\u00e7\u00e3o da Alian\u00e7a Europeia do Manifesto de Turismo para uma Abordagem Comum e Consistente em Todos os Estados-Membros para a Extens\u00e3o do Certificado Digital COVID da UE para que as viagens de neg\u00f3cios continuem a prosperar"},"content":{"rendered":"<p><b><span data-contrast=\"none\">BRUXELAS&nbsp;<\/span><\/b><span data-contrast=\"none\">&nbsp;\u2013 A Global Business Travel Association (GBTA) \u2013 a maior associa\u00e7\u00e3o de viagens de neg\u00f3cios do mundo \u2013 apoia o <\/span><span data-contrast=\"auto\">Posi\u00e7\u00e3o da European Tourism Manifesto Alliance sobre o uso do Certificado Digital COVID da Uni\u00e3o Europeia <\/span><span data-contrast=\"none\">(EUDCC) para facilitar a livre circula\u00e7\u00e3o na sequ\u00eancia da pandemia de COVID-19 e at\u00e9 ao <\/span><span data-contrast=\"none\">n\u00edvel de transmiss\u00e3o n\u00e3o resulta em impacto severo \u00e0 sa\u00fade p\u00fablica.<\/span><span data-ccp-props=\"{&quot;201341983&quot;:0,&quot;335559740&quot;:240}\">&nbsp;<\/span><\/p>\n<p><span data-contrast=\"none\">Al\u00e9m do uso do EUDCC, o <\/span><span data-contrast=\"auto\">A European Tourism Manifesto Alliance e a GBTA apoiam as premissas de que:<\/span><span data-ccp-props=\"{&quot;201341983&quot;:0,&quot;335551550&quot;:6,&quot;335551620&quot;:6,&quot;335559740&quot;:240}\">&nbsp;<\/span><\/p>\n<ul>\n<li data-leveltext=\"\uf0b7\" data-font=\"Symbol\" data-listid=\"4\" data-list-defn-props=\"{&quot;335552541&quot;:1,&quot;335559684&quot;:-2,&quot;335559685&quot;:720,&quot;335559991&quot;:360,&quot;469769226&quot;:&quot;Symbol&quot;,&quot;469769242&quot;:[8226],&quot;469777803&quot;:&quot;left&quot;,&quot;469777804&quot;:&quot;\uf0b7&quot;,&quot;469777815&quot;:&quot;multilevel&quot;}\" data-aria-posinset=\"1\" data-aria-level=\"1\"><b><span data-contrast=\"none\">As restri\u00e7\u00f5es de viagem provaram ser ineficazes para impedir a propaga\u00e7\u00e3o do v\u00edrus<\/span><\/b><span data-contrast=\"none\">, no m\u00e1ximo adiando por alguns dias uma nova onda de infec\u00e7\u00e3o, que tamb\u00e9m \u00e9 apoiada pela Organiza\u00e7\u00e3o Mundial da Sa\u00fade (OMS).<\/span><span data-ccp-props=\"{&quot;201341983&quot;:0,&quot;335559740&quot;:240}\">&nbsp;<\/span><\/li>\n<li data-leveltext=\"\uf0b7\" data-font=\"Symbol\" data-listid=\"5\" data-list-defn-props=\"{&quot;335552541&quot;:1,&quot;335559684&quot;:-2,&quot;335559685&quot;:720,&quot;335559991&quot;:360,&quot;469769226&quot;:&quot;Symbol&quot;,&quot;469769242&quot;:[8226],&quot;469777803&quot;:&quot;left&quot;,&quot;469777804&quot;:&quot;\uf0b7&quot;,&quot;469777815&quot;:&quot;multilevel&quot;}\" data-aria-posinset=\"2\" data-aria-level=\"1\"><span data-contrast=\"none\">o<\/span><b><span data-contrast=\"none\">a verifica\u00e7\u00e3o do EUDCC n\u00e3o deve ser utilizada como raz\u00e3o para impor restri\u00e7\u00f5es adicionais \u00e0 liberdade de circula\u00e7\u00e3o<\/span><\/b><span data-contrast=\"none\">como a reintrodu\u00e7\u00e3o tempor\u00e1ria de controlos nas fronteiras internas.&nbsp;<\/span><span data-ccp-props=\"{&quot;201341983&quot;:0,&quot;335559739&quot;:240,&quot;335559740&quot;:240}\">&nbsp;<\/span><\/li>\n<li data-leveltext=\"\uf0b7\" data-font=\"Symbol\" data-listid=\"5\" data-list-defn-props=\"{&quot;335552541&quot;:1,&quot;335559684&quot;:-2,&quot;335559685&quot;:720,&quot;335559991&quot;:360,&quot;469769226&quot;:&quot;Symbol&quot;,&quot;469769242&quot;:[8226],&quot;469777803&quot;:&quot;left&quot;,&quot;469777804&quot;:&quot;\uf0b7&quot;,&quot;469777815&quot;:&quot;multilevel&quot;}\" data-aria-posinset=\"3\" data-aria-level=\"1\"><span data-contrast=\"none\">Para<\/span><b><span data-contrast=\"none\">ampliar o escopo das vacinas que podem ser usadas como base para a emiss\u00e3o de um EUDCC<\/span><\/b><span data-contrast=\"none\">, todas as vacinas que conclu\u00edram o procedimento de listagem de uso de emerg\u00eancia da OMS devem ser inclu\u00eddas no EUDCC. Al\u00e9m disso, as pessoas que receberam uma vacina que atualmente n\u00e3o est\u00e1 na Ag\u00eancia Europeia de Medicamentos (EMA) ou na lista da OMS ainda devem ter um EUDCC totalmente aceito se tiverem recebido uma vacina\u00e7\u00e3o de refor\u00e7o com uma vacina autorizada pela OMS ou EMA.<\/span><span data-ccp-props=\"{&quot;201341983&quot;:0,&quot;335559740&quot;:240}\">&nbsp;<\/span><\/li>\n<\/ul>\n<ul>\n<li data-leveltext=\"\uf0b7\" data-font=\"Symbol\" data-listid=\"6\" data-list-defn-props=\"{&quot;335552541&quot;:1,&quot;335559684&quot;:-2,&quot;335559685&quot;:720,&quot;335559991&quot;:360,&quot;469769226&quot;:&quot;Symbol&quot;,&quot;469769242&quot;:[8226],&quot;469777803&quot;:&quot;left&quot;,&quot;469777804&quot;:&quot;\uf0b7&quot;,&quot;469777815&quot;:&quot;multilevel&quot;}\" data-aria-posinset=\"1\" data-aria-level=\"1\"><span data-contrast=\"none\">Caso os Estados-Membros retomem a utiliza\u00e7\u00e3o do EUDCC para viagens ou permitam o acesso a bares, restaurantes, hot\u00e9is, museus, salas de concerto, centros de feiras e outros locais,<\/span><b><span data-contrast=\"none\">\u00e9 essencial que as regras nacionais reflitam os requisitos de fronteira e de viagem<\/span><\/b><span data-contrast=\"none\">.<\/span><span data-ccp-props=\"{&quot;201341983&quot;:0,&quot;335559740&quot;:240}\">&nbsp;<\/span><\/li>\n<\/ul>\n<p><span data-contrast=\"none\">\u201cO GBTA continua a exigir um plano consistente em toda a Europa, para evitar uma abordagem fragmentada nos 27 pa\u00edses membros. \u00c0 medida que as viagens de neg\u00f3cios retornam, \u00e9 vital que uma abordagem comum seja usada entre os membros, com base em decis\u00f5es orientadas por dados, para que o setor possa se recuperar totalmente para receitas pr\u00e9-pandemia de $392 bilh\u00f5es na Europa e $1,43 trilh\u00e3o globalmente\u201d, comentou Catherine Logan , Vice-Presidente Regional, Europa, GBTA.&nbsp;<\/span><span data-ccp-props=\"{&quot;201341983&quot;:0,&quot;335559740&quot;:240}\">&nbsp;<\/span><\/p>\n<p><span data-ccp-props=\"{&quot;201341983&quot;:0,&quot;335551550&quot;:6,&quot;335551620&quot;:6,&quot;335559740&quot;:240}\">&nbsp;<\/span><\/p>","protected":false},"excerpt":{"rendered":"<p>BRUXELAS \u2013 A Global Business Travel Association (GBTA) \u2013 a maior associa\u00e7\u00e3o de viagens de neg\u00f3cios do mundo \u2013 apoia a posi\u00e7\u00e3o da European Tourism Manifesto Alliance sobre o uso do Certificado Digital COVID da Uni\u00e3o Europeia (EUDCC) para facilitar a livre circula\u00e7\u00e3o ap\u00f3s o COVID-19 pandemia, e at\u00e9 que o n\u00edvel de transmiss\u00e3o n\u00e3o resulte em\u2026<\/p>","protected":false},"author":25,"featured_media":0,"comment_status":"open","ping_status":"open","sticky":false,"template":"","format":"standard","meta":{"_acf_changed":false,"_seopress_robots_primary_cat":"none","_seopress_titles_title":"","_seopress_titles_desc":"","_seopress_robots_index":"","om_disable_all_campaigns":false,"_relevanssi_hide_post":"","_relevanssi_hide_content":"","_relevanssi_pin_for_all":"","_relevanssi_pin_keywords":"","_relevanssi_unpin_keywords":"","_relevanssi_related_keywords":"","_relevanssi_related_include_ids":"","_relevanssi_related_exclude_ids":"","_relevanssi_related_no_append":"","_relevanssi_related_not_related":"","_relevanssi_related_posts":"1813,1894,1797,1971,1817,1809","_relevanssi_noindex_reason":"","_kad_blocks_custom_css":"","_kad_blocks_head_custom_js":"","_kad_blocks_body_custom_js":"","_kad_blocks_footer_custom_js":"","_kad_post_transparent":"","_kad_post_title":"","_kad_post_layout":"","_kad_post_sidebar_id":"","_kad_post_content_style":"","_kad_post_vertical_padding":"","_kad_post_feature":"","_kad_post_feature_position":"","_kad_post_header":false,"_kad_post_footer":false,"footnotes":"","_links_to":"","_links_to_target":""},"categories":[1437,105,45],"tags":[],"class_list":["post-2693","post","type-post","status-publish","format-standard","hentry","category-covid-19","category-europe-and-uk","category-news-and-press-releases"],"acf":[],"featured_image_src_large":false,"author_info":{"display_name":"jcampbell","author_link":"https:\/\/gbta.org\/pt\/author\/jcampbell\/"},"comment_info":"","category_info":[{"term_id":1437,"name":"COVID-19","slug":"covid-19","term_group":0,"term_taxonomy_id":1437,"taxonomy":"category","description":"","parent":0,"count":124,"filter":"raw","cat_ID":1437,"category_count":124,"category_description":"","cat_name":"COVID-19","category_nicename":"covid-19","category_parent":0},{"term_id":105,"name":"Europe and UK","slug":"europe-and-uk","term_group":0,"term_taxonomy_id":105,"taxonomy":"category","description":"","parent":0,"count":153,"filter":"raw","cat_ID":105,"category_count":153,"category_description":"","cat_name":"Europe and UK","category_nicename":"europe-and-uk","category_parent":0},{"term_id":45,"name":"News and Press Releases","slug":"news-and-press-releases","term_group":0,"term_taxonomy_id":45,"taxonomy":"category","description":"","parent":0,"count":542,"filter":"raw","cat_ID":45,"category_count":542,"category_description":"","cat_name":"News and Press Releases","category_nicename":"news-and-press-releases","category_parent":0}],"tag_info":false,"taxonomy_info":{"category":[{"value":1437,"label":"COVID-19"},{"value":105,"label":"Europe and UK"},{"value":45,"label":"News and Press Releases"}]},"featured_image_src":null,"featured_image_src_square":null,"mfb_rest_fields":["featured_image_src_large","author_info","comment_info","category_info","tag_info","taxonomy_info","featured_image_src","featured_image_src_square"],"_links":{"self":[{"href":"https:\/\/gbta.org\/pt\/wp-json\/wp\/v2\/posts\/2693","targetHints":{"allow":["GET"]}}],"collection":[{"href":"https:\/\/gbta.org\/pt\/wp-json\/wp\/v2\/posts"}],"about":[{"href":"https:\/\/gbta.org\/pt\/wp-json\/wp\/v2\/types\/post"}],"author":[{"embeddable":true,"href":"https:\/\/gbta.org\/pt\/wp-json\/wp\/v2\/users\/25"}],"replies":[{"embeddable":true,"href":"https:\/\/gbta.org\/pt\/wp-json\/wp\/v2\/comments?post=2693"}],"version-history":[{"count":0,"href":"https:\/\/gbta.org\/pt\/wp-json\/wp\/v2\/posts\/2693\/revisions"}],"wp:attachment":[{"href":"https:\/\/gbta.org\/pt\/wp-json\/wp\/v2\/media?parent=2693"}],"wp:term":[{"taxonomy":"category","embeddable":true,"href":"https:\/\/gbta.org\/pt\/wp-json\/wp\/v2\/categories?post=2693"},{"taxonomy":"post_tag","embeddable":true,"href":"https:\/\/gbta.org\/pt\/wp-json\/wp\/v2\/tags?post=2693"}],"curies":[{"name":"wp","href":"https:\/\/api.w.org\/{rel}","templated":true}]}}