{"id":2696,"date":"2022-05-24T10:01:00","date_gmt":"2022-05-24T14:01:00","guid":{"rendered":"https:\/\/gbta.org\/check-in-with-suzanne-61\/"},"modified":"2022-09-28T15:20:11","modified_gmt":"2022-09-28T19:20:11","slug":"check-in-with-suzanne-61","status":"publish","type":"post","link":"https:\/\/gbta.org\/pt\/check-in-with-suzanne-61\/","title":{"rendered":"Check-in com Suzanne"},"content":{"rendered":"<p>Minhas viagens de neg\u00f3cios para GBTA me encontram de volta \u00e0 Europa esta semana para esfor\u00e7os muito importantes e cont\u00ednuos em nome de nossos membros para focar na defesa da ind\u00fastria.<\/p>\n<p>Em Bruxelas, estamos nos reunindo com v\u00e1rios l\u00edderes legislativos da UE sobre sustentabilidade, especialmente em torno das oportunidades e desafios para a avia\u00e7\u00e3o, servi\u00e7os de autom\u00f3veis e viagens de neg\u00f3cios em uma ampla gama de legisla\u00e7\u00e3o relevante da UE.<\/p>\n<p>Alinhando-se com outras partes interessadas, como Airlines for Europe (A4E) e a European Association for Electromobility (AVERE) sobre os objetivos da GBTA e nossa ind\u00fastria em geral, nossas discuss\u00f5es se concentrar\u00e3o em como coletivamente encontramos o equil\u00edbrio certo na promo\u00e7\u00e3o da sustentabilidade, apoiando a competitividade e a relev\u00e2ncia de a ind\u00fastria para o benef\u00edcio de viajantes e empresas em toda a Europa.<\/p>\n<p>Tamb\u00e9m me envolverei com o Comiss\u00e1rio do Gabinete de Transportes da UE respons\u00e1vel pela dire\u00e7\u00e3o da legisla\u00e7\u00e3o de transporte da UE e estrat\u00e9gias de mobilidade. Como a Comiss\u00e3o Europeia depende muito de conselhos de especialistas ao elaborar a legisla\u00e7\u00e3o, a contribui\u00e7\u00e3o do GBTA \u00e9 fundamental para garantir que quaisquer regulamentos de viagens europeus tamb\u00e9m apoiem o setor de viagens de neg\u00f3cios. Compartilharemos as posi\u00e7\u00f5es dos membros da GBTA sobre viagens sustent\u00e1veis e as medidas tomadas para moldar a ind\u00fastria para aumentar a conscientiza\u00e7\u00e3o e a tomada de decis\u00f5es em n\u00edvel europeu.<\/p>\n<p>E a advocacia continua no palco dos EUA com o pr\u00f3ximo <a href=\"https:\/\/link.edgepilot.com\/s\/6b5ea56b\/LxgiCc4yy0upqH9Jri19QQ?u=https:\/\/www3.gbta.org\/e\/5572\/y-gbta-legislative-summit-2022\/6ndsq8\/4320772300?h=NqNSYTCbGZnY3ZvbGUtIMOTsFC7qa0sTfoEcy5QjBRM\">C\u00fapula Legislativa dos EUA GBTA<\/a>, 6 a 8 de junho, em Washington DC A agenda da c\u00fapula inclui a jornada de sustentabilidade GBTA, apelos para eliminar os requisitos de teste para viagens nos EUA, manter a taxa de seguran\u00e7a do 11 de setembro para garantir a seguran\u00e7a e como usar as m\u00eddias sociais para defender. Temos participantes representando quase metade dos estados dos EUA \u2013 e gostar\u00edamos de ter mais. Ent\u00e3o por favor <a href=\"https:\/\/link.edgepilot.com\/s\/6b5ea56b\/LxgiCc4yy0upqH9Jri19QQ?u=https:\/\/www3.gbta.org\/e\/5572\/y-gbta-legislative-summit-2022\/6ndsq8\/4320772300?h=NqNSYTCbGZnY3ZvbGUtIMOTsFC7qa0sTfoEcy5QjBRM\">Junte-se a n\u00f3s<\/a> para adicionar sua voz na capital dos EUA.<\/p>\n<p>Al\u00e9m disso, lembre-se de que as indica\u00e7\u00f5es est\u00e3o sendo aceitas at\u00e9 2 de junho para a elei\u00e7\u00e3o do Conselho de Administra\u00e7\u00e3o do GBTA. Se voc\u00ea \u00e9 um membro ativo do GBTA, deve usar o link personalizado de \u201cGBTA Elections\u201d em seu e-mail para nomear algu\u00e9m ou voc\u00ea mesmo para concorrer a uma das tr\u00eas vagas dispon\u00edveis. Como uma comunidade dirigida por membros, somos gratos e inspirados por todos que oferecem seu tempo e talento para garantir que continuemos levando o GBTA e nossa ind\u00fastria adiante. Se voc\u00ea ainda n\u00e3o \u00e9 um membro ativo \u2013 inscreva-se agora para que voc\u00ea tamb\u00e9m possa participar deste ciclo eleitoral.<\/p>\n<p>Suzanne<\/p>","protected":false},"excerpt":{"rendered":"<p>Minhas viagens de neg\u00f3cios para GBTA me encontram de volta \u00e0 Europa esta semana para esfor\u00e7os muito importantes e cont\u00ednuos em nome de nossos membros para focar na defesa da ind\u00fastria. Em Bruxelas, estamos nos reunindo com v\u00e1rios l\u00edderes legislativos da UE sobre sustentabilidade, especialmente em torno das oportunidades e desafios para avia\u00e7\u00e3o, servi\u00e7os de autom\u00f3veis e viagens de neg\u00f3cios em uma\u2026<\/p>","protected":false},"author":25,"featured_media":0,"comment_status":"open","ping_status":"open","sticky":false,"template":"","format":"standard","meta":{"_acf_changed":false,"_seopress_robots_primary_cat":"none","_seopress_titles_title":"","_seopress_titles_desc":"","_seopress_robots_index":"","om_disable_all_campaigns":false,"_relevanssi_hide_post":"","_relevanssi_hide_content":"","_relevanssi_pin_for_all":"","_relevanssi_pin_keywords":"","_relevanssi_unpin_keywords":"","_relevanssi_related_keywords":"","_relevanssi_related_include_ids":"","_relevanssi_related_exclude_ids":"","_relevanssi_related_no_append":"","_relevanssi_related_not_related":"","_relevanssi_related_posts":"2477,1439,2017,1620,1171,2480","_relevanssi_noindex_reason":"","_kad_blocks_custom_css":"","_kad_blocks_head_custom_js":"","_kad_blocks_body_custom_js":"","_kad_blocks_footer_custom_js":"","_kad_post_transparent":"","_kad_post_title":"","_kad_post_layout":"","_kad_post_sidebar_id":"","_kad_post_content_style":"","_kad_post_vertical_padding":"","_kad_post_feature":"","_kad_post_feature_position":"","_kad_post_header":false,"_kad_post_footer":false,"footnotes":"","_links_to":"","_links_to_target":""},"categories":[114,105,1307,280],"tags":[1450],"class_list":["post-2696","post","type-post","status-publish","format-standard","hentry","category-airlines-and-aviation","category-europe-and-uk","category-government-relations","category-sustainability","tag-check-in-with-suzanne"],"acf":[],"featured_image_src_large":false,"author_info":{"display_name":"jcampbell","author_link":"https:\/\/gbta.org\/pt\/author\/jcampbell\/"},"comment_info":"","category_info":[{"term_id":114,"name":"Airlines and Aviation","slug":"airlines-and-aviation","term_group":0,"term_taxonomy_id":114,"taxonomy":"category","description":"","parent":0,"count":355,"filter":"raw","cat_ID":114,"category_count":355,"category_description":"","cat_name":"Airlines and Aviation","category_nicename":"airlines-and-aviation","category_parent":0},{"term_id":105,"name":"Europe and UK","slug":"europe-and-uk","term_group":0,"term_taxonomy_id":105,"taxonomy":"category","description":"","parent":0,"count":152,"filter":"raw","cat_ID":105,"category_count":152,"category_description":"","cat_name":"Europe and UK","category_nicename":"europe-and-uk","category_parent":0},{"term_id":1307,"name":"Government Relations","slug":"government-relations","term_group":0,"term_taxonomy_id":1307,"taxonomy":"category","description":"","parent":0,"count":61,"filter":"raw","cat_ID":1307,"category_count":61,"category_description":"","cat_name":"Government Relations","category_nicename":"government-relations","category_parent":0},{"term_id":280,"name":"Sustainability","slug":"sustainability","term_group":0,"term_taxonomy_id":280,"taxonomy":"category","description":"","parent":0,"count":130,"filter":"raw","cat_ID":280,"category_count":130,"category_description":"","cat_name":"Sustainability","category_nicename":"sustainability","category_parent":0}],"tag_info":[{"term_id":1450,"name":"Check-in with Suzanne","slug":"check-in-with-suzanne","term_group":0,"term_taxonomy_id":1450,"taxonomy":"post_tag","description":"","parent":0,"count":47,"filter":"raw"}],"taxonomy_info":{"category":[{"value":114,"label":"Airlines and Aviation"},{"value":105,"label":"Europe and UK"},{"value":1307,"label":"Government Relations"},{"value":280,"label":"Sustainability"}],"post_tag":[{"value":1450,"label":"Check-in with Suzanne"}]},"featured_image_src":null,"featured_image_src_square":null,"mfb_rest_fields":["featured_image_src_large","author_info","comment_info","category_info","tag_info","taxonomy_info","featured_image_src","featured_image_src_square"],"_links":{"self":[{"href":"https:\/\/gbta.org\/pt\/wp-json\/wp\/v2\/posts\/2696","targetHints":{"allow":["GET"]}}],"collection":[{"href":"https:\/\/gbta.org\/pt\/wp-json\/wp\/v2\/posts"}],"about":[{"href":"https:\/\/gbta.org\/pt\/wp-json\/wp\/v2\/types\/post"}],"author":[{"embeddable":true,"href":"https:\/\/gbta.org\/pt\/wp-json\/wp\/v2\/users\/25"}],"replies":[{"embeddable":true,"href":"https:\/\/gbta.org\/pt\/wp-json\/wp\/v2\/comments?post=2696"}],"version-history":[{"count":0,"href":"https:\/\/gbta.org\/pt\/wp-json\/wp\/v2\/posts\/2696\/revisions"}],"wp:attachment":[{"href":"https:\/\/gbta.org\/pt\/wp-json\/wp\/v2\/media?parent=2696"}],"wp:term":[{"taxonomy":"category","embeddable":true,"href":"https:\/\/gbta.org\/pt\/wp-json\/wp\/v2\/categories?post=2696"},{"taxonomy":"post_tag","embeddable":true,"href":"https:\/\/gbta.org\/pt\/wp-json\/wp\/v2\/tags?post=2696"}],"curies":[{"name":"wp","href":"https:\/\/api.w.org\/{rel}","templated":true}]}}