{"id":2700,"date":"2022-06-07T10:01:00","date_gmt":"2022-06-07T14:01:00","guid":{"rendered":"https:\/\/gbta.org\/check-in-with-suzanne-63\/"},"modified":"2022-09-28T14:48:56","modified_gmt":"2022-09-28T18:48:56","slug":"check-in-with-suzanne-63","status":"publish","type":"post","link":"https:\/\/gbta.org\/pt\/check-in-with-suzanne-63\/","title":{"rendered":"Check-in com Suzanne"},"content":{"rendered":"<p><span data-preserver-spaces=\"true\">Os esfor\u00e7os de advocacia do GBTA foram transcontinentais nas \u00faltimas semanas. Depois de retornar de reuni\u00f5es produtivas sobre pol\u00edtica na Europa, agora esta semana, estamos em Washington DC para a reuni\u00e3o anual&nbsp;<\/span><a class=\"editor-rtfLink\" href=\"https:\/\/gbta.org\/pt\/news-advocacy\/gbta-legislative-summit-2022\/\" target=\"_blank\" rel=\"noopener\"><span data-preserver-spaces=\"true\">C\u00fapula Legislativa dos EUA GBTA<\/span><\/a><span data-preserver-spaces=\"true\">.&nbsp;<\/span><\/p>\n<p><span data-preserver-spaces=\"true\">Liderada por Shane Downey, VP de Rela\u00e7\u00f5es Governamentais e Comunit\u00e1rias, e nossos volunt\u00e1rios do Comit\u00ea de Rela\u00e7\u00f5es Governamentais do GBTA, a C\u00fapula fortalece as vozes das viagens de neg\u00f3cios. Ap\u00f3s uma pausa de dois anos na pandemia, a C\u00fapula Legislativa retorna com mais de 80 membros do GBTA (representando mais da metade dos estados dos EUA) e funcion\u00e1rios indo para o Capit\u00f3lio nos pr\u00f3ximos dois dias para compartilhar a posi\u00e7\u00e3o do GBTA sobre quest\u00f5es importantes. Mesmo vendo os sinais positivos da recupera\u00e7\u00e3o das viagens de neg\u00f3cios, buscaremos o apoio dos legisladores dos EUA em tr\u00eas quest\u00f5es-chave para continuar esse \u00edmpeto.&nbsp;<\/span><\/p>\n<p><span data-preserver-spaces=\"true\">A GBTA est\u00e1 pedindo aos legisladores dos EUA que encerrem imediatamente a exig\u00eancia de testes de dias corridos para viajantes de entrada. Ao contr\u00e1rio de outros pa\u00edses, como Reino Unido, Canad\u00e1, Alemanha e Fran\u00e7a, os EUA ainda exigem que todos os viajantes fa\u00e7am o teste um dia antes de entrar no pa\u00eds. As restri\u00e7\u00f5es de viagem nos EUA est\u00e3o afetando a vontade de viajar devido \u00e0 chance de n\u00e3o poder retornar aos EUA no final de uma viagem de neg\u00f3cios ou f\u00e9rias. Tamb\u00e9m est\u00e1 afetando onde e quando as reuni\u00f5es e confer\u00eancias internacionais s\u00e3o realizadas \u2013 e se os EUA est\u00e3o no conjunto de considera\u00e7\u00e3o.&nbsp;<\/span><\/p>\n<p><span data-preserver-spaces=\"true\">A GBTA tamb\u00e9m buscar\u00e1 apoio em duas outras quest\u00f5es: garantir que as Taxas de Seguran\u00e7a de Passageiros do 11 de setembro sejam destinadas exclusivamente \u00e0 seguran\u00e7a da avia\u00e7\u00e3o e adotar a Lei de C\u00e9us Sustent\u00e1veis para criar um novo cr\u00e9dito fiscal especificamente destinado a incentivar a produ\u00e7\u00e3o e o uso de energia sustent\u00e1vel de baixo carbono. Aviation Fuel (SAF) para ajudar a lidar com as preocupa\u00e7\u00f5es clim\u00e1ticas.&nbsp;<\/span><\/p>\n<p><span data-preserver-spaces=\"true\">Al\u00e9m disso, fui novamente convidado a prestar depoimento da GBTA durante uma audi\u00eancia do Subcomit\u00ea de Turismo, Com\u00e9rcio e Promo\u00e7\u00e3o de Exporta\u00e7\u00e3o do Comit\u00ea de Com\u00e9rcio do Senado, que acontecer\u00e1 hoje a partir das 15h ET (<\/span><a class=\"editor-rtfLink\" href=\"https:\/\/www.commerce.senate.gov\/2022\/6\/reviving-conventions-tourism-through-international-travel\" target=\"_blank\" rel=\"noopener\"><span data-preserver-spaces=\"true\">assista a transmiss\u00e3o ao vivo aqui<\/span><\/a><span data-preserver-spaces=\"true\">&nbsp;ou repetir). Desta vez o tema \u00e9 \u201cReviver Conven\u00e7\u00f5es e Turismo Atrav\u00e9s de Viagens Internacionais\u201d.&nbsp;&nbsp;<\/span><\/p>\n<p><span data-preserver-spaces=\"true\">Um ponto-chave que enfatizarei em meu testemunho em nome de nossos membros da GBTA e da ind\u00fastria \u00e9 que devemos continuar a remover as barreiras assim\u00e9tricas \u00e0s viagens de neg\u00f3cios \u2013 como os requisitos de testes de entrada dos EUA para viajantes \u2013 e criar um caminho seguro e f\u00e1cil para empres\u00e1rios internacionais voltem a participar de feiras e conven\u00e7\u00f5es. As pessoas precisam se conectar cara a cara, e \u00e9 importante que o governo e as empresas trabalhem juntos para conseguir isso.&nbsp;<\/span><\/p>\n<p><span data-preserver-spaces=\"true\">&nbsp;<\/span><\/p>\n<p><span data-preserver-spaces=\"true\">Suzanne&nbsp;<\/span><\/p>\n<p>&nbsp;<\/p>\n<p><u>Novidades para saber:<\/u><\/p>\n<p><strong>It\u00e1lia reduz restri\u00e7\u00f5es de viagem<\/strong><\/p>\n<p><a href=\"https:\/\/www.businesstravelnewseurope.com\/Management\/Italy-drops-travel-restrictions\">A It\u00e1lia removeu todas as entradas<\/a> restri\u00e7\u00f5es depois que o Minist\u00e9rio da Sa\u00fade italiano anunciou que todos os viajantes, independentemente do pa\u00eds de origem ou de partida, n\u00e3o ser\u00e3o mais obrigados a apresentar um certificado de vacina\u00e7\u00e3o, recupera\u00e7\u00e3o ou teste na chegada. A mudan\u00e7a ocorre uma semana antes da mega exposi\u00e7\u00e3o Salone del Mobile 2022 em Mil\u00e3o (07 a 12 de junho) \u2013 um evento que atraiu mais de 370.000 participantes antes da pandemia. A It\u00e1lia facilitou seu mandato de m\u00e1scaras em maio, mas as m\u00e1scaras FFP2 ainda s\u00e3o necess\u00e1rias no transporte p\u00fablico, incluindo voos.<\/p>\n<p><strong>Companhias a\u00e9reas dos EUA cancelam quase 3.000 voos de fim de semana de f\u00e9rias<\/strong><\/p>\n<p><a href=\"https:\/\/www.businesstravelnews.com\/Transportation\/Air\/US-Airlines-Cancel-Nearly-3000-Holiday-Weekend-Flights\">As companhias a\u00e9reas dos EUA cancelaram 2.788 voos no longo fim de semana do Memorial Day<\/a>, de acordo com a FlightAware, com cerca de 5% dos voos programados cancelados na sexta-feira e 2% cada no s\u00e1bado, domingo e segunda-feira. Embora n\u00e3o sejam t\u00e3o extensos quanto os experimentados durante os feriados de Natal e Ano Novo, os cancelamentos deram um in\u00edcio dif\u00edcil \u00e0 temporada de viagens de ver\u00e3o, embora os executivos das companhias a\u00e9reas durante as recentes teleconfer\u00eancias de resultados tenham dito que estavam prontos para a forte demanda prevista para o per\u00edodo . O mau tempo foi o principal motivo dos atrasos, mas os problemas de controle de tr\u00e1fego a\u00e9reo e a falta de pessoal devido aos casos de Covid-19 tamb\u00e9m foram os culpados.<\/p>\n<p><strong>Delta vai &#039;diminuir estrategicamente&#039; voos neste ver\u00e3o<\/strong><\/p>\n<p>A Delta Air Lines anunciou <a href=\"https:\/\/www.cnn.com\/travel\/article\/delta-air-lines-cuts-summer-schedule\/index.html\">cortar\u00e1 cerca de 100 voos por dia de sua programa\u00e7\u00e3o neste ver\u00e3o para \u201cminimizar interrup\u00e7\u00f5es<\/a> e se recuperar mais rapidamente quando os desafios ocorrerem. \u201cA companhia a\u00e9rea citou o aumento da demanda e os desafios de \u201creconstruir a opera\u00e7\u00e3o em grande escala da Delta\u201d em seu an\u00fancio de cortes em suas partidas di\u00e1rias entre 1\u00ba de julho e 7 de agosto, o que afetar\u00e1 principalmente os mercados dos EUA e da Am\u00e9rica Latina. A Delta disse que continuar\u00e1 ajustando sua programa\u00e7\u00e3o nas pr\u00f3ximas semanas.<\/p>\n<p><strong>O retorno das viagens de neg\u00f3cios da Am\u00e9rica Latina<\/strong><\/p>\n<p><a href=\"https:\/\/airinsight.com\/the-bounce-back-of-latin-americas-business-travel\/\">As viagens de neg\u00f3cios est\u00e3o se recuperando na Am\u00e9rica Latina.<\/a> Nas \u00faltimas semanas, vimos os \u00f3timos resultados financeiros da GOL Linhas A\u00e9reas e da Azul Linhas A\u00e9reas, e agora um aumento na capacidade de neg\u00f3cios do Grupo LATAM Airlines. Em janeiro e fevereiro, os n\u00edveis de vendas da operadora brasileira aumentaram em 10% e 30%, respectivamente, em rela\u00e7\u00e3o aos mesmos per\u00edodos de 2019. Em mar\u00e7o, o crescimento foi ainda mais significativo, superando em 60% seu n\u00edvel de tr\u00e1fego pr\u00e9-pandemia.<\/p>\n<p>&nbsp;<\/p>\n<p><u>Not\u00edcias e lembretes GBTA:<\/u><\/p>\n<p><strong>Bootcamp de Gerenciamento de Risco de Viagem \u2013 Entendendo e Implementando a ISO31030<\/strong><\/p>\n<p><a href=\"https:\/\/gbta.org\/pt\/calendar\/all-events\/eventid\/1293\/e\/travel-risk-management-bootcamp-understanding-and-implementing-iso31030-7-jun-2022\/\">Explore o gerenciamento de riscos de viagens<\/a> conosco em 7 de junho<sup>\u00ba<\/sup> &nbsp;para entender o novo padr\u00e3o ISO 31030 e obter as ferramentas e a confian\u00e7a para atualizar e\/ou criar um sistema robusto dentro de sua organiza\u00e7\u00e3o. Este curso de dois dias, conduzido por especialistas em gerenciamento de risco de viagens Global Secure Accreditation em conjunto com GBTA e o Anvil Group, foi desenvolvido para fornecer orienta\u00e7\u00e3o pr\u00e1tica a qualquer pessoa envolvida na cria\u00e7\u00e3o e gerenciamento de programas de viagens corporativas.<\/p>\n<p><strong>Desempacotando GRIT: Gra\u00e7a, Resili\u00eancia, Inova\u00e7\u00e3o e Tenacidade - Reuni\u00e3o de Junho de Viagens de Neg\u00f3cios em Utah<\/strong><\/p>\n<p>Junte-se a n\u00f3s 9 de junho<sup>\u00ba<\/sup> como Palestrante Motivacional, Kamile Bauer mergulha profundamente <a href=\"https:\/\/gbta.org\/pt\/calendar\/all-events\/eventid\/1395\/e\/unpacking-grit-grace-resilience-innovation-tenacity-utah-business-travel-june-meeting-9-jun-2022\/\">Desempacotando GRIT,<\/a> como transformar os contratempos nas configura\u00e7\u00f5es, como continuar e como distinguir copos cheios versus copos vazios.<\/p>\n<p><strong>A mentalidade digital nas viagens de neg\u00f3cios<\/strong><\/p>\n<p>Junte-se a n\u00f3s 14 de junho<sup>\u00ba<\/sup> para <a href=\"https:\/\/gbta.org\/pt\/calendar\/all-events\/eventid\/1394\/e\/il-digital-mindset-nei-viaggi-daffari-14-jun-2022\/\">saiba mais sobre a digitaliza\u00e7\u00e3o das viagens<\/a> tem sido um processo que vem acontecendo h\u00e1 algum tempo em muitas empresas. \u00c9 de extrema import\u00e2ncia colocar o aspecto humano e ecossist\u00eamico em primeiro lugar, fazendo do Gestor de Viagens assistido pelo fornecedor\/parceiro um facilitador chave da revolu\u00e7\u00e3o digital das viagens de neg\u00f3cios na empresa.<\/p>","protected":false},"excerpt":{"rendered":"<p>Os esfor\u00e7os de advocacia do GBTA foram transcontinentais nas \u00faltimas semanas. Depois de retornar de reuni\u00f5es produtivas sobre pol\u00edtica na Europa, agora esta semana, estamos em Washington DC para a C\u00fapula Legislativa anual da GBTA nos EUA. Liderada por Shane Downey, VP de Rela\u00e7\u00f5es Governamentais e Comunit\u00e1rias, e nossos volunt\u00e1rios do Comit\u00ea de Rela\u00e7\u00f5es Governamentais do GBTA, a C\u00fapula capacita o\u2026<\/p>","protected":false},"author":25,"featured_media":0,"comment_status":"open","ping_status":"open","sticky":false,"template":"","format":"standard","meta":{"_acf_changed":false,"_seopress_robots_primary_cat":"none","_seopress_titles_title":"","_seopress_titles_desc":"","_seopress_robots_index":"","om_disable_all_campaigns":false,"_relevanssi_hide_post":"","_relevanssi_hide_content":"","_relevanssi_pin_for_all":"","_relevanssi_pin_keywords":"","_relevanssi_unpin_keywords":"","_relevanssi_related_keywords":"","_relevanssi_related_include_ids":"","_relevanssi_related_exclude_ids":"","_relevanssi_related_no_append":"","_relevanssi_related_not_related":"","_relevanssi_related_posts":"2477,1439,2017,1620,1171,2480","_relevanssi_noindex_reason":"","_kad_blocks_custom_css":"","_kad_blocks_head_custom_js":"","_kad_blocks_body_custom_js":"","_kad_blocks_footer_custom_js":"","_kad_post_transparent":"","_kad_post_title":"","_kad_post_layout":"","_kad_post_sidebar_id":"","_kad_post_content_style":"","_kad_post_vertical_padding":"","_kad_post_feature":"","_kad_post_feature_position":"","_kad_post_header":false,"_kad_post_footer":false,"footnotes":"","_links_to":"","_links_to_target":""},"categories":[1307,1438,280],"tags":[1450],"class_list":["post-2700","post","type-post","status-publish","format-standard","hentry","category-government-relations","category-procurement-and-policy","category-sustainability","tag-check-in-with-suzanne"],"acf":[],"featured_image_src_large":false,"author_info":{"display_name":"jcampbell","author_link":"https:\/\/gbta.org\/pt\/author\/jcampbell\/"},"comment_info":"","category_info":[{"term_id":1307,"name":"Government Relations","slug":"government-relations","term_group":0,"term_taxonomy_id":1307,"taxonomy":"category","description":"","parent":0,"count":61,"filter":"raw","cat_ID":1307,"category_count":61,"category_description":"","cat_name":"Government Relations","category_nicename":"government-relations","category_parent":0},{"term_id":1438,"name":"Procurement and Policy","slug":"procurement-and-policy","term_group":0,"term_taxonomy_id":1438,"taxonomy":"category","description":"","parent":0,"count":38,"filter":"raw","cat_ID":1438,"category_count":38,"category_description":"","cat_name":"Procurement and Policy","category_nicename":"procurement-and-policy","category_parent":0},{"term_id":280,"name":"Sustainability","slug":"sustainability","term_group":0,"term_taxonomy_id":280,"taxonomy":"category","description":"","parent":0,"count":130,"filter":"raw","cat_ID":280,"category_count":130,"category_description":"","cat_name":"Sustainability","category_nicename":"sustainability","category_parent":0}],"tag_info":[{"term_id":1450,"name":"Check-in with Suzanne","slug":"check-in-with-suzanne","term_group":0,"term_taxonomy_id":1450,"taxonomy":"post_tag","description":"","parent":0,"count":47,"filter":"raw"}],"taxonomy_info":{"category":[{"value":1307,"label":"Government Relations"},{"value":1438,"label":"Procurement and Policy"},{"value":280,"label":"Sustainability"}],"post_tag":[{"value":1450,"label":"Check-in with Suzanne"}]},"featured_image_src":null,"featured_image_src_square":null,"mfb_rest_fields":["featured_image_src_large","author_info","comment_info","category_info","tag_info","taxonomy_info","featured_image_src","featured_image_src_square"],"_links":{"self":[{"href":"https:\/\/gbta.org\/pt\/wp-json\/wp\/v2\/posts\/2700","targetHints":{"allow":["GET"]}}],"collection":[{"href":"https:\/\/gbta.org\/pt\/wp-json\/wp\/v2\/posts"}],"about":[{"href":"https:\/\/gbta.org\/pt\/wp-json\/wp\/v2\/types\/post"}],"author":[{"embeddable":true,"href":"https:\/\/gbta.org\/pt\/wp-json\/wp\/v2\/users\/25"}],"replies":[{"embeddable":true,"href":"https:\/\/gbta.org\/pt\/wp-json\/wp\/v2\/comments?post=2700"}],"version-history":[{"count":0,"href":"https:\/\/gbta.org\/pt\/wp-json\/wp\/v2\/posts\/2700\/revisions"}],"wp:attachment":[{"href":"https:\/\/gbta.org\/pt\/wp-json\/wp\/v2\/media?parent=2700"}],"wp:term":[{"taxonomy":"category","embeddable":true,"href":"https:\/\/gbta.org\/pt\/wp-json\/wp\/v2\/categories?post=2700"},{"taxonomy":"post_tag","embeddable":true,"href":"https:\/\/gbta.org\/pt\/wp-json\/wp\/v2\/tags?post=2700"}],"curies":[{"name":"wp","href":"https:\/\/api.w.org\/{rel}","templated":true}]}}