{"id":2707,"date":"2022-06-21T10:01:00","date_gmt":"2022-06-21T14:01:00","guid":{"rendered":"https:\/\/gbta.org\/check-in-with-suzanne-65\/"},"modified":"2022-09-28T14:34:13","modified_gmt":"2022-09-28T18:34:13","slug":"check-in-with-suzanne-65","status":"publish","type":"post","link":"https:\/\/gbta.org\/pt\/check-in-with-suzanne-65\/","title":{"rendered":"Check-in com Suzanne"},"content":{"rendered":"<p><span data-contrast=\"auto\">Nem todo profissional pode dizer que tamb\u00e9m \u00e9 o p\u00fablico-alvo do trabalho que realiza. Como profissionais do setor de viagens de neg\u00f3cios, podemos \u2013 frequentemente viajamos a neg\u00f3cios.&nbsp;<\/span><span data-ccp-props=\"{&quot;201341983&quot;:0,&quot;335559739&quot;:160,&quot;335559740&quot;:257}\">&nbsp;<\/span><\/p>\n<p><span data-contrast=\"auto\">\u00c0 medida que saio em minhas pr\u00f3ximas viagens internacionais de neg\u00f3cios, tenho sentido pessoalmente o impacto do GBTA <\/span><a href=\"https:\/\/gbta.org\/pt\/blog\/gbta-vigorously-supports-the-lifting-of-covid-19-testing-requirements-for-u-s-in-bound-travelers-by-the-biden-administration\/\"><span data-contrast=\"none\">esfor\u00e7os de advocacia<\/span><\/a><span data-contrast=\"auto\">. \u00c9 um grande al\u00edvio n\u00e3o me preocupar se poderei voltar para casa, gra\u00e7as \u00e0 elimina\u00e7\u00e3o do requisito de teste COVID-19 para viajantes de entrada nos EUA. Menos restri\u00e7\u00e3o abre espa\u00e7o precioso e produtivo em nossas mentes e hor\u00e1rios de trabalho: menos preocupa\u00e7\u00e3o com barreiras de viagem e mais foco em fazer neg\u00f3cios. Eu adoraria saber se o levantamento do requisito afetou a forma como voc\u00ea viaja a neg\u00f3cios agora.&nbsp;&nbsp;<\/span><span data-ccp-props=\"{&quot;201341983&quot;:0,&quot;335559739&quot;:160,&quot;335559740&quot;:257}\">&nbsp;<\/span><\/p>\n<p><span data-contrast=\"auto\">A GBTA continua ativa e ativa em nome de nossos membros e da ind\u00fastria em \u00e1reas importantes, incluindo nossa jornada coletiva em dire\u00e7\u00e3o a um futuro mais verde para viagens de neg\u00f3cios. GBTA <\/span><a href=\"https:\/\/gbta.org\/pt\/blog\/gbta-weighs-in-on-proposed-climate-disclosure-rules-in-the-u-s\/\"><span data-contrast=\"none\">coment\u00e1rios arquivados<\/span><\/a><span data-contrast=\"none\"> na semana passada sobre as regras de divulga\u00e7\u00e3o clim\u00e1tica propostas pelo <\/span><span data-contrast=\"none\">Comiss\u00e3o de Valores Mobili\u00e1rios dos EUA, colocando em destaque<\/span><span data-contrast=\"none\"> Emiss\u00f5es de Escopo 3 e viagens a neg\u00f3cios<\/span><span data-contrast=\"none\">.<\/span><span data-ccp-props=\"{&quot;201341983&quot;:0,&quot;335559739&quot;:160,&quot;335559740&quot;:257}\">&nbsp;<\/span><\/p>\n<p><span data-contrast=\"auto\">\u00c9 tamb\u00e9m aquele momento em que todos os caminhos nas viagens de neg\u00f3cios est\u00e3o levando ao <\/span><a href=\"https:\/\/convention.gbta.org\/\"><span data-contrast=\"none\">Conven\u00e7\u00e3o GBTA<\/span><\/a><span data-contrast=\"auto\">, 14-17 de agosto, em San Diego. \u00c9 dif\u00edcil acreditar que em menos de oito semanas estaremos juntos novamente para o encontro mais importante da ind\u00fastria global de viagens de neg\u00f3cios. Voc\u00ea visitou o site da Conven\u00e7\u00e3o recentemente? Todos os dias estamos adicionando novos <\/span><a href=\"https:\/\/convention.gbta.org\/Program\/Main-Stage\"><span data-contrast=\"none\">Palco principal<\/span><\/a><span data-contrast=\"auto\"> caracter\u00edsticas e <\/span><a href=\"https:\/\/convention.gbta.org\/Program\/Speakers\"><span data-contrast=\"none\">caixas de som<\/span><\/a><span data-contrast=\"auto\">, <\/span><a href=\"https:\/\/web.cvent.com\/event\/ed4dc648-c632-4e04-b7e3-740d63fff897\/summary?_ga=2.21961147.1430012130.1655390949-1820023432.1626104215\"><span data-contrast=\"none\">sess\u00f5es de educa\u00e7\u00e3o<\/span><\/a><span data-contrast=\"auto\"> abrangendo <\/span><a href=\"https:\/\/convention.gbta.org\/Program\/Education-Tracks\"><span data-contrast=\"none\">12 faixas relevantes para a ind\u00fastria<\/span><\/a><span data-contrast=\"auto\">, e muito mais.&nbsp;<\/span><span data-ccp-props=\"{&quot;201341983&quot;:0,&quot;335559739&quot;:160,&quot;335559740&quot;:257}\">&nbsp;<\/span><\/p>\n<p><span data-contrast=\"auto\">Por isso, re\u00fana as suas equipas e as suas inscri\u00e7\u00f5es \u2013 o <\/span><a href=\"https:\/\/convention.gbta.org\/Registration\/Registration\"><span data-contrast=\"none\">melhor taxa de participantes<\/span><\/a><span data-contrast=\"auto\"> dispon\u00edvel agora termina hoje. Programe-se para chegar cedo no domingo, 14 de agosto, para aproveitar a <\/span><a href=\"https:\/\/convention.gbta.org\/Program\/WINiT-Summit\"><span data-contrast=\"none\">WINiT por GBTA Summit<\/span><\/a><span data-contrast=\"auto\"> e passar um tempo no primeiro Pavilh\u00e3o de Sustentabilidade da GBTA (Mais detalhes em breve!)<\/span><span data-ccp-props=\"{&quot;201341983&quot;:0,&quot;335559739&quot;:160,&quot;335559740&quot;:257}\">&nbsp;<\/span><\/p>\n<p><span data-contrast=\"auto\">Durante o evento, entregaremos as ofertas fundamentais que voc\u00ea espera todos os anos, mas prometo que a Conven\u00e7\u00e3o GBTA 2022 ser\u00e1 diferente, soar\u00e1 diferente e ser\u00e1 diferente, com algumas surpresas reservadas. O mundo continua evoluindo e o GBTA tamb\u00e9m.<\/span><span data-ccp-props=\"{&quot;201341983&quot;:0,&quot;335559739&quot;:160,&quot;335559740&quot;:257}\">&nbsp;<\/span><\/p>\n<p><span data-contrast=\"auto\">J\u00e1 se inscreveu na Conven\u00e7\u00e3o? <\/span><a href=\"https:\/\/convention.gbta.org\/About\/Social-Media\"><span data-contrast=\"none\">Espalhe a palavra (social)<\/span><\/a><span data-contrast=\"auto\"> #GBTA2022. N\u00e3o podemos (Re)Connect, (Re)Imagine ou (Re)Criar o futuro das viagens de neg\u00f3cios sem VOC\u00ca.<\/span><span data-ccp-props=\"{&quot;201341983&quot;:0,&quot;335559739&quot;:160,&quot;335559740&quot;:257}\">&nbsp;<\/span><\/p>\n<p><span data-contrast=\"auto\">Suzanne<\/span><span data-ccp-props=\"{&quot;201341983&quot;:0,&quot;335559739&quot;:160,&quot;335559740&quot;:257}\">&nbsp;<\/span><\/p>\n<p>&nbsp;<\/p>\n<p><u>Novidades para saber:<\/u><\/p>\n<p><strong>Setor a\u00e9reo reduz perdas com retorno da demanda por viagens<\/strong><\/p>\n<p><a href=\"https:\/\/www.businesstravelnewseurope.com\/Air-Travel\/Airline-industry-cuts-losses-as-travel-demand-returns\">A ind\u00fastria a\u00e9rea deve reduzir suas perdas globais globais para $9,7 bilh\u00f5es este ano,<\/a> embora algumas regi\u00f5es, como a Am\u00e9rica do Norte, possam retornar ao lucro em 2022. As \u00faltimas perspectivas do setor da associa\u00e7\u00e3o de companhias a\u00e9reas IATA disseram que a perda prevista do setor em 2022 seria uma \u201cenorme melhoria\u201d nas perdas de $137,7 bilh\u00f5es em 2020 e $42. 1 bilh\u00e3o em 2021, quando os servi\u00e7os foram fortemente reduzidos devido \u00e0 pandemia de Covid-19.<\/p>\n<p><strong>Tarifas e ocupa\u00e7\u00e3o de hot\u00e9is de ver\u00e3o devem superar 2019<\/strong><\/p>\n<p>At\u00e9 agora, em junho, julho e agosto, <a href=\"https:\/\/www.businesstravelnewseurope.com\/Accommodation\/Summer-hotel-rates-and-occupancy-to-outpace-2019\">a ocupa\u00e7\u00e3o global de hot\u00e9is est\u00e1 cerca de 1% abaixo dos n\u00edveis de 2019<\/a>, mas a Amadeus observou que, para que nenhum comprador de viagens corporativas pense que isso representa uma oportunidade para tarifas mais baixas, os n\u00fameros provavelmente melhorar\u00e3o com o passar do ver\u00e3o. Os dados da Amadeus mostram que mais da metade das viagens em todo o mundo est\u00e3o sendo reservadas dentro de uma semana antes da viagem. As reservas dentro da janela de sete dias representam 33% das reservas na Fran\u00e7a, 35% na Alemanha, 36% na Espanha, 39% no Reino Unido e 55% nos EUA, segundo os dados.<\/p>\n<p><strong>C\u00e2mara aprova projeto de lei para financiar infraestrutura de t\u00e1xi a\u00e9reo el\u00e9trico<\/strong><\/p>\n<p><a href=\"https:\/\/www.travelweekly.com\/Travel-News\/Government\/House-passes-bill-fund-electric-air-taxi-infrastructure\">Um projeto de lei aprovado pela C\u00e2mara dos Deputados semearia o desenvolvimento do t\u00e1xi a\u00e9reo el\u00e9trico<\/a> infraestrutura como vertiportos, esta\u00e7\u00f5es de carregamento e abastecimento de energia el\u00e9trica e conectividade com os centros de transporte existentes. A Lei de Moderniza\u00e7\u00e3o da Infraestrutura de Avia\u00e7\u00e3o Avan\u00e7ada criaria um programa piloto de concess\u00e3o de $25 milh\u00f5es de dois anos, com fundos concedidos a governos estaduais, locais e tribais. A medida foi aprovada na C\u00e2mara por 338 votos a 73.<\/p>\n<p><strong>Mandato de vacinas para viagens dom\u00e9sticas no Canad\u00e1 termina hoje<\/strong><\/p>\n<p><a href=\"https:\/\/www.cp24.com\/news\/vaccine-mandate-for-domestic-travel-within-canada-ends-today-1.5954522\">Canadenses n\u00e3o precisam mais apresentar comprovante de vacina\u00e7\u00e3o contra COVID-19 para embarcar em voos e trens dom\u00e9sticos<\/a> ou voos de sa\u00edda para o exterior a partir de segunda-feira, 20 de junho. A flexibiliza\u00e7\u00e3o das regras faz parte de uma s\u00e9rie de medidas anunciadas pelo governo federal no in\u00edcio deste m\u00eas, em resposta ao setor de viagens que reclama de longas esperas e atrasos de voos nos aeroportos. exig\u00eancia de que todos os empregadores do setor de transporte regulamentados pelo governo federal instituam uma pol\u00edtica de vacina\u00e7\u00e3o obrigat\u00f3ria, e eles dizem que n\u00e3o exigir\u00e3o mais uma pol\u00edtica de vacina obrigat\u00f3ria COVID-19 em todos os setores regulamentados pelo governo federal fora do transporte, como telecomunica\u00e7\u00f5es e bancos<\/p>\n<p><u>Not\u00edcias e lembretes GBTA:<\/u><\/p>\n<p><strong>GBTA Canad\u00e1 Conversa Direta<\/strong><\/p>\n<p><a href=\"https:\/\/gbta.org\/pt\/calendar\/all-events\/eventid\/1402\/e\/gbta-canada-direct-talk-22-jun-2022\/\">Junte-se ao GBTA Canad\u00e1 em 22 de junho \u00e0s 14h EST<\/a> para o retorno das Conversas Diretas. Essas palestras est\u00e3o focadas em fornecer aos compradores canadenses uma troca aberta de ideias e compreens\u00e3o da din\u00e2mica do mercado.<\/p>\n<p><strong>T\u00f3picos quentes de transporte terrestre, refei\u00e7\u00f5es e viagens de neg\u00f3cios: resultados da pesquisa conjunta GBTA e Uber for Business<\/strong><\/p>\n<p><a href=\"https:\/\/businesses.uber.com\/gbta-roadshow-2022\">Junte-se ao GBTA e Uber for Business na quinta-feira, 23 de junho, \u00e0s 14h ET<\/a> para uma sess\u00e3o interativa onde discutimos os resultados de nosso primeiro relat\u00f3rio conjunto de transporte terrestre de viagens de neg\u00f3cios, que inclui o papel das plataformas de compartilhamento de viagens em programas de viagens, como a sustentabilidade \u00e9 abordada em programas de viagens e op\u00e7\u00f5es de refei\u00e7\u00f5es para viajantes de neg\u00f3cios quando est\u00e3o na estrada. Al\u00e9m disso, ou\u00e7a em primeira m\u00e3o um gerente de viagens sobre o valor de um programa de transporte terrestre gerenciado e termine o dia com um coquetel no terra\u00e7o, incluindo um bar hospedado e aperitivos passados.<\/p>","protected":false},"excerpt":{"rendered":"<p>Nem todo profissional pode dizer que tamb\u00e9m \u00e9 o p\u00fablico-alvo do trabalho que realiza. Como profissionais do setor de viagens de neg\u00f3cios, podemos \u2013 frequentemente viajamos a neg\u00f3cios. \u00c0 medida que saio em minhas pr\u00f3ximas viagens internacionais de neg\u00f3cios, tenho sentido pessoalmente o impacto dos esfor\u00e7os de advocacia da GBTA. \u00c9 um grande al\u00edvio n\u00e3o\u2026<\/p>","protected":false},"author":25,"featured_media":0,"comment_status":"open","ping_status":"open","sticky":false,"template":"","format":"standard","meta":{"_acf_changed":false,"_seopress_robots_primary_cat":"none","_seopress_titles_title":"","_seopress_titles_desc":"","_seopress_robots_index":"","om_disable_all_campaigns":false,"_relevanssi_hide_post":"","_relevanssi_hide_content":"","_relevanssi_pin_for_all":"","_relevanssi_pin_keywords":"","_relevanssi_unpin_keywords":"","_relevanssi_related_keywords":"","_relevanssi_related_include_ids":"","_relevanssi_related_exclude_ids":"","_relevanssi_related_no_append":"","_relevanssi_related_not_related":"","_relevanssi_related_posts":"2477,1439,2017,1620,1171,2480","_relevanssi_noindex_reason":"","_kad_blocks_custom_css":"","_kad_blocks_head_custom_js":"","_kad_blocks_body_custom_js":"","_kad_blocks_footer_custom_js":"","_kad_post_transparent":"","_kad_post_title":"","_kad_post_layout":"","_kad_post_sidebar_id":"","_kad_post_content_style":"","_kad_post_vertical_padding":"","_kad_post_feature":"","_kad_post_feature_position":"","_kad_post_header":false,"_kad_post_footer":false,"footnotes":"","_links_to":"","_links_to_target":""},"categories":[1437,1307,1152],"tags":[1450],"class_list":["post-2707","post","type-post","status-publish","format-standard","hentry","category-covid-19","category-government-relations","category-meetings-and-events","tag-check-in-with-suzanne"],"acf":[],"featured_image_src_large":false,"author_info":{"display_name":"jcampbell","author_link":"https:\/\/gbta.org\/pt\/author\/jcampbell\/"},"comment_info":"","category_info":[{"term_id":1437,"name":"COVID-19","slug":"covid-19","term_group":0,"term_taxonomy_id":1437,"taxonomy":"category","description":"","parent":0,"count":124,"filter":"raw","cat_ID":1437,"category_count":124,"category_description":"","cat_name":"COVID-19","category_nicename":"covid-19","category_parent":0},{"term_id":1307,"name":"Government Relations","slug":"government-relations","term_group":0,"term_taxonomy_id":1307,"taxonomy":"category","description":"","parent":0,"count":61,"filter":"raw","cat_ID":1307,"category_count":61,"category_description":"","cat_name":"Government Relations","category_nicename":"government-relations","category_parent":0},{"term_id":1152,"name":"Meetings and Events","slug":"meetings-and-events","term_group":0,"term_taxonomy_id":1152,"taxonomy":"category","description":"","parent":0,"count":56,"filter":"raw","cat_ID":1152,"category_count":56,"category_description":"","cat_name":"Meetings and Events","category_nicename":"meetings-and-events","category_parent":0}],"tag_info":[{"term_id":1450,"name":"Check-in with Suzanne","slug":"check-in-with-suzanne","term_group":0,"term_taxonomy_id":1450,"taxonomy":"post_tag","description":"","parent":0,"count":47,"filter":"raw"}],"taxonomy_info":{"category":[{"value":1437,"label":"COVID-19"},{"value":1307,"label":"Government Relations"},{"value":1152,"label":"Meetings and Events"}],"post_tag":[{"value":1450,"label":"Check-in with Suzanne"}]},"featured_image_src":null,"featured_image_src_square":null,"mfb_rest_fields":["featured_image_src_large","author_info","comment_info","category_info","tag_info","taxonomy_info","featured_image_src","featured_image_src_square"],"_links":{"self":[{"href":"https:\/\/gbta.org\/pt\/wp-json\/wp\/v2\/posts\/2707","targetHints":{"allow":["GET"]}}],"collection":[{"href":"https:\/\/gbta.org\/pt\/wp-json\/wp\/v2\/posts"}],"about":[{"href":"https:\/\/gbta.org\/pt\/wp-json\/wp\/v2\/types\/post"}],"author":[{"embeddable":true,"href":"https:\/\/gbta.org\/pt\/wp-json\/wp\/v2\/users\/25"}],"replies":[{"embeddable":true,"href":"https:\/\/gbta.org\/pt\/wp-json\/wp\/v2\/comments?post=2707"}],"version-history":[{"count":0,"href":"https:\/\/gbta.org\/pt\/wp-json\/wp\/v2\/posts\/2707\/revisions"}],"wp:attachment":[{"href":"https:\/\/gbta.org\/pt\/wp-json\/wp\/v2\/media?parent=2707"}],"wp:term":[{"taxonomy":"category","embeddable":true,"href":"https:\/\/gbta.org\/pt\/wp-json\/wp\/v2\/categories?post=2707"},{"taxonomy":"post_tag","embeddable":true,"href":"https:\/\/gbta.org\/pt\/wp-json\/wp\/v2\/tags?post=2707"}],"curies":[{"name":"wp","href":"https:\/\/api.w.org\/{rel}","templated":true}]}}