{"id":2710,"date":"2022-06-28T10:01:00","date_gmt":"2022-06-28T14:01:00","guid":{"rendered":"https:\/\/gbta.org\/check-in-with-suzanne-66\/"},"modified":"2022-09-28T14:40:41","modified_gmt":"2022-09-28T18:40:41","slug":"check-in-with-suzanne-66","status":"publish","type":"post","link":"https:\/\/gbta.org\/pt\/check-in-with-suzanne-66\/","title":{"rendered":"Check-in com Suzanne"},"content":{"rendered":"<p>Um valor fundamental de ser um membro da GBTA \u00e9 ter suas opini\u00f5es ouvidas e ter um papel ativo na cria\u00e7\u00e3o do futuro para a associa\u00e7\u00e3o e nossa ind\u00fastria. Na semana passada, tive a oportunidade de participar virtualmente de uma reuni\u00e3o do Comit\u00ea de Acomoda\u00e7\u00f5es do GBTA que estava reunido pessoalmente em Dallas. Foi produtivo e perspicaz conectar t\u00f3picos oportunos, desde como estamos nos saindo estrategicamente como ind\u00fastria e associa\u00e7\u00e3o, at\u00e9 as \u00faltimas novidades sobre os acontecimentos da Conven\u00e7\u00e3o. Para mim, momentos como esses s\u00e3o verdadeiramente comemorativos de nossos muitos volunt\u00e1rios cujo tempo, dedica\u00e7\u00e3o e trabalho continuam impulsionando o GBTA e o setor de viagens de neg\u00f3cios. Somos gratos a todos voc\u00eas.<\/p>\n<p>\u00c9 tamb\u00e9m aquela \u00e9poca do ano em que uma das maneiras mais impactantes de voc\u00ea ter um papel ativo como membro do GBTA \u00e9 votando no Conselho de Administra\u00e7\u00e3o do GBTA \u2013 o processo eleitoral de 2022 est\u00e1 em andamento.<\/p>\n<p>Este ano, temos uma lista global entusi\u00e1stica e combinada de 12 candidatos diretos e aliados competindo por tr\u00eas vagas dispon\u00edveis no Conselho: duas vagas diretas e uma vaga aliada, cada uma servir\u00e1 por um mandato de dois anos. Visite a p\u00e1gina web da GBTA Election para mais detalhes \u2013 porque a melhor escolha \u00e9 a informada. Em julho, voc\u00ea tamb\u00e9m ver\u00e1 postadas l\u00e1 as plataformas fornecidas por cada um dos candidatos. Al\u00e9m disso, planeje participar da Reuni\u00e3o Virtual de Neg\u00f3cios Anual da GBTA e do F\u00f3rum Global de Candidatos em 19 de julho, onde cada candidato ter\u00e1 tr\u00eas minutos para apresentar seu discurso de campanha.<\/p>\n<p>Em 26 de julho, os membros do GBTA receber\u00e3o um e-mail seguro de terceiros de \u201cGBTA Elections\u201d que conter\u00e1 seu link individual confidencial, an\u00f4nimo para votar eletronicamente. Voc\u00ea poder\u00e1 votar at\u00e9 15 de agosto, \u00e0s 17h ET. Apenas membros diretos e aliados podem votar, portanto, certifique-se de que sua associa\u00e7\u00e3o global esteja ativa. (Envie um e-mail para membercare@gbta.org se tiver d\u00favidas.)<\/p>\n<p>Anunciaremos os candidatos vencedores ao vivo na Conven\u00e7\u00e3o durante a sess\u00e3o do Main Stage da tarde em 16 de agosto. Os membros rec\u00e9m-eleitos do Conselho suceder\u00e3o aos atuais membros do Conselho, Phillip Pe\u00f1a, Connie Smith e Rita Visser, que completam seus mandatos em agosto \u2013 e que gostar\u00edamos de agradecer por seu servi\u00e7o.<\/p>\n<p>O GBTA sempre foi impulsionado pela dedica\u00e7\u00e3o de nossos muitos membros volunt\u00e1rios. A elei\u00e7\u00e3o dos l\u00edderes do nosso Conselho \u00e9 primordial, especialmente em um momento em que o \u201cneg\u00f3cio como de costume\u201d em nosso setor tem sido tudo menos o \u201cusual\u201d. Marque seu calend\u00e1rio para votar at\u00e9 segunda-feira, 15 de agosto, \u00e0s 17h ET. Fa\u00e7a sua voz ser ouvida \u2013 porque precisamos do seu voto para fazer toda a diferen\u00e7a.<\/p>\n<p>Suzanne<\/p>\n<p>&nbsp;<\/p>\n<p><u>Novidades para saber:<\/u><\/p>\n<p><strong>\u00c1frica do Sul derruba todas as restri\u00e7\u00f5es do Covid e sua ind\u00fastria de viagens comemora<\/strong><\/p>\n<p>Ap\u00f3s dois longos anos, o <a href=\"https:\/\/www.travelweekly.com\/Middle-East-Africa-Travel\/Insights\/Covid-restrictions-in-South-Africa-suspended-industry-reacts\">O governo sul-africano anunciou em 22 de junho que estava descartando todos os regulamentos relacionados ao Covid.<\/a> As m\u00e1scaras n\u00e3o s\u00e3o mais obrigat\u00f3rias, os limites para o tamanho das reuni\u00f5es n\u00e3o s\u00e3o mais e os viajantes n\u00e3o precisar\u00e3o apresentar um certificado de vacina\u00e7\u00e3o ou teste Covid-19 negativo para entrar no pa\u00eds. De acordo com Novais, a decis\u00e3o do governo de eliminar todas as restri\u00e7\u00f5es do Covid traz uma enorme esperan\u00e7a para o setor. Ele disse que a retirada do requisito do teste PCR permitir\u00e1 viagens mais tranquilas para os clientes, e o levantamento do mandato da m\u00e1scara envia uma mensagem ao mundo de que a \u00c1frica do Sul est\u00e1 de volta a oferecer aos seus visitantes uma experi\u00eancia de f\u00e9rias segura, amig\u00e1vel e bonita.<\/p>\n<p><strong>Com o teste de entrada Covid abolido, espera-se um aumento de reservas<\/strong><\/p>\n<p><a href=\"https:\/\/www.travelweekly.com\/Travel-News\/Airline-News\/Covid-test-lifted-surge-international-bookings-expected\">As empresas de viagens est\u00e3o se preparando para outra onda de reservas de viagens<\/a> depois que os EUA abandonaram sua exig\u00eancia de que os viajantes que chegam apresentem um teste Covid negativo. Ainda n\u00e3o est\u00e1 claro qu\u00e3o grande ser\u00e1 o aumento. Mas os dados iniciais sugerem que o fim da exig\u00eancia de testes parece ter impulsionado a demanda internacional de pontos de venda dom\u00e9sticos e estrangeiros. A United informou que durante os primeiros tr\u00eas dias ap\u00f3s o an\u00fancio da mudan\u00e7a, as pesquisas por viagens internacionais aumentaram 7% semana a semana, com o n\u00famero total de pesquisas chegando a mais de 2,4 milh\u00f5es.<\/p>\n<p><strong>Governo holand\u00eas planeja cortar voos de Amsterd\u00e3<\/strong><\/p>\n<p><a href=\"https:\/\/www.businesstravelnewseurope.com\/Air-Travel\/Dutch-government-plans-to-cut-flights-from-Amsterdam\">O governo holand\u00eas anunciou planos para reduzir o n\u00famero de voos em Schiphol, em Amsterd\u00e3.<\/a> aeroporto como parte de uma pol\u00edtica destinada a reduzir a polui\u00e7\u00e3o sonora e atmosf\u00e9rica. O plano restringiria o aeroporto central da Holanda a 440.000 voos por ano, o que representaria um corte de 20% em rela\u00e7\u00e3o \u00e0s proje\u00e7\u00f5es anteriores de 540.000 voos de Schiphol. Espera-se que a medida entre em vigor em novembro de 2023. O aeroporto disse que o plano do governo criaria \u201cgrande incerteza\u201d, com a KLM acrescentando que a medida teria \u201cconsequ\u00eancias dram\u00e1ticas\u201d para a companhia a\u00e9rea e para a \u201cacessibilidade da Holanda\u201d.<\/p>\n<p><strong>Infla\u00e7\u00e3o leva compradores de viagens corporativas a adiar negocia\u00e7\u00f5es de tarifas de hot\u00e9is para 2023<\/strong><\/p>\n<p><a href=\"https:\/\/skift.com\/2022\/06\/23\/inflation-prompts-corporate-travel-buyers-to-hold-off-negotiating-hotel-rates-for-2023\/\">Os hot\u00e9is devem entrar em conflito com os compradores de viagens enquanto tentam garantir as tarifas para o pr\u00f3ximo ano<\/a> \u2014 taxas que v\u00eam se afastando para o norte desde o segundo trimestre deste ano. A maioria dos compradores de viagens corporativas ter\u00e1 desfrutado de descontos relativos em compara\u00e7\u00e3o com as taxas mais altas vinculadas \u00e0 infla\u00e7\u00e3o que os turistas pagaram, gra\u00e7as em parte \u00e0s cadeias de hot\u00e9is rolando seus descontos corporativos a partir de 2021, pois a variante Omicron interrompeu as viagens.<\/p>\n<p>&nbsp;<\/p>\n<p><u>Not\u00edcias e lembretes GBTA:<\/u><\/p>\n<p><strong>GBTA Reuni\u00e3o Anual de Neg\u00f3cios e F\u00f3rum de Candidatos<\/strong><\/p>\n<p><a href=\"https:\/\/gbta.org\/pt\/EventCalendar\/EventRegistrationStep1\/?eventcd=19DL0722\">GBTA realizar\u00e1 sua Reuni\u00e3o Anual de Neg\u00f3cios virtual e F\u00f3rum de Candidatos<\/a>. Esta \u00e9 sua chance de obter informa\u00e7\u00f5es sobre neg\u00f3cios importantes da GBTA e, especialmente, ouvir diretamente os candidatos que concorrem a tr\u00eas vagas dispon\u00edveis no Conselho. Os t\u00f3picos da reuni\u00e3o incluir\u00e3o o Relat\u00f3rio Anual e o F\u00f3rum de Candidatos\/Elei\u00e7\u00f5es do Conselho de Administra\u00e7\u00e3o da GBTA. Voc\u00ea pode <a href=\"https:\/\/gbta.org\/pt\/elections-2022\/\">veja os candidatos aqui<\/a>.<\/p>\n<p><strong>Conven\u00e7\u00e3o GBTA 2022<\/strong><\/p>\n<p>Estamos voltando \u00e0s viagens de neg\u00f3cios e de volta aos neg\u00f3cios. <a href=\"https:\/\/gbta.org\/pt\/calendar\/all-events\/eventid\/1234\/e\/gbta-convention-2022-14-aug-2022\/\">Conven\u00e7\u00e3o GBTA 2022<\/a> reunir\u00e1 o melhor dos melhores de todo o setor e al\u00e9m para reconectar, reimaginar e recriar o futuro das viagens de neg\u00f3cios.<\/p>","protected":false},"excerpt":{"rendered":"<p>Um valor fundamental de ser um membro da GBTA \u00e9 ter suas opini\u00f5es ouvidas e ter um papel ativo na cria\u00e7\u00e3o do futuro para a associa\u00e7\u00e3o e nossa ind\u00fastria. Na semana passada, tive a oportunidade de participar virtualmente de uma reuni\u00e3o do Comit\u00ea de Acomoda\u00e7\u00f5es do GBTA que estava reunido pessoalmente em Dallas. Foi produtivo e\u2026<\/p>","protected":false},"author":25,"featured_media":0,"comment_status":"open","ping_status":"open","sticky":false,"template":"","format":"standard","meta":{"_acf_changed":false,"_seopress_robots_primary_cat":"none","_seopress_titles_title":"","_seopress_titles_desc":"","_seopress_robots_index":"","om_disable_all_campaigns":false,"_relevanssi_hide_post":"","_relevanssi_hide_content":"","_relevanssi_pin_for_all":"","_relevanssi_pin_keywords":"","_relevanssi_unpin_keywords":"","_relevanssi_related_keywords":"","_relevanssi_related_include_ids":"","_relevanssi_related_exclude_ids":"","_relevanssi_related_no_append":"","_relevanssi_related_not_related":"","_relevanssi_related_posts":"2477,1439,2017,1620,1171,2480","_relevanssi_noindex_reason":"","_kad_blocks_custom_css":"","_kad_blocks_head_custom_js":"","_kad_blocks_body_custom_js":"","_kad_blocks_footer_custom_js":"","_kad_post_transparent":"","_kad_post_title":"","_kad_post_layout":"","_kad_post_sidebar_id":"","_kad_post_content_style":"","_kad_post_vertical_padding":"","_kad_post_feature":"","_kad_post_feature_position":"","_kad_post_header":false,"_kad_post_footer":false,"footnotes":"","_links_to":"","_links_to_target":""},"categories":[247,114,1152],"tags":[1450],"class_list":["post-2710","post","type-post","status-publish","format-standard","hentry","category-accommodations","category-airlines-and-aviation","category-meetings-and-events","tag-check-in-with-suzanne"],"acf":[],"featured_image_src_large":false,"author_info":{"display_name":"jcampbell","author_link":"https:\/\/gbta.org\/pt\/author\/jcampbell\/"},"comment_info":"","category_info":[{"term_id":247,"name":"Accommodations","slug":"accommodations","term_group":0,"term_taxonomy_id":247,"taxonomy":"category","description":"","parent":0,"count":214,"filter":"raw","cat_ID":247,"category_count":214,"category_description":"","cat_name":"Accommodations","category_nicename":"accommodations","category_parent":0},{"term_id":114,"name":"Airlines and Aviation","slug":"airlines-and-aviation","term_group":0,"term_taxonomy_id":114,"taxonomy":"category","description":"","parent":0,"count":355,"filter":"raw","cat_ID":114,"category_count":355,"category_description":"","cat_name":"Airlines and Aviation","category_nicename":"airlines-and-aviation","category_parent":0},{"term_id":1152,"name":"Meetings and Events","slug":"meetings-and-events","term_group":0,"term_taxonomy_id":1152,"taxonomy":"category","description":"","parent":0,"count":56,"filter":"raw","cat_ID":1152,"category_count":56,"category_description":"","cat_name":"Meetings and Events","category_nicename":"meetings-and-events","category_parent":0}],"tag_info":[{"term_id":1450,"name":"Check-in with Suzanne","slug":"check-in-with-suzanne","term_group":0,"term_taxonomy_id":1450,"taxonomy":"post_tag","description":"","parent":0,"count":47,"filter":"raw"}],"taxonomy_info":{"category":[{"value":247,"label":"Accommodations"},{"value":114,"label":"Airlines and Aviation"},{"value":1152,"label":"Meetings and Events"}],"post_tag":[{"value":1450,"label":"Check-in with Suzanne"}]},"featured_image_src":null,"featured_image_src_square":null,"mfb_rest_fields":["featured_image_src_large","author_info","comment_info","category_info","tag_info","taxonomy_info","featured_image_src","featured_image_src_square"],"_links":{"self":[{"href":"https:\/\/gbta.org\/pt\/wp-json\/wp\/v2\/posts\/2710","targetHints":{"allow":["GET"]}}],"collection":[{"href":"https:\/\/gbta.org\/pt\/wp-json\/wp\/v2\/posts"}],"about":[{"href":"https:\/\/gbta.org\/pt\/wp-json\/wp\/v2\/types\/post"}],"author":[{"embeddable":true,"href":"https:\/\/gbta.org\/pt\/wp-json\/wp\/v2\/users\/25"}],"replies":[{"embeddable":true,"href":"https:\/\/gbta.org\/pt\/wp-json\/wp\/v2\/comments?post=2710"}],"version-history":[{"count":0,"href":"https:\/\/gbta.org\/pt\/wp-json\/wp\/v2\/posts\/2710\/revisions"}],"wp:attachment":[{"href":"https:\/\/gbta.org\/pt\/wp-json\/wp\/v2\/media?parent=2710"}],"wp:term":[{"taxonomy":"category","embeddable":true,"href":"https:\/\/gbta.org\/pt\/wp-json\/wp\/v2\/categories?post=2710"},{"taxonomy":"post_tag","embeddable":true,"href":"https:\/\/gbta.org\/pt\/wp-json\/wp\/v2\/tags?post=2710"}],"curies":[{"name":"wp","href":"https:\/\/api.w.org\/{rel}","templated":true}]}}