{"id":2720,"date":"2022-07-14T10:01:00","date_gmt":"2022-07-14T14:01:00","guid":{"rendered":"https:\/\/gbta.org\/gbta-calls-on-the-european-union-to-adapt-regulations-to-avoid-further-travel-disruption\/"},"modified":"2022-09-28T14:02:40","modified_gmt":"2022-09-28T18:02:40","slug":"gbta-calls-on-the-european-union-to-adapt-regulations-to-avoid-further-travel-disruption","status":"publish","type":"post","link":"https:\/\/gbta.org\/pt\/gbta-calls-on-the-european-union-to-adapt-regulations-to-avoid-further-travel-disruption\/","title":{"rendered":"GBTA pede \u00e0 Uni\u00e3o Europeia que adapte os regulamentos para evitar mais interrup\u00e7\u00f5es nas viagens"},"content":{"rendered":"<p>Bruxelas \u2013 A Global Business Travel Association (GBTA), a maior associa\u00e7\u00e3o de viagens de neg\u00f3cios do mundo, pede \u00e0 Comiss\u00e3o Europeia que resolva a falta de pessoal que amea\u00e7a a recupera\u00e7\u00e3o da ind\u00fastria. As atuais verifica\u00e7\u00f5es de antecedentes de seis semanas exigidas para funcion\u00e1rios que trabalham em aeroportos e no setor a\u00e9reo est\u00e3o causando um gargalo e atraso na experi\u00eancia de viagem tranquila exigida pelos viajantes de neg\u00f3cios. A GBTA est\u00e1 pedindo que a Uni\u00e3o Europeia adapte temporariamente esses regulamentos como uma quest\u00e3o de prioridade para aliviar a press\u00e3o sobre os aeroportos e o setor a\u00e9reo.<\/p>\n<p>Projetadas para atingir os n\u00edveis pr\u00e9-COVID 19 de US $1,4 trilh\u00e3o em receita at\u00e9 2024, as reservas de viagens de neg\u00f3cios est\u00e3o vendo aumentos de recupera\u00e7\u00e3o m\u00eas a m\u00eas. No entanto, os gerentes de viagens citam a escassez de pessoal e as pol\u00edticas e restri\u00e7\u00f5es governamentais como tendo um impacto significativo nos programas de viagens corporativas, de acordo com a \u00faltima pesquisa de membros do GBTA. Os fornecedores de viagens compartilham as mesmas preocupa\u00e7\u00f5es, pois mais da metade relata que seus programas de viagens s\u00e3o mais afetados pela escassez de pessoal*.<\/p>\n<p>\u201cEmpresas e funcion\u00e1rios est\u00e3o voltando a viajar a neg\u00f3cios, impulsionados pela necessidade de gerar receita e reter e adquirir novos neg\u00f3cios. A escassez de pessoal, no entanto, est\u00e1 tendo um impacto significativo nos programas de viagens e amea\u00e7a afetar a velocidade e a trajet\u00f3ria de recupera\u00e7\u00e3o do setor de viagens de neg\u00f3cios. A GBTA est\u00e1 pedindo \u00e0 Comiss\u00e3o Europeia que priorize e acelere as verifica\u00e7\u00f5es de antecedentes de seguran\u00e7a necess\u00e1rias para ajudar a aliviar a press\u00e3o nos aeroportos. A UE deve estabelecer pol\u00edticas e procedimentos para o futuro como medida de precau\u00e7\u00e3o caso a situa\u00e7\u00e3o volte a surgir\u201d, disse Catherine Logan, vice-presidente regional da GBTA para a regi\u00e3o EMEA.<\/p>\n<p><em>*<\/em><a href=\"https:\/\/gbta.org\/pt\/blog\/move-over-covid-the-business-travel-industry-tackles-new-considerations-on-its-continued-road-to-recovery\/\"><em>Fonte<\/em><\/a><em>: Pesquisa de recupera\u00e7\u00e3o de viagens de neg\u00f3cios GBTA, junho de 2022<\/em><\/p>","protected":false},"excerpt":{"rendered":"<p>Bruxelas \u2013 A Global Business Travel Association (GBTA), a maior associa\u00e7\u00e3o de viagens de neg\u00f3cios do mundo, pede \u00e0 Comiss\u00e3o Europeia que resolva a falta de pessoal que amea\u00e7a a recupera\u00e7\u00e3o da ind\u00fastria. As atuais verifica\u00e7\u00f5es de antecedentes de seis semanas exigidas para funcion\u00e1rios que trabalham em aeroportos e no setor a\u00e9reo est\u00e3o causando um gargalo e atraso na viagem tranquila\u2026<\/p>","protected":false},"author":25,"featured_media":0,"comment_status":"open","ping_status":"open","sticky":false,"template":"","format":"standard","meta":{"_acf_changed":false,"_seopress_robots_primary_cat":"none","_seopress_titles_title":"","_seopress_titles_desc":"","_seopress_robots_index":"","om_disable_all_campaigns":false,"_relevanssi_hide_post":"","_relevanssi_hide_content":"","_relevanssi_pin_for_all":"","_relevanssi_pin_keywords":"","_relevanssi_unpin_keywords":"","_relevanssi_related_keywords":"","_relevanssi_related_include_ids":"","_relevanssi_related_exclude_ids":"","_relevanssi_related_no_append":"","_relevanssi_related_not_related":"","_relevanssi_related_posts":"1813,1894,1797,1971,1970,1897","_relevanssi_noindex_reason":"","_kad_blocks_custom_css":"","_kad_blocks_head_custom_js":"","_kad_blocks_body_custom_js":"","_kad_blocks_footer_custom_js":"","_kad_post_transparent":"","_kad_post_title":"","_kad_post_layout":"","_kad_post_sidebar_id":"","_kad_post_content_style":"","_kad_post_vertical_padding":"","_kad_post_feature":"","_kad_post_feature_position":"","_kad_post_header":false,"_kad_post_footer":false,"footnotes":"","_links_to":"","_links_to_target":""},"categories":[114,105,1307,45],"tags":[],"class_list":["post-2720","post","type-post","status-publish","format-standard","hentry","category-airlines-and-aviation","category-europe-and-uk","category-government-relations","category-news-and-press-releases"],"acf":[],"featured_image_src_large":false,"author_info":{"display_name":"jcampbell","author_link":"https:\/\/gbta.org\/pt\/author\/jcampbell\/"},"comment_info":"","category_info":[{"term_id":114,"name":"Airlines and Aviation","slug":"airlines-and-aviation","term_group":0,"term_taxonomy_id":114,"taxonomy":"category","description":"","parent":0,"count":355,"filter":"raw","cat_ID":114,"category_count":355,"category_description":"","cat_name":"Airlines and Aviation","category_nicename":"airlines-and-aviation","category_parent":0},{"term_id":105,"name":"Europe and UK","slug":"europe-and-uk","term_group":0,"term_taxonomy_id":105,"taxonomy":"category","description":"","parent":0,"count":152,"filter":"raw","cat_ID":105,"category_count":152,"category_description":"","cat_name":"Europe and UK","category_nicename":"europe-and-uk","category_parent":0},{"term_id":1307,"name":"Government Relations","slug":"government-relations","term_group":0,"term_taxonomy_id":1307,"taxonomy":"category","description":"","parent":0,"count":61,"filter":"raw","cat_ID":1307,"category_count":61,"category_description":"","cat_name":"Government Relations","category_nicename":"government-relations","category_parent":0},{"term_id":45,"name":"News and Press Releases","slug":"news-and-press-releases","term_group":0,"term_taxonomy_id":45,"taxonomy":"category","description":"","parent":0,"count":540,"filter":"raw","cat_ID":45,"category_count":540,"category_description":"","cat_name":"News and Press Releases","category_nicename":"news-and-press-releases","category_parent":0}],"tag_info":false,"taxonomy_info":{"category":[{"value":114,"label":"Airlines and Aviation"},{"value":105,"label":"Europe and UK"},{"value":1307,"label":"Government Relations"},{"value":45,"label":"News and Press Releases"}]},"featured_image_src":null,"featured_image_src_square":null,"mfb_rest_fields":["featured_image_src_large","author_info","comment_info","category_info","tag_info","taxonomy_info","featured_image_src","featured_image_src_square"],"_links":{"self":[{"href":"https:\/\/gbta.org\/pt\/wp-json\/wp\/v2\/posts\/2720","targetHints":{"allow":["GET"]}}],"collection":[{"href":"https:\/\/gbta.org\/pt\/wp-json\/wp\/v2\/posts"}],"about":[{"href":"https:\/\/gbta.org\/pt\/wp-json\/wp\/v2\/types\/post"}],"author":[{"embeddable":true,"href":"https:\/\/gbta.org\/pt\/wp-json\/wp\/v2\/users\/25"}],"replies":[{"embeddable":true,"href":"https:\/\/gbta.org\/pt\/wp-json\/wp\/v2\/comments?post=2720"}],"version-history":[{"count":0,"href":"https:\/\/gbta.org\/pt\/wp-json\/wp\/v2\/posts\/2720\/revisions"}],"wp:attachment":[{"href":"https:\/\/gbta.org\/pt\/wp-json\/wp\/v2\/media?parent=2720"}],"wp:term":[{"taxonomy":"category","embeddable":true,"href":"https:\/\/gbta.org\/pt\/wp-json\/wp\/v2\/categories?post=2720"},{"taxonomy":"post_tag","embeddable":true,"href":"https:\/\/gbta.org\/pt\/wp-json\/wp\/v2\/tags?post=2720"}],"curies":[{"name":"wp","href":"https:\/\/api.w.org\/{rel}","templated":true}]}}