{"id":4400,"date":"2022-08-02T12:27:00","date_gmt":"2022-08-02T16:27:00","guid":{"rendered":"https:\/\/gbta.org\/?p=4400"},"modified":"2022-08-08T12:42:34","modified_gmt":"2022-08-08T16:42:34","slug":"check-in-with-suzanne-70","status":"publish","type":"post","link":"https:\/\/gbta.org\/pt\/check-in-with-suzanne-70\/","title":{"rendered":"Check-in com Suzanne"},"content":{"rendered":"<h3 class=\"post_subtitle\">Preparando-se para a chegada na estrada para a conven\u00e7\u00e3o<\/h3>\n<p><span data-contrast=\"none\">Pode haver muitas interpreta\u00e7\u00f5es significativas do nosso tema da Conven\u00e7\u00e3o de 2022:\u00a0<\/span><b><span data-contrast=\"none\">Reconecte, re-imagine e recrie<\/span><\/b><span data-contrast=\"none\">. Uma das mais importantes \u00e9 como continuaremos a re-imaginar e recriar a associa\u00e7\u00e3o para o futuro, que tamb\u00e9m \u00e9 uma miss\u00e3o fundamental da Diretoria eleita da GBTA. A vota\u00e7\u00e3o est\u00e1 em andamento para determinar os membros mais novos do Conselho que servir\u00e3o nessa capacidade pelos pr\u00f3ximos dois anos.<\/span><\/p>\n<p><span data-contrast=\"auto\">No ano passado, naquele ano de reconstru\u00e7\u00e3o desafiado pela pandemia, os membros votantes mostraram apoio ao GBTA com a melhor participa\u00e7\u00e3o 27% da categoria durante a elei\u00e7\u00e3o do Conselho de ver\u00e3o. Espero que este ano o n\u00famero de votantes seja ainda maior. Quanto mais membros votarem, mais vozes ser\u00e3o ouvidas sobre quais prioridades s\u00e3o mais importantes no futuro do GBTA.<\/span><span data-ccp-props=\"{&quot;201341983&quot;:0,&quot;335559739&quot;:0,&quot;335559740&quot;:257}\">\u00a0<\/span><span data-contrast=\"auto\">\u00a0<\/span><span data-ccp-props=\"{&quot;201341983&quot;:0,&quot;335559739&quot;:0,&quot;335559740&quot;:257}\">\u00a0<\/span><\/p>\n<p><span data-contrast=\"auto\">Se voc\u00ea \u00e9 um membro votante do GBTA, procure o\u00a0<\/span><b><span data-contrast=\"auto\">e-mail de \u201cGBTA Elections\u201d<\/span><\/b><span data-contrast=\"auto\">\u00a0e d\u00ea seus votos para aquele\u00a0<\/span><a href=\"https:\/\/gbta.org\/pt\/elections-2022-allied-seat\/\"><span data-contrast=\"none\">Sede aliada<\/span><\/a><span data-contrast=\"auto\">\u00a0e dois\u00a0<\/span><a href=\"https:\/\/gbta.org\/pt\/elections-2022-direct-seats\/\"><span data-contrast=\"none\">Assentos diretos<\/span><\/a><span data-contrast=\"auto\">\u00a0que est\u00e3o abertos, juntamente com a for\u00e7a-tarefa volunt\u00e1ria e linguagem de limpeza aprovada pelo conselho na edi\u00e7\u00e3o deste ano\u00a0<\/span><a href=\"https:\/\/gbta.org\/pt\/elections-2022\/bylaws\/\"><span data-contrast=\"none\">revis\u00e3o do estatuto<\/span><\/a><span data-contrast=\"auto\">. A vota\u00e7\u00e3o termina em 15 de agosto \u00e0s 17h ET (ou 14h PT se voc\u00ea estiver conosco em San Diego). Os resultados da vota\u00e7\u00e3o ser\u00e3o anunciados na Conven\u00e7\u00e3o durante a sess\u00e3o do Main Stage na tarde de ter\u00e7a-feira. Visite o GBTA\u00a0<\/span><a href=\"https:\/\/gbta.org\/pt\/elections-2022\/\"><span data-contrast=\"none\">P\u00e1gina das elei\u00e7\u00f5es 2022<\/span><\/a><span data-contrast=\"auto\">\u00a0para todos os detalhes que voc\u00ea precisa para tomar suas decis\u00f5es de vota\u00e7\u00e3o.<\/span><\/p>\n<p><span data-contrast=\"auto\">Mesmo com a Conven\u00e7\u00e3o a menos de duas semanas, continuamos a ver um fluxo constante de participantes de compradores e fornecedores se inscrevendo para vir. Ainda h\u00e1 tempo para\u00a0<\/span><a href=\"https:\/\/convention.gbta.org\/Registration\/Registration\"><span data-contrast=\"none\">Registre-se aqui<\/span><\/a><span data-contrast=\"auto\">\u00a0para se juntar a milhares de seus colegas de viagens de neg\u00f3cios de todo o mundo em San Diego - e\u00a0<\/span><a href=\"https:\/\/gbta.org\/pt\/professional-development\/gtp-certification\/gtp-recertification\/\"><span data-contrast=\"none\">ganhar<\/span><\/a><span data-contrast=\"auto\">\u00a012 cr\u00e9ditos de recertifica\u00e7\u00e3o GTP enquanto voc\u00ea faz isso.<\/span><span data-ccp-props=\"{&quot;201341983&quot;:0,&quot;335559739&quot;:0,&quot;335559740&quot;:257}\">\u00a0<\/span><\/p>\n<p><span data-contrast=\"auto\">Mas para aqueles que n\u00e3o podem comparecer \u00e0 Conven\u00e7\u00e3o pessoalmente este ano, tamb\u00e9m temos cobertura.<\/span><span data-ccp-props=\"{&quot;201341983&quot;:0,&quot;335559739&quot;:0,&quot;335559740&quot;:257}\">\u00a0<\/span><\/p>\n<p><span data-contrast=\"auto\">Ontem lan\u00e7amos\u00a0<\/span><a href=\"https:\/\/convention.gbta.org\/Convention-Plus\"><span data-contrast=\"none\">Conven\u00e7\u00e3o Plus<\/span><\/a><span data-contrast=\"auto\">\u00a0para que voc\u00ea possa fazer parte da a\u00e7\u00e3o durante a Conven\u00e7\u00e3o e depois. O Convention Plus \u00e9 uma op\u00e7\u00e3o de transmiss\u00e3o ao vivo virtual e sob demanda que fornece acesso a alguns dos conte\u00fados mais perspicazes da Conven\u00e7\u00e3o 2022. Isso inclui os cinco\u00a0<\/span><a href=\"https:\/\/convention.gbta.org\/Program\/Main-Stage\"><span data-contrast=\"none\">Palco principal<\/span><\/a><span data-contrast=\"auto\">\u00a0apresenta\u00e7\u00f5es, cinco\u00a0<\/span><a href=\"https:\/\/web.cvent.com\/event\/ed4dc648-c632-4e04-b7e3-740d63fff897\/websitePage:c959f66f-024b-4ba2-ba59-5c614996daa1?\"><span data-contrast=\"none\">Destaques colaborativos<\/span><\/a><span data-contrast=\"auto\">\u00a0e 15+\u00a0<\/span><a href=\"https:\/\/web.cvent.com\/event\/ed4dc648-c632-4e04-b7e3-740d63fff897\/websitePage:aae972e2-a8a8-47f1-88dc-2704933f2d1e?utm_source=EdSessionAnnouncement&amp;utm_medium=Email&amp;utm_campaign=Convention2022\"><span data-contrast=\"none\">sess\u00f5es de educa\u00e7\u00e3o<\/span><\/a><span data-contrast=\"auto\">\u00a0incluindo a t\u00e3o esperada Previs\u00e3o Global de Pre\u00e7os de 2023 e a revela\u00e7\u00e3o do mais recente \u00cdndice de Viagens de Neg\u00f3cios<\/span><span data-contrast=\"auto\">\u2122.\u00a0<\/span><span data-contrast=\"auto\">N\u00e3o perca.<\/span><span data-ccp-props=\"{&quot;201341983&quot;:0,&quot;335559739&quot;:0,&quot;335559740&quot;:257}\">\u00a0<\/span><\/p>\n<p><span data-contrast=\"none\">Suzanne<\/span><span data-ccp-props=\"{&quot;201341983&quot;:0,&quot;335559739&quot;:0,&quot;335559740&quot;:257}\">\u00a0<\/span><\/p>\n<p><u>Novidades para saber:<\/u><\/p>\n<p><strong>Tempos de espera para vistos atrapalham a recupera\u00e7\u00e3o de viagens internacionais dos EUA<\/strong><\/p>\n<p>Com o fim do requisito de teste Covid nas viagens internacionais de entrada, os turistas globais est\u00e3o voltando aos EUA em maior n\u00famero, despertando esperan\u00e7as de uma recupera\u00e7\u00e3o completa. Uma barreira formid\u00e1vel, no entanto, surgiu<a href=\"https:\/\/skift.com\/2022\/08\/01\/visa-wait-times-put-drag-on-u-s-international-travel-recovery\/\">: tempos de espera explosivos para entrevistas de vistos B-1 e B-2 (vistos de visitante)<\/a>\u00a0devido \u00e0 falta de m\u00e3o de obra e algumas embaixadas ainda fechadas. Cidad\u00e3os da \u00cdndia, Col\u00f4mbia, M\u00e9xico, Brasil e outros pa\u00edses fora do Programa de Isen\u00e7\u00e3o de Visto dos EUA devem solicitar um visto de visitante para permanecer temporariamente nos EUA. de acordo com a US Travel Association. Isso totalizou cerca de 35 milh\u00f5es de turistas.<\/p>\n<p><strong>75% de gerentes de viagens na Europa esperam que o volume de viagens de neg\u00f3cios de 2022 supere os n\u00edveis de 2019, de acordo com o novo relat\u00f3rio da Cvent<\/strong><\/p>\n<p>A Cvent, fornecedora l\u00edder de mercado para reuni\u00f5es, eventos, viagens e tecnologia de hospitalidade, publicou a \u00faltima edi\u00e7\u00e3o do Cvent Travel Managers Report: Europe Edition, que fornece informa\u00e7\u00f5es detalhadas sobre as atuais tend\u00eancias e atividades de viagens corporativas. O relat\u00f3rio revela n\u00edveis significativos de otimismo entre os gerentes de viagens corporativas. Tr\u00eas quartos (75%) dos entrevistados esperam que o volume de viagens de sua organiza\u00e7\u00e3o em 2022 supere os n\u00edveis de 2019, com mais de um ter\u00e7o (32%) citando que esperam que os volumes \u201caumentem significativamente\u201d.\u00a0<a href=\"https:\/\/www.hospitalitynet.org\/news\/4111757.html\">Mais de 69% dos gerentes de viagens no Reino Unido e em toda a Europa dizem que est\u00e3o terceirizando internacionalmente (dentro e fora da Europa).<\/a>\u00a0Em contraste, menos de 8% dos gerentes de viagens est\u00e3o adquirindo op\u00e7\u00f5es exclusivamente dom\u00e9sticas, demonstrando a mudan\u00e7a significativa em dire\u00e7\u00e3o ao desejo de viajar de forma mais ampla.<\/p>\n<p><strong>Chile atualiza requisitos de entrada para viajantes estrangeiros<\/strong><\/p>\n<p><a href=\"https:\/\/www.travelagentcentral.com\/south-america\/chile-updates-entry-requirements-foreign-travelers\">O Minist\u00e9rio da Sa\u00fade do Chile atualizou seu \u201cPlano de Fronteiras Protegidas\u201d para proteger estrangeiros n\u00e3o residentes e residentes chilenos<\/a>. Como parte deste plano, existem tr\u00eas n\u00edveis de alerta para a fronteira internacional. O pa\u00eds est\u00e1 no \u201cAlert Level 1\u201d, que n\u00e3o imp\u00f5e restri\u00e7\u00f5es de viagem; no entanto, existem algumas medidas a serem consideradas. No \u201cAlert Level 1\u201d, os visitantes do Chile devem preencher o formul\u00e1rio \u201cTravel Affidavit\u201d on-line at\u00e9 48 horas antes do embarque, fornecendo informa\u00e7\u00f5es de contato e registros de sa\u00fade e viagem.<\/p>\n<p><strong>Viajantes que retornam \u00e0 Am\u00e9rica Latina encontram mais op\u00e7\u00f5es de pagamento digital<\/strong><\/p>\n<p><a href=\"https:\/\/skift.com\/2022\/07\/13\/travelers-returning-to-latin-america-find-more-digital-payment-options\/\">O turismo sem dinheiro se espalhou rapidamente em todo o mundo desde o in\u00edcio da pandemia<\/a>\u00a0\u2014 mesmo em regi\u00f5es onde a digitaliza\u00e7\u00e3o ainda n\u00e3o havia se consolidado, como a Am\u00e9rica Latina. Transfer\u00eancias de carteira digital, c\u00f3digos QR e at\u00e9 cart\u00f5es de cr\u00e9dito ou d\u00e9bito sem contato eram uma raridade fora de hot\u00e9is e resorts. Mas eles se tornaram mais prevalentes nos \u00faltimos anos em toda a regi\u00e3o, com viajantes voltando para a Am\u00e9rica Latina descobrindo que os pagamentos digitais s\u00e3o aceitos por fornecedores em locais como a praia e feiras de artesanato.<\/p>\n<p><u>Not\u00edcias e lembretes GBTA:<\/u><\/p>\n<p><strong>Conven\u00e7\u00e3o GBTA 2022<\/strong><\/p>\n<p>Estamos voltando \u00e0s viagens de neg\u00f3cios e de volta aos neg\u00f3cios.\u00a0<a href=\"https:\/\/gbta.org\/pt\/calendar\/all-events\/eventid\/1234\/e\/gbta-convention-2022-14-aug-2022\/\">Conven\u00e7\u00e3o GBTA 2022<\/a>\u00a0reunir\u00e1 o melhor dos melhores de todo o setor e al\u00e9m para reconectar, reimaginar e recriar o futuro das viagens de neg\u00f3cios.<\/p>","protected":false},"excerpt":{"rendered":"<p>Preparando-se para a chegada a caminho da Conven\u00e7\u00e3o Pode haver muitas interpreta\u00e7\u00f5es significativas do nosso tema da Conven\u00e7\u00e3o de 2022: Reconectar, Reimaginar e Recriar. Uma das mais importantes \u00e9 como continuaremos a reimaginar e recriar a associa\u00e7\u00e3o para o futuro, que tamb\u00e9m \u00e9 uma miss\u00e3o fundamental do Conselho de Administra\u00e7\u00e3o eleito da GBTA. Vota\u00e7\u00e3o\u2026<\/p>","protected":false},"author":14,"featured_media":0,"comment_status":"closed","ping_status":"closed","sticky":false,"template":"","format":"standard","meta":{"_acf_changed":false,"_seopress_robots_primary_cat":"none","_seopress_titles_title":"","_seopress_titles_desc":"Preparing for Arrival on the Road to Convention","_seopress_robots_index":"","om_disable_all_campaigns":false,"_relevanssi_hide_post":"","_relevanssi_hide_content":"","_relevanssi_pin_for_all":"","_relevanssi_pin_keywords":"","_relevanssi_unpin_keywords":"","_relevanssi_related_keywords":"","_relevanssi_related_include_ids":"","_relevanssi_related_exclude_ids":"","_relevanssi_related_no_append":"","_relevanssi_related_not_related":"","_relevanssi_related_posts":"1,415,661,662,664,666","_relevanssi_noindex_reason":"","_kad_blocks_custom_css":"","_kad_blocks_head_custom_js":"","_kad_blocks_body_custom_js":"","_kad_blocks_footer_custom_js":"","_kad_post_transparent":"","_kad_post_title":"","_kad_post_layout":"","_kad_post_sidebar_id":"","_kad_post_content_style":"","_kad_post_vertical_padding":"","_kad_post_feature":"","_kad_post_feature_position":"","_kad_post_header":false,"_kad_post_footer":false,"footnotes":"","_links_to":"","_links_to_target":""},"categories":[1437,106],"tags":[1450,1447,1464],"class_list":["post-4400","post","type-post","status-publish","format-standard","hentry","category-covid-19","category-latin-america","tag-check-in-with-suzanne","tag-covid-19","tag-post-pandemic"],"acf":[],"featured_image_src_large":false,"author_info":{"display_name":"","author_link":"https:\/\/gbta.org\/pt\/author\/"},"comment_info":"","category_info":[{"term_id":1437,"name":"COVID-19","slug":"covid-19","term_group":0,"term_taxonomy_id":1437,"taxonomy":"category","description":"","parent":0,"count":124,"filter":"raw","cat_ID":1437,"category_count":124,"category_description":"","cat_name":"COVID-19","category_nicename":"covid-19","category_parent":0},{"term_id":106,"name":"Latin America","slug":"latin-america","term_group":0,"term_taxonomy_id":106,"taxonomy":"category","description":"","parent":0,"count":54,"filter":"raw","cat_ID":106,"category_count":54,"category_description":"","cat_name":"Latin America","category_nicename":"latin-america","category_parent":0}],"tag_info":[{"term_id":1450,"name":"Check-in with Suzanne","slug":"check-in-with-suzanne","term_group":0,"term_taxonomy_id":1450,"taxonomy":"post_tag","description":"","parent":0,"count":47,"filter":"raw"},{"term_id":1447,"name":"COVID-19","slug":"covid-19","term_group":0,"term_taxonomy_id":1447,"taxonomy":"post_tag","description":"","parent":0,"count":5,"filter":"raw"},{"term_id":1464,"name":"Post-pandemic","slug":"post-pandemic","term_group":0,"term_taxonomy_id":1464,"taxonomy":"post_tag","description":"","parent":0,"count":2,"filter":"raw"}],"taxonomy_info":{"category":[{"value":1437,"label":"COVID-19"},{"value":106,"label":"Latin America"}],"post_tag":[{"value":1450,"label":"Check-in with Suzanne"},{"value":1447,"label":"COVID-19"},{"value":1464,"label":"Post-pandemic"}]},"featured_image_src":null,"featured_image_src_square":null,"mfb_rest_fields":["featured_image_src_large","author_info","comment_info","category_info","tag_info","taxonomy_info","featured_image_src","featured_image_src_square"],"_links":{"self":[{"href":"https:\/\/gbta.org\/pt\/wp-json\/wp\/v2\/posts\/4400","targetHints":{"allow":["GET"]}}],"collection":[{"href":"https:\/\/gbta.org\/pt\/wp-json\/wp\/v2\/posts"}],"about":[{"href":"https:\/\/gbta.org\/pt\/wp-json\/wp\/v2\/types\/post"}],"author":[{"embeddable":true,"href":"https:\/\/gbta.org\/pt\/wp-json\/wp\/v2\/users\/14"}],"replies":[{"embeddable":true,"href":"https:\/\/gbta.org\/pt\/wp-json\/wp\/v2\/comments?post=4400"}],"version-history":[{"count":0,"href":"https:\/\/gbta.org\/pt\/wp-json\/wp\/v2\/posts\/4400\/revisions"}],"wp:attachment":[{"href":"https:\/\/gbta.org\/pt\/wp-json\/wp\/v2\/media?parent=4400"}],"wp:term":[{"taxonomy":"category","embeddable":true,"href":"https:\/\/gbta.org\/pt\/wp-json\/wp\/v2\/categories?post=4400"},{"taxonomy":"post_tag","embeddable":true,"href":"https:\/\/gbta.org\/pt\/wp-json\/wp\/v2\/tags?post=4400"}],"curies":[{"name":"wp","href":"https:\/\/api.w.org\/{rel}","templated":true}]}}