{"id":4408,"date":"2022-07-27T12:51:00","date_gmt":"2022-07-27T16:51:00","guid":{"rendered":"https:\/\/gbta.org\/?p=4408"},"modified":"2024-01-30T11:08:53","modified_gmt":"2024-01-30T16:08:53","slug":"gbta-foundation-relaunches-to-advance-people-and-planet-initiatives-for-the-business-travel-industry","status":"publish","type":"post","link":"https:\/\/gbta.org\/pt\/gbta-foundation-relaunches-to-advance-people-and-planet-initiatives-for-the-business-travel-industry\/","title":{"rendered":"GBTA Foundation \u00e9 relan\u00e7ada para promover iniciativas de pessoas e planeta para a ind\u00fastria de viagens de neg\u00f3cios"},"content":{"rendered":"<p><strong>Alexandria, VA&nbsp;<\/strong>\u2013 Ajudar a ind\u00fastria global de viagens de neg\u00f3cios a criar um impacto positivo e um futuro melhor para as pessoas e o planeta \u00e9 a miss\u00e3o por tr\u00e1s da&nbsp;<a href=\"https:\/\/gbta.org\/pt\/\">Associa\u00e7\u00e3o Global de Viagens de Neg\u00f3cios<\/a>o relan\u00e7amento de seu bra\u00e7o beneficente, o&nbsp;<a href=\"https:\/\/gbta.org\/pt\/gbta-foundation\/\">Funda\u00e7\u00e3o GBTA<\/a>. A Funda\u00e7\u00e3o GBTA se concentrar\u00e1 na estrat\u00e9gia e execu\u00e7\u00e3o dos programas globais de sustentabilidade da GBTA, apoiando iniciativas relacionadas \u00e0 a\u00e7\u00e3o clim\u00e1tica, bem como diversidade, equidade e inclus\u00e3o (DEI) e outros t\u00f3picos relacionados a talentos por meio de educa\u00e7\u00e3o, pesquisa e advocacia.<\/p>\n\n\n\n<p>\u201cEstamos entusiasmados em restabelecer a Funda\u00e7\u00e3o GBTA dentro de um escopo ajustado de &#039;pessoas e planeta&#039;\u201d, disse Suzanne Neufang, CEO da GBTA. \u201c\u00c9 um momento importante nos 54 anos de hist\u00f3ria do GBTA, pois renovamos nosso compromisso de criar um impacto positivo e duradouro. A Funda\u00e7\u00e3o GBTA, juntamente com seu rec\u00e9m-nomeado Conselho de Administra\u00e7\u00e3o, se concentrar\u00e1 em causar um impacto positivo em nossa ind\u00fastria e al\u00e9m.\u201d<\/p>\n\n\n\n<p>Paul Abbott, CEO da American Express Global Business Travel, atuar\u00e1 como Presidente do Conselho de Administra\u00e7\u00e3o da Funda\u00e7\u00e3o GBTA pelos pr\u00f3ximos dois anos. \u201cEstou muito satisfeito por liderar a Funda\u00e7\u00e3o GBTA neste momento cr\u00edtico \u2013 para preparar o caminho para o progresso por meio de programas e iniciativas ambiciosos focados na sustentabilidade\u201d, disse ele.<\/p>\n\n\n\n<p>O novo GBTA&nbsp;<a href=\"https:\/\/gbta.org\/pt\/sustainability\/\">Programa de Sustentabilidade<\/a>&nbsp;A iniciativa, lan\u00e7ada no final de 2021 para construir um futuro mais verde para viagens de neg\u00f3cios e ajudar a reduzir seu impacto clim\u00e1tico, agora ser\u00e1 gerenciada pela Funda\u00e7\u00e3o, assim como os programas relacionados a pessoas existentes do GBTA,&nbsp;<a href=\"https:\/\/gbta.org\/pt\/membership-communities\/winit\/\">WINiT por GBTA<\/a>&nbsp;e&nbsp;<a href=\"https:\/\/gbta.org\/pt\/membership-communities\/membership\/ladders-mentoring\/\">Escadas GBTA<\/a>.<\/p>\n\n\n\n<p>Nomeado pelo Conselho de Administra\u00e7\u00e3o do GBTA, o Conselho da Funda\u00e7\u00e3o ajudar\u00e1 a garantir que as ambi\u00e7\u00f5es sejam grandes o suficiente para os desafios de sustentabilidade ambiental e humana em quest\u00e3o e para elevar o trabalho do GBTA em pesquisa, advocacia e aprendizado de profissionais - para alcan\u00e7ar aqueles al\u00e9m da ind\u00fastria .<\/p>\n\n\n\n<p>L\u00edderes de todo o setor de viagens global com interesses e pontos fortes distintos nas principais \u00e1reas de ESG (ambiental, social e governan\u00e7a) atuar\u00e3o como Conselho de Administra\u00e7\u00e3o da Funda\u00e7\u00e3o por mandatos escalonados de um e dois anos:<\/p>\n\n\n\n<ul class=\"wp-block-list\">\n<li><strong>Paul Abbott<\/strong>, CEO, American Express GBT (mandato de dois anos)<\/li>\n\n\n\n<li><strong>Leslie Andrews<\/strong>, Diretor de Categoria Global de Viagens, JLL (mandato de dois anos)<\/li>\n\n\n\n<li><strong>Erica Gordon<\/strong>, Vice-Presidente S\u00eanior, Chefe Global de Rela\u00e7\u00f5es P\u00fablicas e ESG, Hilton (mandato de um ano)<\/li>\n\n\n\n<li><strong>Scott Kirby<\/strong>, CEO, United Airlines (mandato de dois anos)<\/li>\n\n\n\n<li><strong>Darragh Ormsby<\/strong>, Global Travel Manager, Google (per\u00edodo de um ano)<\/li>\n\n\n\n<li><strong>Tyronne Stoudemire<\/strong>, Vice-Presidente S\u00eanior de Diversidade, Equidade e Inclus\u00e3o Global, Hyatt (mandato de um ano)<\/li>\n\n\n\n<li><strong>Caroline Strachan<\/strong>, S\u00f3cio-gerente, Festive Road (per\u00edodo de dois anos)<\/li>\n\n\n\n<li><strong>Denise Truso<\/strong>, Presidente do Conselho da GBTA (conforme os estatutos da Funda\u00e7\u00e3o)<\/li>\n\n\n\n<li><strong>Suzanne Neufang<\/strong>, CEO, GBTA (conforme os estatutos da Funda\u00e7\u00e3o)<\/li>\n\n\n\n<li><strong>Delphine Millot<\/strong>, Diretor Administrativo, Funda\u00e7\u00e3o GBTA (ex-officio)<\/li>\n<\/ul>\n\n\n\n<p>O Conselho realizou sua primeira reuni\u00e3o este m\u00eas e est\u00e1 priorizando a governan\u00e7a da Funda\u00e7\u00e3o, fornecendo orienta\u00e7\u00e3o sobre os esfor\u00e7os existentes do programa de pessoas e planetas da GBTA e determinando \u00e1reas estrat\u00e9gicas de foco e prioridades nas iniciativas de sustentabilidade ambiental e humana para 2023.<\/p>\n\n\n\n<p>Delphine Millot, contratada pela GBTA em janeiro de 2022, administrar\u00e1 a Funda\u00e7\u00e3o como Diretora Administrativa e Vice-Presidente S\u00eanior de Sustentabilidade. De acordo com Millot, \u201cesta \u00e9 uma oportunidade importante para o GBTA criar um impacto duradouro por meio de pesquisa, educa\u00e7\u00e3o e outros programas relevantes que n\u00e3o apenas beneficiem nossa ind\u00fastria, mas tamb\u00e9m aproximem o p\u00fablico em geral e os formuladores de pol\u00edticas sobre esses t\u00f3picos relevantes\u201d.<\/p>\n\n\n\n<p>A Funda\u00e7\u00e3o GBTA foi originalmente formada em 1989 como um bra\u00e7o de caridade US 501c3 da GBTA. At\u00e9 o in\u00edcio de 2018, quando entrou em hiato, a Funda\u00e7\u00e3o GBTA era o centro de toda a educa\u00e7\u00e3o e pesquisa do GBTA. As \u00e1reas de educa\u00e7\u00e3o e pesquisa da GBTA foram posteriormente transferidas para o bra\u00e7o de feiras 501c6 da organiza\u00e7\u00e3o principal da GBTA, onde continuar\u00e3o residindo quando n\u00e3o estiverem relacionadas ao foco \u201csustentabilidade das pessoas + planeta\u201d da Funda\u00e7\u00e3o.<\/p>\n\n\n\n<p>Para mais informa\u00e7\u00f5es sobre a Funda\u00e7\u00e3o GBTA, visite&nbsp;<a href=\"https:\/\/gbta.org\/pt\/gbta-foundation\/\">https:\/\/gbta.org\/gbta-foundation<\/a>&nbsp;ou email&nbsp;<a href=\"mailto:sustainability@gbta.org\">sustentabilidade@gbta.org.<\/a><\/p>","protected":false},"excerpt":{"rendered":"<p>Alexandria, VA \u2013 Ajudar a ind\u00fastria global de viagens de neg\u00f3cios a criar um impacto positivo e um futuro melhor para as pessoas e para o planeta \u00e9 a miss\u00e3o por tr\u00e1s do relan\u00e7amento do bra\u00e7o de caridade da Global Business TravelAssociation, a Funda\u00e7\u00e3o GBTA. A Funda\u00e7\u00e3o GBTA se concentrar\u00e1 na estrat\u00e9gia e execu\u00e7\u00e3o dos programas globais de sustentabilidade da GBTA, apoiando iniciativas relacionadas ao clima\u2026<\/p>","protected":false},"author":14,"featured_media":0,"comment_status":"closed","ping_status":"closed","sticky":false,"template":"","format":"standard","meta":{"_acf_changed":false,"_seopress_robots_primary_cat":"none","_seopress_titles_title":"","_seopress_titles_desc":"The Foundation\u2019s newly appointed Board of global travel industry leaders will provide governance on climate action, DEI and workforce development initiatives","_seopress_robots_index":"","om_disable_all_campaigns":false,"_relevanssi_hide_post":"","_relevanssi_hide_content":"","_relevanssi_pin_for_all":"","_relevanssi_pin_keywords":"","_relevanssi_unpin_keywords":"","_relevanssi_related_keywords":"","_relevanssi_related_include_ids":"","_relevanssi_related_exclude_ids":"","_relevanssi_related_no_append":"","_relevanssi_related_not_related":"","_relevanssi_related_posts":"1,415,661,662,664,666","_relevanssi_noindex_reason":"","_kad_blocks_custom_css":"","_kad_blocks_head_custom_js":"","_kad_blocks_body_custom_js":"","_kad_blocks_footer_custom_js":"","_kad_post_transparent":"","_kad_post_title":"","_kad_post_layout":"","_kad_post_sidebar_id":"","_kad_post_content_style":"","_kad_post_vertical_padding":"","_kad_post_feature":"","_kad_post_feature_position":"","_kad_post_header":false,"_kad_post_footer":false,"footnotes":"","_links_to":"","_links_to_target":""},"categories":[1401,1516,1518,45,1520,280,1519,1517,1439],"tags":[1470,165,1331],"class_list":["post-4408","post","type-post","status-publish","format-standard","hentry","category-diversity-equity-inclusion","category-foundation","category-ladders","category-news-and-press-releases","category-press-release","category-sustainability","category-sustainability-foundation","category-winit-foundation","category-winit","tag-dei","tag-gbta-foundation","tag-winit"],"acf":[],"featured_image_src_large":false,"author_info":{"display_name":"","author_link":"https:\/\/gbta.org\/pt\/author\/"},"comment_info":"","category_info":[{"term_id":1401,"name":"Diversity, Equity &amp; Inclusion","slug":"diversity-equity-inclusion","term_group":0,"term_taxonomy_id":1401,"taxonomy":"category","description":"","parent":0,"count":40,"filter":"raw","cat_ID":1401,"category_count":40,"category_description":"","cat_name":"Diversity, Equity &amp; Inclusion","category_nicename":"diversity-equity-inclusion","category_parent":0},{"term_id":1516,"name":"Foundation","slug":"foundation","term_group":0,"term_taxonomy_id":1516,"taxonomy":"category","description":"","parent":0,"count":52,"filter":"raw","cat_ID":1516,"category_count":52,"category_description":"","cat_name":"Foundation","category_nicename":"foundation","category_parent":0},{"term_id":1518,"name":"Ladders","slug":"ladders","term_group":0,"term_taxonomy_id":1518,"taxonomy":"category","description":"","parent":1516,"count":6,"filter":"raw","cat_ID":1518,"category_count":6,"category_description":"","cat_name":"Ladders","category_nicename":"ladders","category_parent":1516},{"term_id":45,"name":"News and Press Releases","slug":"news-and-press-releases","term_group":0,"term_taxonomy_id":45,"taxonomy":"category","description":"","parent":0,"count":540,"filter":"raw","cat_ID":45,"category_count":540,"category_description":"","cat_name":"News and Press Releases","category_nicename":"news-and-press-releases","category_parent":0},{"term_id":1520,"name":"Press Release","slug":"press-release","term_group":0,"term_taxonomy_id":1520,"taxonomy":"category","description":"","parent":1516,"count":21,"filter":"raw","cat_ID":1520,"category_count":21,"category_description":"","cat_name":"Press Release","category_nicename":"press-release","category_parent":1516},{"term_id":280,"name":"Sustainability","slug":"sustainability","term_group":0,"term_taxonomy_id":280,"taxonomy":"category","description":"","parent":0,"count":130,"filter":"raw","cat_ID":280,"category_count":130,"category_description":"","cat_name":"Sustainability","category_nicename":"sustainability","category_parent":0},{"term_id":1519,"name":"Sustainability","slug":"sustainability-foundation","term_group":0,"term_taxonomy_id":1519,"taxonomy":"category","description":"","parent":1516,"count":29,"filter":"raw","cat_ID":1519,"category_count":29,"category_description":"","cat_name":"Sustainability","category_nicename":"sustainability-foundation","category_parent":1516},{"term_id":1517,"name":"WINiT","slug":"winit-foundation","term_group":0,"term_taxonomy_id":1517,"taxonomy":"category","description":"","parent":1516,"count":16,"filter":"raw","cat_ID":1517,"category_count":16,"category_description":"","cat_name":"WINiT","category_nicename":"winit-foundation","category_parent":1516},{"term_id":1439,"name":"WINiT","slug":"winit","term_group":0,"term_taxonomy_id":1439,"taxonomy":"category","description":"","parent":0,"count":26,"filter":"raw","cat_ID":1439,"category_count":26,"category_description":"","cat_name":"WINiT","category_nicename":"winit","category_parent":0}],"tag_info":[{"term_id":1470,"name":"DEI","slug":"dei","term_group":0,"term_taxonomy_id":1470,"taxonomy":"post_tag","description":"","parent":0,"count":2,"filter":"raw"},{"term_id":165,"name":"GBTA Foundation","slug":"gbta-foundation","term_group":0,"term_taxonomy_id":165,"taxonomy":"post_tag","description":"","parent":0,"count":122,"filter":"raw"},{"term_id":1331,"name":"WINiT","slug":"winit","term_group":0,"term_taxonomy_id":1331,"taxonomy":"post_tag","description":"","parent":0,"count":24,"filter":"raw"}],"taxonomy_info":{"category":[{"value":1401,"label":"Diversity, Equity &amp; Inclusion"},{"value":1516,"label":"Foundation"},{"value":1518,"label":"Ladders"},{"value":45,"label":"News and Press Releases"},{"value":1520,"label":"Press Release"},{"value":280,"label":"Sustainability"},{"value":1519,"label":"Sustainability"},{"value":1517,"label":"WINiT"},{"value":1439,"label":"WINiT"}],"post_tag":[{"value":1470,"label":"DEI"},{"value":165,"label":"GBTA Foundation"},{"value":1331,"label":"WINiT"}]},"featured_image_src":null,"featured_image_src_square":null,"mfb_rest_fields":["featured_image_src_large","author_info","comment_info","category_info","tag_info","taxonomy_info","featured_image_src","featured_image_src_square"],"_links":{"self":[{"href":"https:\/\/gbta.org\/pt\/wp-json\/wp\/v2\/posts\/4408","targetHints":{"allow":["GET"]}}],"collection":[{"href":"https:\/\/gbta.org\/pt\/wp-json\/wp\/v2\/posts"}],"about":[{"href":"https:\/\/gbta.org\/pt\/wp-json\/wp\/v2\/types\/post"}],"author":[{"embeddable":true,"href":"https:\/\/gbta.org\/pt\/wp-json\/wp\/v2\/users\/14"}],"replies":[{"embeddable":true,"href":"https:\/\/gbta.org\/pt\/wp-json\/wp\/v2\/comments?post=4408"}],"version-history":[{"count":0,"href":"https:\/\/gbta.org\/pt\/wp-json\/wp\/v2\/posts\/4408\/revisions"}],"wp:attachment":[{"href":"https:\/\/gbta.org\/pt\/wp-json\/wp\/v2\/media?parent=4408"}],"wp:term":[{"taxonomy":"category","embeddable":true,"href":"https:\/\/gbta.org\/pt\/wp-json\/wp\/v2\/categories?post=4408"},{"taxonomy":"post_tag","embeddable":true,"href":"https:\/\/gbta.org\/pt\/wp-json\/wp\/v2\/tags?post=4408"}],"curies":[{"name":"wp","href":"https:\/\/api.w.org\/{rel}","templated":true}]}}