{"id":4415,"date":"2022-07-26T12:58:00","date_gmt":"2022-07-26T16:58:00","guid":{"rendered":"https:\/\/gbta.org\/?p=4415"},"modified":"2022-08-05T14:10:41","modified_gmt":"2022-08-05T18:10:41","slug":"check-in-with-suzanne-71","status":"publish","type":"post","link":"https:\/\/gbta.org\/pt\/check-in-with-suzanne-71\/","title":{"rendered":"Check-in com Suzanne"},"content":{"rendered":"<p><span data-contrast=\"auto\">Nas minhas reuni\u00f5es constituintes mais recentes, tenho me conectado com nosso GBTA&nbsp;<\/span><a href=\"https:\/\/gbta.org\/pt\/membership-and-communities\/us-chapters\/\"><span data-contrast=\"none\">cap\u00edtulos e grupos regionais<\/span><\/a><span data-contrast=\"auto\">&nbsp;nos Estados Unidos, mais recentemente juntando-se a membros em Dallas (cap\u00edtulo DFW), em Denver (cap\u00edtulo Rocky Mountain) e na cidade de Nova York (NYC BTA). Sou grato por essas oportunidades, sejam virtuais ou presenciais, porque posso ouvir e ver em primeira m\u00e3o como nossos cap\u00edtulos promovem comunidades de colegas locais e regionais, ao mesmo tempo em que fa\u00e7o um \u00f3timo trabalho que tem um impacto positivo em nosso setor.<\/span><\/p>\n<p><span data-contrast=\"auto\">Assim como as associa\u00e7\u00f5es parceiras com as quais trabalhamos na Europa e nosso trabalho entre o Canad\u00e1 e a Am\u00e9rica Latina, os 37 cap\u00edtulos do GBTA nos EUA focam em quest\u00f5es que importam no n\u00edvel local, trazem suas vis\u00f5es exclusivas para a Associa\u00e7\u00e3o em geral e oferecem benef\u00edcios por meio de educa\u00e7\u00e3o, networking e bolsas de estudo para membros locais. Obrigado por tudo que voc\u00ea faz pelo GBTA e uns aos outros.<\/span><\/p>\n<p><span data-contrast=\"auto\">Hoje \u00e9 um dia muito emocionante e importante, pois&nbsp;<\/span><b><span data-contrast=\"auto\">vota\u00e7\u00e3o aberta<\/span><\/b><span data-contrast=\"auto\">&nbsp;para eleger&nbsp;<\/span><b><span data-contrast=\"auto\">tr\u00eas novos membros<\/span><\/b><span data-contrast=\"auto\">&nbsp;da nossa Associa\u00e7\u00e3o&nbsp;<\/span><b><span data-contrast=\"auto\">Conselho Administrativo<\/span><\/b><span data-contrast=\"auto\">.&nbsp;<\/span><span data-ccp-props=\"{&quot;201341983&quot;:0,&quot;335559739&quot;:160,&quot;335559740&quot;:259}\">&nbsp;<\/span><\/p>\n<ul>\n<li data-leveltext=\"\uf0a7\" data-font=\"Wingdings\" data-listid=\"2\" data-list-defn-props=\"{&quot;335552541&quot;:1,&quot;335559684&quot;:-2,&quot;335559685&quot;:720,&quot;335559991&quot;:360,&quot;469769226&quot;:&quot;Wingdings&quot;,&quot;469769242&quot;:[9642],&quot;469777803&quot;:&quot;left&quot;,&quot;469777804&quot;:&quot;\uf0a7&quot;,&quot;469777815&quot;:&quot;hybridMultilevel&quot;}\" data-aria-posinset=\"1\" data-aria-level=\"1\"><span data-contrast=\"auto\">Estamos encorajando e apelando a todos os membros da GBTA para&nbsp;<\/span><b><span data-contrast=\"auto\">exercer o seu direito de voto<\/span><\/b><span data-contrast=\"auto\">&nbsp;para que possamos garantir o qu\u00f3rum necess\u00e1rio antes de votar&nbsp;<\/span><b><span data-contrast=\"auto\">encerra em 15 de agosto<\/span><\/b><span data-contrast=\"auto\">.&nbsp;<\/span><span data-ccp-props=\"{&quot;134233279&quot;:false,&quot;201341983&quot;:0,&quot;335559739&quot;:160,&quot;335559740&quot;:259}\">&nbsp;<\/span><\/li>\n<li data-leveltext=\"\uf0a7\" data-font=\"Wingdings\" data-listid=\"2\" data-list-defn-props=\"{&quot;335552541&quot;:1,&quot;335559684&quot;:-2,&quot;335559685&quot;:720,&quot;335559991&quot;:360,&quot;469769226&quot;:&quot;Wingdings&quot;,&quot;469769242&quot;:[9642],&quot;469777803&quot;:&quot;left&quot;,&quot;469777804&quot;:&quot;\uf0a7&quot;,&quot;469777815&quot;:&quot;hybridMultilevel&quot;}\" data-aria-posinset=\"2\" data-aria-level=\"1\"><span data-contrast=\"auto\">O GBTA&nbsp;<\/span><a href=\"https:\/\/gbta.org\/pt\/elections-2022\/\"><span data-contrast=\"none\">P\u00e1gina das elei\u00e7\u00f5es 2022<\/span><\/a><span data-contrast=\"auto\">&nbsp;tem tudo o que voc\u00ea precisa para ser informado - incluindo elegibilidade para votar, datas para lembrar, plataformas de candidatos diretos e aliados e v\u00eddeos para o dispon\u00edvel&nbsp;<\/span><a href=\"https:\/\/gbta.org\/pt\/elections-2022-allied-seat\/\"><span data-contrast=\"none\">Sede aliada<\/span><\/a><span data-contrast=\"auto\">&nbsp;e dois&nbsp;<\/span><a href=\"https:\/\/gbta.org\/pt\/elections-2022-direct-seats\/\"><span data-contrast=\"none\">Assentos diretos<\/span><\/a><span data-contrast=\"auto\">, mais&nbsp;<\/span><a href=\"https:\/\/gbta.org\/pt\/elections-2022\/bylaws\/\"><span data-contrast=\"none\">vota\u00e7\u00e3o do estatuto<\/span><\/a><span data-contrast=\"auto\">&nbsp;orienta\u00e7\u00e3o.&nbsp;<\/span><span data-ccp-props=\"{&quot;134233279&quot;:false,&quot;201341983&quot;:0,&quot;335559739&quot;:160,&quot;335559740&quot;:259}\">&nbsp;<\/span><\/li>\n<li data-leveltext=\"\uf0a7\" data-font=\"Wingdings\" data-listid=\"2\" data-list-defn-props=\"{&quot;335552541&quot;:1,&quot;335559684&quot;:-2,&quot;335559685&quot;:720,&quot;335559991&quot;:360,&quot;469769226&quot;:&quot;Wingdings&quot;,&quot;469769242&quot;:[9642],&quot;469777803&quot;:&quot;left&quot;,&quot;469777804&quot;:&quot;\uf0a7&quot;,&quot;469777815&quot;:&quot;hybridMultilevel&quot;}\" data-aria-posinset=\"3\" data-aria-level=\"1\"><span data-contrast=\"auto\">Procure um&nbsp;<\/span><b><span data-contrast=\"auto\">e-mail de \u201cGBTA Elections\u201d<\/span><\/b><span data-contrast=\"auto\">&nbsp;enviado a todos os membros atuais do GBTA Aliado e Direto e eletronicamente emitir um voto para cada assento dispon\u00edvel no Conselho, bem como propostas de revis\u00e3o do estatuto.<\/span><span data-ccp-props=\"{&quot;134233279&quot;:false,&quot;201341983&quot;:0,&quot;335559739&quot;:160,&quot;335559740&quot;:259}\">&nbsp;<\/span><\/li>\n<\/ul>\n<p><span data-contrast=\"auto\">Hoje tamb\u00e9m estamos a menos de tr\u00eas semanas de nos reunirmos em San Diego para nossa reuni\u00e3o anual&nbsp;<\/span><a href=\"https:\/\/convention.gbta.org\/\"><span data-contrast=\"none\">Conven\u00e7\u00e3o GBTA 2022<\/span><\/a><span data-contrast=\"auto\">, 14-17 de agosto. Como estamos dando os toques finais no evento, posso dizer que muita coisa vai acontecer nesses quatro dias \u2013 ent\u00e3o planeje chegar no domingo e ficar at\u00e9 quarta. E apenas uma dica: nossa sess\u00e3o de ter\u00e7a-feira \u00e0 tarde no Main Stage incluir\u00e1 algumas grandes surpresas relacionadas \u00e0 evolu\u00e7\u00e3o futura do GBTA. N\u00e3o perca um \u00fanico minuto.<\/span><\/p>\n<p><span data-contrast=\"auto\">Com mais de&nbsp;<\/span><b><span data-contrast=\"auto\">950 compradores j\u00e1 cadastrados<\/span><\/b><span data-contrast=\"auto\">, eu sei que as apresenta\u00e7\u00f5es e as melhores pr\u00e1ticas estar\u00e3o voando pelo Centro de Conven\u00e7\u00f5es de San Diego! Obrigado \u00e0s nossas centenas de empresas fornecedoras expositoras e patrocinadoras e suas equipes por tornarem este e todos os eventos GBTA poss\u00edveis, nesta fase ainda importante da recupera\u00e7\u00e3o da pandemia do setor.<\/span><\/p>\n<p><span data-contrast=\"auto\">Confira mais sobre o que h\u00e1 de novo e imperd\u00edvel na Conven\u00e7\u00e3o no meu&nbsp;<\/span><a href=\"https:\/\/www.youtube.com\/watch?v=pWtOGipQxNw\"><span data-contrast=\"none\">conversa recente<\/span><\/a><span data-contrast=\"auto\">&nbsp;com o vice-presidente executivo de vendas globais da GBTA, Robert Ambrozy, incluindo mais informa\u00e7\u00f5es sobre quem est\u00e1 registrado .<\/span><span data-ccp-props=\"{&quot;201341983&quot;:0,&quot;335559739&quot;:160,&quot;335559740&quot;:259}\">&nbsp;<\/span><\/p>\n<p><span data-contrast=\"none\">Suzanne<\/span><span data-ccp-props=\"{&quot;201341983&quot;:0,&quot;335559739&quot;:160,&quot;335559740&quot;:259}\">&nbsp;<\/span><\/p>\n<p><u>Novidades para saber:<\/u><\/p>\n<p><strong>Operadoras dos EUA relatam forte recupera\u00e7\u00e3o nas viagens de neg\u00f3cios<\/strong><\/p>\n<p><a href=\"https:\/\/www.businesstravelnewseurope.com\/Air-Travel\/US-carriers-report-sharp-rebound-in-business-travel\">As viagens de neg\u00f3cios continuam a se recuperar para as transportadoras norte-americanas United Airlines e American Airlines<\/a>, j\u00e1 que ambos relataram lucros trimestrais recordes para o segundo trimestre na quinta-feira. A United Airlines reportou demanda de neg\u00f3cios em 75% dos n\u00edveis de volume no mesmo per\u00edodo de 2019 e 80% da receita. O vice-presidente executivo e diretor comercial da United, Andrew Nocella, disse durante uma teleconfer\u00eancia de resultados que a taxa de recupera\u00e7\u00e3o das viagens internacionais de neg\u00f3cios \u201cainda parece muito boa\u201d, apesar da recente interrup\u00e7\u00e3o de viagens na Europa e do limite di\u00e1rio de passageiros implementado no aeroporto de Heathrow no in\u00edcio deste m\u00eas.<\/p>\n<p><strong>CDC elimina programa Covid-19 para navios de cruzeiro<\/strong><\/p>\n<p><a href=\"https:\/\/www.travelweekly.com\/Cruise-Travel\/CDC-eliminates-Covid-19-Program-for-Cruise-Ships?ct=\">O CDC cancelou seu programa Covid-19 para navios de cruzeiro<\/a>, de acordo com seu site. A p\u00e1gina CDC Cruise Ship Guidance diz que o programa \u201cn\u00e3o est\u00e1 mais em vigor\u201d. O CDC tamb\u00e9m disse: \u201cOs navios de cruzeiro t\u00eam acesso a orienta\u00e7\u00f5es e ferramentas para gerenciar seus pr\u00f3prios programas de mitiga\u00e7\u00e3o do Covid-19\u201d. Ele continua dizendo: \u201cNovas orienta\u00e7\u00f5es para navios de cruzeiro para mitigar e gerenciar a transmiss\u00e3o do Covid-19 estar\u00e3o dispon\u00edveis nos pr\u00f3ximos dias\u201d. Juntamente com o fim do Programa Covid-19 para navios de cruzeiro, o CDC aposentou seu sistema de codifica\u00e7\u00e3o por cores para denotar casos de Covid-19 a bordo de navios de cruzeiro.<\/p>\n<p><strong>Canad\u00e1 reintroduz testes aleat\u00f3rios de Covid para chegadas internacionais<\/strong><\/p>\n<p><a href=\"https:\/\/www.businesstraveller.com\/business-travel\/2022\/07\/21\/canada-reintroduces-random-covid-testing-for-international-arrivals\/\">O Canad\u00e1 retomou seus testes obrigat\u00f3rios de chegada para viajantes a\u00e9reos totalmente vacinados.<\/a>&nbsp;O programa de testes em Vancouver, Calgary, Montreal e Toronto foi temporariamente suspenso em 11 de junho como parte de uma estrat\u00e9gia \u201cpara fazer a transi\u00e7\u00e3o dos testes de viajantes a\u00e9reos para a comunidade\u201d. Ao contr\u00e1rio de antes, os testes de Covid-19 agora ser\u00e3o realizados fora dos aeroportos para reduzir o congestionamento nos terminais. Isso deve ser conclu\u00eddo at\u00e9 o final do pr\u00f3ximo dia corrido ap\u00f3s a chegada ao Canad\u00e1, seja por meio de uma consulta pessoal em locais e farm\u00e1cias de fornecedores de teste selecionados ou por meio de uma consulta virtual para um teste de autocotonete.<\/p>\n<p><strong>Norte da Europa lidera recupera\u00e7\u00e3o global na ocupa\u00e7\u00e3o hoteleira<\/strong><\/p>\n<p><a href=\"https:\/\/www.businesstravelnewseurope.com\/Accommodation\/Northern-Europe-leads-global-recovery-in-hotel-occupancy\">O norte da Europa registrou os maiores n\u00edveis de ocupa\u00e7\u00e3o hoteleira de qualquer regi\u00e3o global<\/a>, com o Reino Unido e a Irlanda na lideran\u00e7a. O Reino Unido registrou ocupa\u00e7\u00e3o de 84% na semana que terminou em 16 de julho, de acordo com o especialista em dados hoteleiros STR. Os hot\u00e9is da Irlanda tiveram um desempenho ainda melhor ao preencher 86% de seus quartos na mesma semana. Essas taxas foram apenas 0,4% mais baixas do que na semana compar\u00e1vel de 2019, mostrando como o setor hoteleiro se recuperou rapidamente neste ver\u00e3o em ambos os pa\u00edses.<\/p>\n<p><u>Not\u00edcias e lembretes GBTA:<\/u><\/p>\n<p><strong>Conven\u00e7\u00e3o GBTA 2022<\/strong><\/p>\n<p>Estamos voltando \u00e0s viagens de neg\u00f3cios e de volta aos neg\u00f3cios.&nbsp;<a href=\"https:\/\/gbta.org\/pt\/calendar\/all-events\/eventid\/1234\/e\/gbta-convention-2022-14-aug-2022\/\">Conven\u00e7\u00e3o GBTA 2022<\/a>&nbsp;reunir\u00e1 o melhor dos melhores de todo o setor e al\u00e9m para reconectar, reimaginar e recriar o futuro das viagens de neg\u00f3cios.<\/p>","protected":false},"excerpt":{"rendered":"<p>Nas minhas reuni\u00f5es constituintes mais recentes, tenho me conectado com nossos cap\u00edtulos GBTA e grupos regionais nos EUA, mais recentemente me juntando a membros em Dallas (cap\u00edtulo DFW), em Denver (cap\u00edtulo Rocky Mountain) e na cidade de Nova York (NYC BTA) . Sou grato por essas oportunidades, sejam virtuais ou presenciais, porque posso ouvir e ver em primeira m\u00e3o\u2026<\/p>","protected":false},"author":14,"featured_media":0,"comment_status":"closed","ping_status":"closed","sticky":false,"template":"","format":"standard","meta":{"_acf_changed":false,"_seopress_robots_primary_cat":"none","_seopress_titles_title":"","_seopress_titles_desc":"In my most recent constituent meetings, I\u2019ve been connecting with our GBTA chapters and regional groups around the U.S.","_seopress_robots_index":"","om_disable_all_campaigns":false,"_relevanssi_hide_post":"","_relevanssi_hide_content":"","_relevanssi_pin_for_all":"","_relevanssi_pin_keywords":"","_relevanssi_unpin_keywords":"","_relevanssi_related_keywords":"","_relevanssi_related_include_ids":"","_relevanssi_related_exclude_ids":"","_relevanssi_related_no_append":"","_relevanssi_related_not_related":"","_relevanssi_related_posts":"1,415,661,662,664,666","_relevanssi_noindex_reason":"","_kad_blocks_custom_css":"","_kad_blocks_head_custom_js":"","_kad_blocks_body_custom_js":"","_kad_blocks_footer_custom_js":"","_kad_post_transparent":"","_kad_post_title":"","_kad_post_layout":"","_kad_post_sidebar_id":"","_kad_post_content_style":"","_kad_post_vertical_padding":"","_kad_post_feature":"","_kad_post_feature_position":"","_kad_post_header":false,"_kad_post_footer":false,"footnotes":"","_links_to":"","_links_to_target":""},"categories":[114,1437,105],"tags":[1465,1450,1447,1468],"class_list":["post-4415","post","type-post","status-publish","format-standard","hentry","category-airlines-and-aviation","category-covid-19","category-europe-and-uk","tag-airlines-aviation","tag-check-in-with-suzanne","tag-covid-19","tag-europe-uk"],"acf":[],"featured_image_src_large":false,"author_info":{"display_name":"","author_link":"https:\/\/gbta.org\/pt\/author\/"},"comment_info":"","category_info":[{"term_id":114,"name":"Airlines and Aviation","slug":"airlines-and-aviation","term_group":0,"term_taxonomy_id":114,"taxonomy":"category","description":"","parent":0,"count":355,"filter":"raw","cat_ID":114,"category_count":355,"category_description":"","cat_name":"Airlines and Aviation","category_nicename":"airlines-and-aviation","category_parent":0},{"term_id":1437,"name":"COVID-19","slug":"covid-19","term_group":0,"term_taxonomy_id":1437,"taxonomy":"category","description":"","parent":0,"count":124,"filter":"raw","cat_ID":1437,"category_count":124,"category_description":"","cat_name":"COVID-19","category_nicename":"covid-19","category_parent":0},{"term_id":105,"name":"Europe and UK","slug":"europe-and-uk","term_group":0,"term_taxonomy_id":105,"taxonomy":"category","description":"","parent":0,"count":152,"filter":"raw","cat_ID":105,"category_count":152,"category_description":"","cat_name":"Europe and UK","category_nicename":"europe-and-uk","category_parent":0}],"tag_info":[{"term_id":1465,"name":"airlines &amp; aviation","slug":"airlines-aviation","term_group":0,"term_taxonomy_id":1465,"taxonomy":"post_tag","description":"","parent":0,"count":3,"filter":"raw"},{"term_id":1450,"name":"Check-in with Suzanne","slug":"check-in-with-suzanne","term_group":0,"term_taxonomy_id":1450,"taxonomy":"post_tag","description":"","parent":0,"count":47,"filter":"raw"},{"term_id":1447,"name":"COVID-19","slug":"covid-19","term_group":0,"term_taxonomy_id":1447,"taxonomy":"post_tag","description":"","parent":0,"count":5,"filter":"raw"},{"term_id":1468,"name":"Europe &amp; UK","slug":"europe-uk","term_group":0,"term_taxonomy_id":1468,"taxonomy":"post_tag","description":"","parent":0,"count":4,"filter":"raw"}],"taxonomy_info":{"category":[{"value":114,"label":"Airlines and Aviation"},{"value":1437,"label":"COVID-19"},{"value":105,"label":"Europe and UK"}],"post_tag":[{"value":1465,"label":"airlines &amp; aviation"},{"value":1450,"label":"Check-in with Suzanne"},{"value":1447,"label":"COVID-19"},{"value":1468,"label":"Europe &amp; UK"}]},"featured_image_src":null,"featured_image_src_square":null,"mfb_rest_fields":["featured_image_src_large","author_info","comment_info","category_info","tag_info","taxonomy_info","featured_image_src","featured_image_src_square"],"_links":{"self":[{"href":"https:\/\/gbta.org\/pt\/wp-json\/wp\/v2\/posts\/4415","targetHints":{"allow":["GET"]}}],"collection":[{"href":"https:\/\/gbta.org\/pt\/wp-json\/wp\/v2\/posts"}],"about":[{"href":"https:\/\/gbta.org\/pt\/wp-json\/wp\/v2\/types\/post"}],"author":[{"embeddable":true,"href":"https:\/\/gbta.org\/pt\/wp-json\/wp\/v2\/users\/14"}],"replies":[{"embeddable":true,"href":"https:\/\/gbta.org\/pt\/wp-json\/wp\/v2\/comments?post=4415"}],"version-history":[{"count":0,"href":"https:\/\/gbta.org\/pt\/wp-json\/wp\/v2\/posts\/4415\/revisions"}],"wp:attachment":[{"href":"https:\/\/gbta.org\/pt\/wp-json\/wp\/v2\/media?parent=4415"}],"wp:term":[{"taxonomy":"category","embeddable":true,"href":"https:\/\/gbta.org\/pt\/wp-json\/wp\/v2\/categories?post=4415"},{"taxonomy":"post_tag","embeddable":true,"href":"https:\/\/gbta.org\/pt\/wp-json\/wp\/v2\/tags?post=4415"}],"curies":[{"name":"wp","href":"https:\/\/api.w.org\/{rel}","templated":true}]}}