{"id":5843,"date":"2022-08-15T13:50:16","date_gmt":"2022-08-15T17:50:16","guid":{"rendered":"https:\/\/gbta.org\/?p=5843"},"modified":"2022-08-24T15:13:12","modified_gmt":"2022-08-24T19:13:12","slug":"global-business-travel-spending-is-coming-back-but-recent-headwinds-push-anticipated-full-recovery-into-2025-and-2026","status":"publish","type":"post","link":"https:\/\/gbta.org\/pt\/global-business-travel-spending-is-coming-back-but-recent-headwinds-push-anticipated-full-recovery-into-2025-and-2026\/","title":{"rendered":"Os gastos globais com viagens de neg\u00f3cios est\u00e3o voltando, mas ventos contr\u00e1rios recentes impulsionam a recupera\u00e7\u00e3o total prevista para 2025 e 2026"},"content":{"rendered":"<h3>Infla\u00e7\u00e3o, pre\u00e7os de energia, desafios da cadeia de suprimentos, escassez de m\u00e3o de obra e desenvolvimentos regionais adicionam 18 meses \u00e0 previs\u00e3o de recupera\u00e7\u00e3o do setor, de acordo com o 2022 GBTA Business Travel Index\u2122<\/h3>\n<p><span data-contrast=\"auto\">A ind\u00fastria global de viagens de neg\u00f3cios continua seu progresso em dire\u00e7\u00e3o \u00e0 recupera\u00e7\u00e3o total para os n\u00edveis de gastos pr\u00e9-pandemia de 2019 de US$ $1,4 trilh\u00e3o, mas a recupera\u00e7\u00e3o atingiu alguns ventos contr\u00e1rios. <\/span><span data-contrast=\"none\">Assim como muitas condi\u00e7\u00f5es de recupera\u00e7\u00e3o relacionadas ao Covid melhoraram, muitas condi\u00e7\u00f5es macroecon\u00f4micas se deterioraram rapidamente no in\u00edcio de 2022. <\/span><span data-contrast=\"auto\">desenvolvimentos est\u00e3o impactando<\/span><span data-contrast=\"none\">O tempo, trajet\u00f3ria e ritmo da recupera\u00e7\u00e3o das viagens de neg\u00f3cios, tanto globalmente quanto por regi\u00e3o, empurrando a previs\u00e3o de recupera\u00e7\u00e3o total para 2026 em vez de 2024, conforme previsto anteriormente.\u00a0<\/span><span data-ccp-props=\"{&quot;201341983&quot;:0,&quot;335559739&quot;:0,&quot;335559740&quot;:240}\">\u00a0<\/span><\/p>\n<p><span data-contrast=\"auto\">Esta \u00e9 uma descoberta central do mais recente<\/span><b><span data-contrast=\"none\"> Perspectivas do \u00cdndice de Viagens de Neg\u00f3cios GBTA 2022 \u2013 Relat\u00f3rio Global Anual e Previs\u00e3o<\/span><\/b><span data-contrast=\"none\"> publicado pela GBTA e viabilizado pela Mastercard. Apresentado hoje na Conven\u00e7\u00e3o GBTA de 2022 que acontece em San Diego, o GBTA BTI \u00e9 um estudo anual exaustivo sobre gastos e crescimento em viagens de neg\u00f3cios, abrangendo 73 pa\u00edses e 44 ind\u00fastrias. Agora em 14<\/span><span data-contrast=\"none\">\u00ba<\/span><span data-contrast=\"none\"> edi\u00e7\u00e3o, este \u00faltimo relat\u00f3rio descreve as perspectivas de alto n\u00edvel para as viagens de neg\u00f3cios globais de 2022 a 2026.<\/span><span data-ccp-props=\"{&quot;201341983&quot;:0,&quot;335559739&quot;:160,&quot;335559740&quot;:259}\">\u00a0<\/span><\/p>\n<p><span data-contrast=\"none\">\u201cPara entender os ventos contr\u00e1rios que t\u00eam impactado uma recupera\u00e7\u00e3o mais acelerada das viagens de neg\u00f3cios globais, tudo o que voc\u00ea precisa fazer \u00e9 olhar para as manchetes desde o in\u00edcio de 2022. Os fatores que afetam muitos setores ao redor do mundo tamb\u00e9m devem impactar os neg\u00f3cios globais recupera\u00e7\u00e3o de viagens em 2025. O resultado previsto \u00e9 que chegaremos perto, mas n\u00e3o atingiremos e n\u00e3o excederemos os n\u00edveis pr\u00e9-pandemia de 2019 at\u00e9 2026\u201d, disse Suzanne Neufang, CEO da GBTA.<\/span><\/p>\n<p><span data-contrast=\"none\">[O BTI anterior lan\u00e7ado em <\/span><a href=\"https:\/\/gbta.org\/pt\/blog\/from-setback-to-surge-business-travel-expected-to-fully-recover-by-2024\/\"><span data-contrast=\"none\">Novembro de 2021<\/span><\/a><span data-contrast=\"none\"> previu um aumento nos gastos globais com viagens de neg\u00f3cios em 2022, atingindo a recupera\u00e7\u00e3o total para a marca pr\u00e9-pandemia de $1,4 trilh\u00e3o at\u00e9 2024.]<\/span><span data-ccp-props=\"{&quot;201341983&quot;:0,&quot;335559739&quot;:160,&quot;335559740&quot;:259}\">\u00a0<\/span><\/p>\n<p><span data-contrast=\"none\">O BTI 2022 tamb\u00e9m revela insights de pesquisas recentes da GBTA com executivos de finan\u00e7as globais e viajantes de neg\u00f3cios. Al\u00e9m disso, explora fatores novos e transformadores nas viagens de neg\u00f3cios globais nas \u00e1reas de sustentabilidade, din\u00e2mica da for\u00e7a de trabalho (incluindo trabalho remoto e viagens combinadas ou \u201cbleisure\u201d) e ado\u00e7\u00e3o de tecnologia.<\/span><span data-ccp-props=\"{&quot;201341983&quot;:0,&quot;335559739&quot;:160,&quot;335559740&quot;:259}\">\u00a0<\/span><\/p>\n<p><b><span data-contrast=\"none\">Destaques do mais recente BTI Outlook<\/span><\/b><span data-contrast=\"none\"> (em d\u00f3lares americanos):<\/span><span data-ccp-props=\"{&quot;201341983&quot;:0,&quot;335559739&quot;:160,&quot;335559740&quot;:259}\">\u00a0<\/span><\/p>\n<ul>\n<li data-leveltext=\"\uf0b7\" data-font=\"Symbol\" data-listid=\"16\" data-list-defn-props=\"{&quot;335552541&quot;:1,&quot;335559684&quot;:-2,&quot;335559685&quot;:720,&quot;335559991&quot;:360,&quot;469769226&quot;:&quot;Symbol&quot;,&quot;469769242&quot;:[8226],&quot;469777803&quot;:&quot;left&quot;,&quot;469777804&quot;:&quot;\uf0b7&quot;,&quot;469777815&quot;:&quot;hybridMultilevel&quot;}\" data-aria-posinset=\"1\" data-aria-level=\"1\"><b><span data-contrast=\"none\">Os gastos totais em viagens de neg\u00f3cios globais atingiram $697 bilh\u00f5es em 2021, 5,5% acima da baixa da era da pandemia de 2020<\/span><\/b><span data-contrast=\"none\">. O ano passado foi quase t\u00e3o desafiador quanto 2020 para o setor global de viagens de neg\u00f3cios, pois procurou criar um \u201cseguimento normal\u201d da pandemia de Covid-19. A ind\u00fastria recuperou cerca de $36 bilh\u00f5es dos $770 bilh\u00f5es perdidos em 2020. <\/span><br \/>\n<span data-ccp-props=\"{&quot;201341983&quot;:0,&quot;335559738&quot;:120,&quot;335559739&quot;:80,&quot;335559740&quot;:240,&quot;469777462&quot;:[8640],&quot;469777927&quot;:[0],&quot;469777928&quot;:[1]}\">\u00a0<\/span><\/li>\n<li data-leveltext=\"\uf0b7\" data-font=\"Symbol\" data-listid=\"16\" data-list-defn-props=\"{&quot;335552541&quot;:1,&quot;335559684&quot;:-2,&quot;335559685&quot;:720,&quot;335559991&quot;:360,&quot;469769226&quot;:&quot;Symbol&quot;,&quot;469769242&quot;:[8226],&quot;469777803&quot;:&quot;left&quot;,&quot;469777804&quot;:&quot;\uf0b7&quot;,&quot;469777815&quot;:&quot;hybridMultilevel&quot;}\" data-aria-posinset=\"2\" data-aria-level=\"1\"><b><span data-contrast=\"none\">A recupera\u00e7\u00e3o foi interrompida pela variante Omicron e pico nos casos globais de Covid no final de 2021 e in\u00edcio de 2022<\/span><\/b><span data-contrast=\"none\">. \u00c0 medida que os n\u00fameros de casos come\u00e7aram a recuar, as viagens de neg\u00f3cios aumentaram.<\/span> <span data-contrast=\"none\">Espera-se que os gastos globais com viagens de neg\u00f3cios em 2022 avancem 34% em rela\u00e7\u00e3o aos n\u00edveis de 2021 para $933 bilh\u00f5es, recuperando-se para 65% dos n\u00edveis pr\u00e9-pandemia.<\/span><br \/>\n<span data-ccp-props=\"{&quot;201341983&quot;:0,&quot;335559739&quot;:160,&quot;335559740&quot;:259}\">\u00a0<\/span><\/li>\n<li data-leveltext=\"\uf0b7\" data-font=\"Symbol\" data-listid=\"16\" data-list-defn-props=\"{&quot;335552541&quot;:1,&quot;335559684&quot;:-2,&quot;335559685&quot;:720,&quot;335559991&quot;:360,&quot;469769226&quot;:&quot;Symbol&quot;,&quot;469769242&quot;:[8226],&quot;469777803&quot;:&quot;left&quot;,&quot;469777804&quot;:&quot;\uf0b7&quot;,&quot;469777815&quot;:&quot;hybridMultilevel&quot;}\" data-aria-posinset=\"3\" data-aria-level=\"1\"><b><span data-contrast=\"none\">A recupera\u00e7\u00e3o em 2022 dependeu e foi amplamente impulsionada pela melhoria nos quatro fatores da recupera\u00e7\u00e3o global de viagens de neg\u00f3cios<\/span><\/b> <span data-contrast=\"none\">\u2013<\/span> <span data-contrast=\"none\">o esfor\u00e7o global de vacina\u00e7\u00e3o<\/span><span data-contrast=\"auto\">, <\/span><span data-contrast=\"none\">pol\u00edticas nacionais de viagens<\/span><span data-contrast=\"auto\">, <\/span><span data-contrast=\"none\">sentimento do viajante de neg\u00f3cios e pol\u00edtica de gest\u00e3o de viagens \u2013 onde as condi\u00e7\u00f5es melhoraram significativamente nos \u00faltimos seis meses.<\/span><span data-ccp-props=\"{&quot;201341983&quot;:0,&quot;335559739&quot;:160,&quot;335559740&quot;:259}\">\u00a0<\/span><\/li>\n<\/ul>\n<p style=\"text-align: center\"><strong>GASTOS EM VIAGENS DE NEG\u00d3CIOS GLOBAIS ($ Bilh\u00f5es, USD)<\/strong><\/p>\n<p><img loading=\"lazy\" decoding=\"async\" class=\"alignnone wp-image-6304 size-large\" src=\"https:\/\/gbta.org\/wp-content\/uploads\/2022-GBTA-Global-BTI_Global-Business-Travel-Spend-Chart-1024x670.jpg\" alt=\"2022 gbta global bti global business travel spend chart\" width=\"1024\" height=\"670\" srcset=\"https:\/\/gbta.org\/wp-content\/uploads\/2022-GBTA-Global-BTI_Global-Business-Travel-Spend-Chart-1024x670.jpg 1024w, https:\/\/gbta.org\/wp-content\/uploads\/2022-GBTA-Global-BTI_Global-Business-Travel-Spend-Chart-300x196.jpg 300w, https:\/\/gbta.org\/wp-content\/uploads\/2022-GBTA-Global-BTI_Global-Business-Travel-Spend-Chart-768x502.jpg 768w, https:\/\/gbta.org\/wp-content\/uploads\/2022-GBTA-Global-BTI_Global-Business-Travel-Spend-Chart-18x12.jpg 18w, https:\/\/gbta.org\/wp-content\/uploads\/2022-GBTA-Global-BTI_Global-Business-Travel-Spend-Chart.jpg 1032w\" sizes=\"auto, (max-width: 1024px) 100vw, 1024px\" \/><\/p>\n<ul>\n<li data-leveltext=\"\uf0b7\" data-font=\"Symbol\" data-listid=\"16\" data-list-defn-props=\"{&quot;335552541&quot;:1,&quot;335559684&quot;:-2,&quot;335559685&quot;:720,&quot;335559991&quot;:360,&quot;469769226&quot;:&quot;Symbol&quot;,&quot;469769242&quot;:[8226],&quot;469777803&quot;:&quot;left&quot;,&quot;469777804&quot;:&quot;\uf0b7&quot;,&quot;469777815&quot;:&quot;hybridMultilevel&quot;}\" data-aria-posinset=\"1\" data-aria-level=\"1\"><b><span data-contrast=\"none\">A deteriora\u00e7\u00e3o das condi\u00e7\u00f5es econ\u00f4micas e a mudan\u00e7a das tend\u00eancias seculares em 2022, no entanto, desaceleraram a recupera\u00e7\u00e3o global<\/span><\/b><span data-contrast=\"none\">. Assim, as viagens de neg\u00f3cios globais quase atingir\u00e3o os n\u00edveis pr\u00e9-pandemia em 2025, atingindo $1,39 trilh\u00e3o. <\/span><br \/>\n<span data-ccp-props=\"{&quot;201341983&quot;:0,&quot;335559738&quot;:120,&quot;335559739&quot;:80,&quot;335559740&quot;:240,&quot;469777462&quot;:[8640],&quot;469777927&quot;:[0],&quot;469777928&quot;:[1]}\">\u00a0<\/span><\/li>\n<li data-leveltext=\"\uf0b7\" data-font=\"Symbol\" data-listid=\"16\" data-list-defn-props=\"{&quot;335552541&quot;:1,&quot;335559684&quot;:-2,&quot;335559685&quot;:720,&quot;335559991&quot;:360,&quot;469769226&quot;:&quot;Symbol&quot;,&quot;469769242&quot;:[8226],&quot;469777803&quot;:&quot;left&quot;,&quot;469777804&quot;:&quot;\uf0b7&quot;,&quot;469777815&quot;:&quot;hybridMultilevel&quot;}\" data-aria-posinset=\"2\" data-aria-level=\"1\"><b><span data-contrast=\"none\">N\u00e3o se espera que os gastos globais voltem totalmente \u00e0 marca de $1,4 trilh\u00e3o de d\u00f3lares at\u00e9 meados de 2026<\/span><\/b><span data-contrast=\"none\">, quando est\u00e1 previsto atingir $1,47 trilh\u00e3o de d\u00f3lares. Isso adiciona cerca de 18 meses \u00e0 recupera\u00e7\u00e3o do setor do que o previsto no GBTA Business Travel Index anterior, divulgado em novembro de 2021.<\/span><br \/>\n<span data-ccp-props=\"{&quot;201341983&quot;:0,&quot;335559738&quot;:120,&quot;335559739&quot;:80,&quot;335559740&quot;:240,&quot;469777462&quot;:[8640],&quot;469777927&quot;:[0],&quot;469777928&quot;:[1]}\">\u00a0<\/span><\/li>\n<li data-leveltext=\"\uf0b7\" data-font=\"Symbol\" data-listid=\"16\" data-list-defn-props=\"{&quot;335552541&quot;:1,&quot;335559684&quot;:-2,&quot;335559685&quot;:720,&quot;335559991&quot;:360,&quot;469769226&quot;:&quot;Symbol&quot;,&quot;469769242&quot;:[8226],&quot;469777803&quot;:&quot;left&quot;,&quot;469777804&quot;:&quot;\uf0b7&quot;,&quot;469777815&quot;:&quot;hybridMultilevel&quot;}\" data-aria-posinset=\"3\" data-aria-level=\"1\"><b><span data-contrast=\"none\">O BTI 2022 encontra os maiores obst\u00e1culos para uma recupera\u00e7\u00e3o mais acelerada nas viagens de neg\u00f3cios globais<\/span><\/b><span data-contrast=\"none\"> s\u00e3o infla\u00e7\u00e3o persistente, altos pre\u00e7os de energia, s\u00e9rios desafios na cadeia de suprimentos e escassez de m\u00e3o de obra, uma desacelera\u00e7\u00e3o econ\u00f4mica significativa e bloqueios na China e grandes impactos regionais devido \u00e0 guerra na Ucr\u00e2nia, bem como considera\u00e7\u00f5es emergentes de sustentabilidade.<\/span><\/li>\n<\/ul>\n<p><span data-ccp-props=\"{&quot;201341983&quot;:0,&quot;335559739&quot;:160,&quot;335559740&quot;:259}\">\u00a0<\/span><b><span data-contrast=\"auto\">A recupera\u00e7\u00e3o divergente nas viagens de neg\u00f3cios globais continua<\/span><\/b><span data-ccp-props=\"{&quot;201341983&quot;:0,&quot;335559739&quot;:160,&quot;335559740&quot;:259}\">\u00a0<\/span><\/p>\n<p><span data-contrast=\"auto\">Em tudo,<\/span> <span data-contrast=\"auto\">g<\/span><span data-contrast=\"none\">Espera-se que os gastos com viagens de neg\u00f3cios globais ganhem 33,8% em 2022, no entanto, as diferen\u00e7as s\u00e3o antecipadas <\/span><span data-contrast=\"none\">principais mercados de viagens de neg\u00f3cios do mundo. O momento e o ritmo da recupera\u00e7\u00e3o continuar\u00e3o a variar significativamente de uma regi\u00e3o do mundo para outra, conforme evidenciado em 2021.\u00a0<\/span><span data-ccp-props=\"{&quot;201341983&quot;:0,&quot;335559739&quot;:160,&quot;335559740&quot;:259}\">\u00a0<\/span><\/p>\n<ul>\n<li data-leveltext=\"-\" data-font=\"Calibri\" data-listid=\"12\" data-list-defn-props=\"{&quot;335551671&quot;:2,&quot;335552541&quot;:1,&quot;335559684&quot;:-2,&quot;335559685&quot;:720,&quot;335559991&quot;:360,&quot;469769226&quot;:&quot;Calibri&quot;,&quot;469769242&quot;:[8226],&quot;469777803&quot;:&quot;left&quot;,&quot;469777804&quot;:&quot;-&quot;,&quot;469777815&quot;:&quot;hybridMultilevel&quot;}\" data-aria-posinset=\"2\" data-aria-level=\"1\"><b><span data-contrast=\"none\">Am\u00e9rica do Norte<\/span><\/b><span data-contrast=\"none\"> liderou a recupera\u00e7\u00e3o em 2021 \u2013 impulsionada em grande parte pelo r\u00e1pido retorno das viagens dom\u00e9sticas. <\/span><b><span data-contrast=\"none\">Europa Ocidental<\/span><\/b><span data-contrast=\"none\"> foi a \u00fanica regi\u00e3o a testemunhar quedas de gastos no ano passado, com o impacto do Covid-19 em seu mercado de viagens de neg\u00f3cios dom\u00e9stico e regional. Espera-se que ambas as regi\u00f5es experimentem as recupera\u00e7\u00f5es mais acentuadas com aumentos de crescimento anual composto de 23,4% (para $363,7 bilh\u00f5es) e 16,9% (para $323,9 bilh\u00f5es), respectivamente, at\u00e9 2026<\/span><b><span data-contrast=\"none\">.<\/span><\/b><span data-ccp-props=\"{&quot;201341983&quot;:0,&quot;335559739&quot;:160,&quot;335559740&quot;:259}\">\u00a0<\/span><\/li>\n<\/ul>\n<ul>\n<li data-leveltext=\"-\" data-font=\"Calibri\" data-listid=\"12\" data-list-defn-props=\"{&quot;335551671&quot;:2,&quot;335552541&quot;:1,&quot;335559684&quot;:-2,&quot;335559685&quot;:720,&quot;335559991&quot;:360,&quot;469769226&quot;:&quot;Calibri&quot;,&quot;469769242&quot;:[8226],&quot;469777803&quot;:&quot;left&quot;,&quot;469777804&quot;:&quot;-&quot;,&quot;469777815&quot;:&quot;hybridMultilevel&quot;}\" data-aria-posinset=\"2\" data-aria-level=\"1\"><b><span data-contrast=\"none\">\u00c1sia-Pac\u00edfico<\/span><\/b><span data-contrast=\"none\"> ajudou a liderar o setor em termos de recupera\u00e7\u00e3o de gastos em 2021, principalmente na China. Isso foi revertido em 2022, quando a pol\u00edtica de Zero-Covid da China levou a bloqueios em larga escala e outros pa\u00edses da regi\u00e3o se abriram lentamente<\/span><b><span data-contrast=\"none\">. <\/span><\/b><span data-contrast=\"none\">Para 2022, espera-se um s\u00f3lido aumento de 16,5% (ou $407,1 bilh\u00f5es) nos gastos na APAC (retido pela China em 5,6%, ou $286,9 bilh\u00f5es), com a regi\u00e3o se recuperando para 66% dos n\u00edveis pr\u00e9-pandemia por final de 2022.\u00a0<\/span><span data-ccp-props=\"{&quot;201341983&quot;:0,&quot;335559739&quot;:160,&quot;335559740&quot;:259}\">\u00a0<\/span><\/li>\n<\/ul>\n<ul>\n<li data-leveltext=\"-\" data-font=\"Calibri\" data-listid=\"12\" data-list-defn-props=\"{&quot;335551671&quot;:2,&quot;335552541&quot;:1,&quot;335559684&quot;:-2,&quot;335559685&quot;:720,&quot;335559991&quot;:360,&quot;469769226&quot;:&quot;Calibri&quot;,&quot;469769242&quot;:[8226],&quot;469777803&quot;:&quot;left&quot;,&quot;469777804&quot;:&quot;-&quot;,&quot;469777815&quot;:&quot;hybridMultilevel&quot;}\" data-aria-posinset=\"2\" data-aria-level=\"1\"><span data-contrast=\"none\">Gastos com viagens de neg\u00f3cios em <\/span><b><span data-contrast=\"none\">Am\u00e9rica latina<\/span><\/b><span data-contrast=\"none\"> cresceu modestamente em 2021, \u00e0 medida que o esfor\u00e7o de vacina\u00e7\u00e3o teve um in\u00edcio mais lento. Embora possa haver desafios nesta regi\u00e3o nos pr\u00f3ximos anos, o crescimento de 55% nos gastos na Am\u00e9rica Latina est\u00e1 previsto para este ano, \u00e0 medida que as viagens de neg\u00f3cios se recuperam para 83% dos totais pr\u00e9-pandemia.\u00a0<\/span><span data-ccp-props=\"{&quot;201341983&quot;:0,&quot;335559739&quot;:160,&quot;335559740&quot;:259}\">\u00a0<\/span><\/li>\n<\/ul>\n<p><b><span data-contrast=\"auto\">Executivos de viagens de neg\u00f3cios e finan\u00e7as destacam os desafios e oportunidades<\/span><\/b><span data-ccp-props=\"{&quot;201341983&quot;:0,&quot;335559739&quot;:0,&quot;335559740&quot;:240}\">\u00a0<\/span><\/p>\n<p><span data-contrast=\"none\">Em julho de 2022, a GBTA entrevistou mais de 400 viajantes de neg\u00f3cios frequentes e quase quatro d\u00fazias de tomadores de decis\u00e3o sobre or\u00e7amentos de viagens executivas em quatro regi\u00f5es globais.<\/span><span data-contrast=\"none\">\u202f<\/span><span data-contrast=\"none\">O sentimento geral \u00e9 positivo, mas tamb\u00e9m confirma que as preocupa\u00e7\u00f5es com a Covid est\u00e3o ficando em segundo plano em rela\u00e7\u00e3o \u00e0s atuais quest\u00f5es macroecon\u00f4micas e geopol\u00edticas.\u00a0<\/span><span data-ccp-props=\"{&quot;201341983&quot;:0,&quot;335559739&quot;:0,&quot;335559740&quot;:240}\">\u00a0<\/span><\/p>\n<ul>\n<li data-leveltext=\"\uf0b7\" data-font=\"Symbol\" data-listid=\"25\" data-list-defn-props=\"{&quot;335552541&quot;:1,&quot;335559684&quot;:-2,&quot;335559685&quot;:720,&quot;335559991&quot;:360,&quot;469769226&quot;:&quot;Symbol&quot;,&quot;469769242&quot;:[8226],&quot;469777803&quot;:&quot;left&quot;,&quot;469777804&quot;:&quot;\uf0b7&quot;,&quot;469777815&quot;:&quot;hybridMultilevel&quot;}\" data-aria-posinset=\"1\" data-aria-level=\"1\"><span data-contrast=\"auto\">85% dos viajantes de neg\u00f3cios entrevistados disseram que definitivamente precisam viajar para atingir suas metas de neg\u00f3cios. Mais de tr\u00eas quartos disseram que esperam viajar a trabalho mais ou muito mais em 2023 do que em 2022.<\/span><br \/>\n<span data-ccp-props=\"{&quot;201341983&quot;:0,&quot;335559739&quot;:0,&quot;335559740&quot;:240}\">\u00a0<\/span><\/li>\n<li data-leveltext=\"\uf0b7\" data-font=\"Symbol\" data-listid=\"25\" data-list-defn-props=\"{&quot;335552541&quot;:1,&quot;335559684&quot;:-2,&quot;335559685&quot;:720,&quot;335559991&quot;:360,&quot;469769226&quot;:&quot;Symbol&quot;,&quot;469769242&quot;:[8226],&quot;469777803&quot;:&quot;left&quot;,&quot;469777804&quot;:&quot;\uf0b7&quot;,&quot;469777815&quot;:&quot;hybridMultilevel&quot;}\" data-aria-posinset=\"2\" data-aria-level=\"1\"><span data-contrast=\"auto\">84% de profissionais seniores de finan\u00e7as corporativas globais expressaram confian\u00e7a de que seus gastos com viagens aumentariam um pouco ou significativamente em 2023 em compara\u00e7\u00e3o com 2022. <\/span><br \/>\n<span data-ccp-props=\"{&quot;201341983&quot;:0,&quot;335559739&quot;:0,&quot;335559740&quot;:240}\">\u00a0<\/span><\/li>\n<li data-leveltext=\"\uf0b7\" data-font=\"Symbol\" data-listid=\"25\" data-list-defn-props=\"{&quot;335552541&quot;:1,&quot;335559684&quot;:-2,&quot;335559685&quot;:720,&quot;335559991&quot;:360,&quot;469769226&quot;:&quot;Symbol&quot;,&quot;469769242&quot;:[8226],&quot;469777803&quot;:&quot;left&quot;,&quot;469777804&quot;:&quot;\uf0b7&quot;,&quot;469777815&quot;:&quot;hybridMultilevel&quot;}\" data-aria-posinset=\"3\" data-aria-level=\"1\"><span data-contrast=\"none\">73% dos viajantes de neg\u00f3cios e 38 dos 44 executivos financeiros globais seniores concordam que a infla\u00e7\u00e3o\/aumento dos pre\u00e7os afetar\u00e1 os volumes de viagens.<\/span><br \/>\n<span data-ccp-props=\"{&quot;201341983&quot;:0,&quot;335559739&quot;:60,&quot;335559740&quot;:240}\">\u00a0<\/span><\/li>\n<li data-leveltext=\"\uf0b7\" data-font=\"Symbol\" data-listid=\"25\" data-list-defn-props=\"{&quot;335552541&quot;:1,&quot;335559684&quot;:-2,&quot;335559685&quot;:720,&quot;335559991&quot;:360,&quot;469769226&quot;:&quot;Symbol&quot;,&quot;469769242&quot;:[8226],&quot;469777803&quot;:&quot;left&quot;,&quot;469777804&quot;:&quot;\uf0b7&quot;,&quot;469777815&quot;:&quot;hybridMultilevel&quot;}\" data-aria-posinset=\"4\" data-aria-level=\"1\"><span data-contrast=\"none\">69% dos viajantes de neg\u00f3cios e 33 dos 44 executivos financeiros globais est\u00e3o preocupados que uma poss\u00edvel recess\u00e3o afete as viagens.<\/span><br \/>\n<span data-ccp-props=\"{&quot;201341983&quot;:0,&quot;335559739&quot;:60,&quot;335559740&quot;:240}\">\u00a0<\/span><\/li>\n<li data-leveltext=\"\uf0b7\" data-font=\"Symbol\" data-listid=\"25\" data-list-defn-props=\"{&quot;335552541&quot;:1,&quot;335559684&quot;:-2,&quot;335559685&quot;:720,&quot;335559991&quot;:360,&quot;469769226&quot;:&quot;Symbol&quot;,&quot;469769242&quot;:[8226],&quot;469777803&quot;:&quot;left&quot;,&quot;469777804&quot;:&quot;\uf0b7&quot;,&quot;469777815&quot;:&quot;hybridMultilevel&quot;}\" data-aria-posinset=\"5\" data-aria-level=\"1\"><span data-contrast=\"none\">68% de viajantes de neg\u00f3cios e 36 de 44 executivos financeiros esperam que as taxas e variantes de infec\u00e7\u00e3o por Covid tenham impacto em suas viagens.<\/span><span data-ccp-props=\"{&quot;201341983&quot;:0,&quot;335559739&quot;:0,&quot;335559740&quot;:240}\">\u00a0<\/span><\/li>\n<\/ul>\n<p><span data-contrast=\"none\">Os membros do GBTA podem baixar uma c\u00f3pia completa do BTI Outlook no hub somente para membros do GBTA. O relat\u00f3rio foi realizado em parceria com a Rockport Analytics, uma empresa de pesquisa e consultoria anal\u00edtica<\/span><span data-contrast=\"auto\">.<\/span><span data-ccp-props=\"{&quot;201341983&quot;:0,&quot;335559739&quot;:0,&quot;335559740&quot;:240}\">\u00a0<\/span><\/p>\n<p><b><span data-contrast=\"auto\">Sobre a Global Business Travel Association<\/span><\/b><span data-contrast=\"auto\">\u202f\u202f<\/span><span data-contrast=\"auto\">\u202f<\/span><span data-ccp-props=\"{&quot;201341983&quot;:0,&quot;335559739&quot;:0,&quot;335559740&quot;:240}\">\u00a0<\/span><\/p>\n<p><span data-contrast=\"auto\">A Global Business Travel Association (GBTA) \u00e9 a principal organiza\u00e7\u00e3o comercial de viagens de neg\u00f3cios e reuni\u00f5es do mundo, com sede na \u00e1rea de Washington, DC, com opera\u00e7\u00f5es em seis continentes. Os membros do GBTA gerenciam mais de $345 bilh\u00f5es de despesas globais com viagens e reuni\u00f5es de neg\u00f3cios anualmente. GBTA oferece educa\u00e7\u00e3o, eventos, pesquisa, advocacia e m\u00eddia de classe mundial para uma rede global crescente de mais de 28.000 profissionais de viagens e 125.000 contatos ativos. <\/span><span data-contrast=\"none\">Visita <\/span><a href=\"https:\/\/gbta.org\/pt\/\"><span data-contrast=\"none\">www.gbta.org<\/span><\/a><span data-contrast=\"none\"> e siga-nos <\/span><a href=\"https:\/\/www.linkedin.com\/company\/global-business-travel-association?trk=top_nav_home\"><span data-contrast=\"none\">LinkedIn<\/span><\/a><span data-contrast=\"none\">, <\/span><a href=\"https:\/\/www.youtube.com\/user\/GBTATV\"><span data-contrast=\"none\">Youtube<\/span><\/a><span data-contrast=\"none\">, <\/span><a href=\"https:\/\/twitter.com\/GlobalBTA\"><span data-contrast=\"none\">Twitter<\/span><\/a><span data-contrast=\"none\"> e <\/span><a href=\"https:\/\/www.facebook.com\/GBTAonFB\/\"><span data-contrast=\"none\">Facebook<\/span><\/a><span data-contrast=\"none\">.<\/span><span data-contrast=\"auto\">\u202f<\/span><span data-contrast=\"auto\">\u202f<\/span><span data-ccp-props=\"{&quot;201341983&quot;:0,&quot;335559739&quot;:0,&quot;335559740&quot;:240}\">\u00a0<\/span><\/p>\n<p><b><span data-contrast=\"auto\"># # #<\/span><\/b><span data-contrast=\"auto\">\u202f<\/span><span data-ccp-props=\"{&quot;201341983&quot;:0,&quot;335551550&quot;:2,&quot;335551620&quot;:2,&quot;335559739&quot;:0,&quot;335559740&quot;:240}\">\u00a0<\/span><\/p>\n<p><i><span data-contrast=\"auto\">Nota aos editores: entre em contato com a equipe de comunica\u00e7\u00e3o do GBTA para solicitar uma c\u00f3pia completa do relat\u00f3rio do \u00cdndice de viagens de neg\u00f3cios de 2022. Ele pode ser usado para sua refer\u00eancia e citado, mas n\u00e3o publique ou compartilhe o relat\u00f3rio completo.<\/span><\/i><span data-ccp-props=\"{&quot;201341983&quot;:0,&quot;335559739&quot;:160,&quot;335559740&quot;:259}\">\u00a0<\/span><\/p>","protected":false},"excerpt":{"rendered":"<p>Infla\u00e7\u00e3o, pre\u00e7os de energia, desafios da cadeia de suprimentos, escassez de m\u00e3o de obra e desenvolvimentos regionais adicionam 18 meses \u00e0 previs\u00e3o de recupera\u00e7\u00e3o do setor, de acordo com o GBTA Business Travel Index\u2122 de 2022 de US$ $1,4 trilh\u00e3o, mas a recupera\u00e7\u00e3o atingiu alguns ventos contr\u00e1rios. Assim como muitos\u2026<\/p>","protected":false},"author":14,"featured_media":0,"comment_status":"closed","ping_status":"closed","sticky":false,"template":"","format":"standard","meta":{"_acf_changed":false,"_seopress_robots_primary_cat":"none","_seopress_titles_title":"","_seopress_titles_desc":"","_seopress_robots_index":"","om_disable_all_campaigns":false,"_relevanssi_hide_post":"","_relevanssi_hide_content":"","_relevanssi_pin_for_all":"","_relevanssi_pin_keywords":"","_relevanssi_unpin_keywords":"","_relevanssi_related_keywords":"","_relevanssi_related_include_ids":"","_relevanssi_related_exclude_ids":"","_relevanssi_related_no_append":"","_relevanssi_related_not_related":"","_relevanssi_related_posts":"1,415,661,662,664,666","_relevanssi_noindex_reason":"","_kad_blocks_custom_css":"","_kad_blocks_head_custom_js":"","_kad_blocks_body_custom_js":"","_kad_blocks_footer_custom_js":"","_kad_post_transparent":"","_kad_post_title":"","_kad_post_layout":"","_kad_post_sidebar_id":"","_kad_post_content_style":"","_kad_post_vertical_padding":"","_kad_post_feature":"","_kad_post_feature_position":"","_kad_post_header":false,"_kad_post_footer":false,"footnotes":"","_links_to":"","_links_to_target":""},"categories":[1454,1437,106,45,37],"tags":[],"class_list":["post-5843","post","type-post","status-publish","format-standard","hentry","category-asia","category-covid-19","category-latin-america","category-news-and-press-releases","category-research-and-travel-trends"],"acf":[],"featured_image_src_large":false,"author_info":{"display_name":"","author_link":"https:\/\/gbta.org\/pt\/author\/"},"comment_info":"","category_info":[{"term_id":1454,"name":"Asia","slug":"asia","term_group":0,"term_taxonomy_id":1454,"taxonomy":"category","description":"","parent":0,"count":18,"filter":"raw","cat_ID":1454,"category_count":18,"category_description":"","cat_name":"Asia","category_nicename":"asia","category_parent":0},{"term_id":1437,"name":"COVID-19","slug":"covid-19","term_group":0,"term_taxonomy_id":1437,"taxonomy":"category","description":"","parent":0,"count":124,"filter":"raw","cat_ID":1437,"category_count":124,"category_description":"","cat_name":"COVID-19","category_nicename":"covid-19","category_parent":0},{"term_id":106,"name":"Latin America","slug":"latin-america","term_group":0,"term_taxonomy_id":106,"taxonomy":"category","description":"","parent":0,"count":54,"filter":"raw","cat_ID":106,"category_count":54,"category_description":"","cat_name":"Latin America","category_nicename":"latin-america","category_parent":0},{"term_id":45,"name":"News and Press Releases","slug":"news-and-press-releases","term_group":0,"term_taxonomy_id":45,"taxonomy":"category","description":"","parent":0,"count":540,"filter":"raw","cat_ID":45,"category_count":540,"category_description":"","cat_name":"News and Press Releases","category_nicename":"news-and-press-releases","category_parent":0},{"term_id":37,"name":"Research and Travel Trends","slug":"research-and-travel-trends","term_group":0,"term_taxonomy_id":37,"taxonomy":"category","description":"","parent":0,"count":966,"filter":"raw","cat_ID":37,"category_count":966,"category_description":"","cat_name":"Research and Travel Trends","category_nicename":"research-and-travel-trends","category_parent":0}],"tag_info":false,"taxonomy_info":{"category":[{"value":1454,"label":"Asia"},{"value":1437,"label":"COVID-19"},{"value":106,"label":"Latin America"},{"value":45,"label":"News and Press Releases"},{"value":37,"label":"Research and Travel Trends"}]},"featured_image_src":null,"featured_image_src_square":null,"mfb_rest_fields":["featured_image_src_large","author_info","comment_info","category_info","tag_info","taxonomy_info","featured_image_src","featured_image_src_square"],"_links":{"self":[{"href":"https:\/\/gbta.org\/pt\/wp-json\/wp\/v2\/posts\/5843","targetHints":{"allow":["GET"]}}],"collection":[{"href":"https:\/\/gbta.org\/pt\/wp-json\/wp\/v2\/posts"}],"about":[{"href":"https:\/\/gbta.org\/pt\/wp-json\/wp\/v2\/types\/post"}],"author":[{"embeddable":true,"href":"https:\/\/gbta.org\/pt\/wp-json\/wp\/v2\/users\/14"}],"replies":[{"embeddable":true,"href":"https:\/\/gbta.org\/pt\/wp-json\/wp\/v2\/comments?post=5843"}],"version-history":[{"count":0,"href":"https:\/\/gbta.org\/pt\/wp-json\/wp\/v2\/posts\/5843\/revisions"}],"wp:attachment":[{"href":"https:\/\/gbta.org\/pt\/wp-json\/wp\/v2\/media?parent=5843"}],"wp:term":[{"taxonomy":"category","embeddable":true,"href":"https:\/\/gbta.org\/pt\/wp-json\/wp\/v2\/categories?post=5843"},{"taxonomy":"post_tag","embeddable":true,"href":"https:\/\/gbta.org\/pt\/wp-json\/wp\/v2\/tags?post=5843"}],"curies":[{"name":"wp","href":"https:\/\/api.w.org\/{rel}","templated":true}]}}