{"id":6244,"date":"2022-08-23T10:22:17","date_gmt":"2022-08-23T14:22:17","guid":{"rendered":"https:\/\/gbta.org\/?p=6244"},"modified":"2023-07-07T10:48:04","modified_gmt":"2023-07-07T14:48:04","slug":"check-in-with-suzanne-73","status":"publish","type":"post","link":"https:\/\/gbta.org\/pt\/check-in-with-suzanne-73\/","title":{"rendered":"Check-in com Suzanne"},"content":{"rendered":"<style>.wp-block-kadence-advancedheading.kt-adv-heading_99c2e4-12, .wp-block-kadence-advancedheading.kt-adv-heading_99c2e4-12[data-kb-block=\"kb-adv-heading_99c2e4-12\"]{font-style:normal;}.wp-block-kadence-advancedheading.kt-adv-heading_99c2e4-12 mark.kt-highlight, .wp-block-kadence-advancedheading.kt-adv-heading_99c2e4-12[data-kb-block=\"kb-adv-heading_99c2e4-12\"] mark.kt-highlight{font-style:normal;color:#f76a0c;-webkit-box-decoration-break:clone;box-decoration-break:clone;padding-top:0px;padding-right:0px;padding-bottom:0px;padding-left:0px;}<\/style>\n<h2 class=\"kt-adv-heading_99c2e4-12 wp-block-kadence-advancedheading\" data-kb-block=\"kb-adv-heading_99c2e4-12\"><strong>Voltando e preparando o cen\u00e1rio para viagens de neg\u00f3cios globais<\/strong>&nbsp;<\/h2>\n\n\n\n<p>Estar de volta como uma ind\u00fastria na Conven\u00e7\u00e3o GBTA 2022 na semana passada em San Diego marcou muitos momentos e estreias memor\u00e1veis, n\u00e3o apenas para o GBTA, mas para muitos de voc\u00eas tamb\u00e9m. Nossa Conven\u00e7\u00e3o sempre representa a conflu\u00eancia da ind\u00fastria global de viagens de neg\u00f3cios, mas este ano tamb\u00e9m serviu como catalisador para olhar para o que vem a seguir para nossos membros, ind\u00fastria e associa\u00e7\u00e3o.<\/p>\n\n\n\n<p>\u00c0 medida que continuamos avan\u00e7ando, um foco importante para o GBTA ser\u00e1 usar nossa plataforma para se concentrar em quest\u00f5es dif\u00edceis de resolver, mas importantes, como sustentabilidade e DEI, enquanto continuamos a fornecer os principais fundamentos para viagens de neg\u00f3cios, gerenciamento de reuni\u00f5es e gerentes de viagens. Os tempos mudam, nossa ind\u00fastria muda e os viajantes que atendemos tamb\u00e9m \u2013 uma abordagem inclusiva de prop\u00f3sito, pessoas e planeta ser\u00e1 fundamental para todos n\u00f3s.<\/p>\n\n\n<div class=\"wp-block-image\">\n<figure class=\"aligncenter size-full\"><img loading=\"lazy\" decoding=\"async\" width=\"624\" height=\"317\" src=\"https:\/\/gbta.org\/wp-content\/uploads\/Check-in-2022.jpg\" alt=\"check in 2022\" class=\"wp-image-6246\" srcset=\"https:\/\/gbta.org\/wp-content\/uploads\/Check-in-2022.jpg 624w, https:\/\/gbta.org\/wp-content\/uploads\/Check-in-2022-300x152.jpg 300w, https:\/\/gbta.org\/wp-content\/uploads\/Check-in-2022-18x9.jpg 18w\" sizes=\"auto, (max-width: 624px) 100vw, 624px\" \/><figcaption class=\"wp-element-caption\"><em>Legenda: Apresentando nossa nova marca GBTA, e com a presidente da GBTA, Denise Truso, e a equipe GBTA anunciando a Conven\u00e7\u00e3o 2023 em Dallas, TX.<\/em><\/figcaption><\/figure><\/div>\n\n\n<p>A semana passada tamb\u00e9m marcou a estreia de nossa nova marca GBTA, que define o caminho para o GBTA e seus membros crescerem de todas as maneiras certas nos pr\u00f3ximos anos... como plataforma para comunidade, aprendizado e advocacia. Se voc\u00ea ainda n\u00e3o o fez, n\u00f3s o encorajamos a conferir nosso rec\u00e9m-reformado <a href=\"https:\/\/gbta.org\/pt\/\" target=\"_blank\" rel=\"noreferrer noopener\">local na rede Internet<\/a> e <a href=\"https:\/\/www.youtube.com\/watch?v=DkkdkAknlc8\" target=\"_blank\" rel=\"noreferrer noopener\">lan\u00e7amento da nossa nova marca<\/a> na Conven\u00e7\u00e3o para saber mais sobre o que vemos como a nova base da GBTA para o nosso futuro. &nbsp;<br>&nbsp;<br>A seguir, estamos nos preparando para nos conectar com voc\u00ea em todo o mundo, incluindo o <a href=\"https:\/\/gbta.org\/pt\/event\/winit-gala\/\" target=\"_blank\" rel=\"noreferrer noopener\">WINiT Gala<\/a> em Nova York em outubro, o <a href=\"https:\/\/gbta.org\/pt\/event\/gbta-conference-2022-brussels-in-partnership-with-vdr\/\" target=\"_blank\" rel=\"noreferrer noopener\">Confer\u00eancia GBTA Europa<\/a> em parceria com a VDR e a primeira GBTA <a href=\"https:\/\/gbta.org\/pt\/event\/gbta-sustainability-summit\/\" target=\"_blank\" rel=\"noreferrer noopener\">C\u00fapula de Sustentabilidade<\/a> em Bruxelas em novembro, e em parceria com a PATA para o <a href=\"https:\/\/gbta.org\/pt\/pata-and-gbta-to-host-apac-travel-summit-in-bangkok-thailand-from-december-8-9-2022\/\" target=\"_blank\" rel=\"noreferrer noopener\">Encontro de viagens da APAC<\/a> em Bangkok em dezembro. Nossa Conven\u00e7\u00e3o GBTA 2022 pode estar \u201cnos livros\u201d, mas certamente n\u00e3o \u00e9 o fim da hist\u00f3ria.&nbsp;<\/p>\n\n\n\n<p>Suzanne&nbsp;<\/p>\n\n\n<h4 class=\"wp-block-heading\" id=\"news-to-know\">Novidades para saber:<\/h4>\n\n\n<p><strong>Apostar em viagens corporativas \u00e9 um neg\u00f3cio arriscado<\/strong><\/p>\n\n\n\n<p>Surpresa! As viagens de neg\u00f3cios est\u00e3o de volta com potencial para serem melhores do que nunca, pelo menos de acordo com alguns executivos de hot\u00e9is. <a rel=\"noreferrer noopener\" href=\"https:\/\/www.wsj.com\/articles\/betting-on-corporate-travel-is-risky-business-11660577941\" target=\"_blank\">Mas com outras empresas observando suas despesas, o boom pode n\u00e3o durar.&nbsp;<\/a>As empresas hoteleiras relatam viagens de neg\u00f3cios em dois segmentos: neg\u00f3cios transit\u00f3rios, para um viajante individual de neg\u00f3cios; e grupo, para muitos viajantes que necessitam de quartos e um espa\u00e7o para reuni\u00f5es. Em 2019, esses dois segmentos juntos representaram 75% e 57% do mix total de neg\u00f3cios da Hilton Worldwide Holdings e da Marriott International, respectivamente. Isso mostra o qu\u00e3o importante \u00e9 a imagem das viagens corporativas para a hospedagem.&nbsp;<\/p>\n\n\n\n<p><strong>Como estamos todos viajando &#039;melhor&#039; \u2013 e o que isso significa para as TMCs<\/strong><\/p>\n\n\n\n<p><a href=\"https:\/\/www.businesstravelnewseurope.com\/Columnists\/How-we-re-all-travelling-better-and-what-it-means-for-TMCs\">Viajar a neg\u00f3cios geralmente \u00e9 um trabalho \u00e1rduo; sempre foi<\/a>. H\u00e1 v\u00e1rios anos falamos sobre o impacto das viagens sobre os funcion\u00e1rios e como os hor\u00e1rios de viagem dif\u00edceis \u2013 e pol\u00edticas de viagem rigorosas \u2013 se traduzem em desgaste da equipe. E ent\u00e3o veio a pandemia, inaugurando o in\u00edcio do trabalho h\u00edbrido e levando grupos de viajantes de neg\u00f3cios regulares a avaliar o equil\u00edbrio entre vida profissional e pessoal. Por sua vez, o Covid-19 for\u00e7ou as organiza\u00e7\u00f5es a olhar muito mais de perto o bem-estar dos viajantes e revisar suas pol\u00edticas de dever de cuidado.<\/p>\n\n\n<h4 class=\"wp-block-heading\" id=\"gbta-news-and-reminders\">Not\u00edcias e lembretes GBTA:<\/h4>\n\n\n<p><strong><a href=\"https:\/\/gbta.org\/pt\/event\/fundamentals-of-business-travel-management\/\">Fundamentos da gest\u00e3o de viagens de neg\u00f3cios<\/a><\/strong><\/p>\n\n\n\n<p>Projetado como um guia abrangente para as principais \u00e1reas de viagens gerenciadas, o curr\u00edculo de Fundamentos do GBTA inclui uma gama completa de t\u00f3picos, incluindo seguran\u00e7a, pol\u00edtica, tend\u00eancias, desempenho e muito mais. Os participantes deste curso obt\u00eam uma melhor compreens\u00e3o do gerenciamento de viagens de neg\u00f3cios e tornam-se indispens\u00e1veis para as necessidades de viagens de neg\u00f3cios de sua organiza\u00e7\u00e3o. O programa abrange 7 m\u00f3dulos e inclui 4 sess\u00f5es ao vivo de duas horas com um instrutor. Os participantes precisar\u00e3o concluir uma sess\u00e3o gravada e preparar o trabalho antes de cada sess\u00e3o virtual.<\/p>","protected":false},"excerpt":{"rendered":"<p>Voltando e preparando o cen\u00e1rio para viagens de neg\u00f3cios globais Estar de volta como uma ind\u00fastria na Conven\u00e7\u00e3o GBTA 2022 na semana passada em San Diego marcou muitos momentos e estreias memor\u00e1veis, n\u00e3o apenas para o GBTA, mas para muitos de voc\u00eas tamb\u00e9m. Nossa Conven\u00e7\u00e3o sempre representa a conflu\u00eancia do mundo\u2026<\/p>","protected":false},"author":17,"featured_media":0,"comment_status":"closed","ping_status":"closed","sticky":false,"template":"","format":"standard","meta":{"_acf_changed":false,"_seopress_robots_primary_cat":"none","_seopress_titles_title":"","_seopress_titles_desc":"","_seopress_robots_index":"","om_disable_all_campaigns":false,"_relevanssi_hide_post":"","_relevanssi_hide_content":"","_relevanssi_pin_for_all":"","_relevanssi_pin_keywords":"","_relevanssi_unpin_keywords":"","_relevanssi_related_keywords":"","_relevanssi_related_include_ids":"","_relevanssi_related_exclude_ids":"","_relevanssi_related_no_append":"","_relevanssi_related_not_related":"","_relevanssi_related_posts":"1,415,661,662,664,666","_relevanssi_noindex_reason":"","_kad_blocks_custom_css":"","_kad_blocks_head_custom_js":"","_kad_blocks_body_custom_js":"","_kad_blocks_footer_custom_js":"","_kad_post_transparent":"","_kad_post_title":"","_kad_post_layout":"","_kad_post_sidebar_id":"","_kad_post_content_style":"","_kad_post_vertical_padding":"","_kad_post_feature":"","_kad_post_feature_position":"","_kad_post_header":false,"_kad_post_footer":false,"footnotes":"","_links_to":"","_links_to_target":""},"categories":[247,1454,105,1516,1519,280,1517,1439],"tags":[1450],"class_list":["post-6244","post","type-post","status-publish","format-standard","hentry","category-accommodations","category-asia","category-europe-and-uk","category-foundation","category-sustainability-foundation","category-sustainability","category-winit-foundation","category-winit","tag-check-in-with-suzanne"],"acf":[],"featured_image_src_large":false,"author_info":{"display_name":"","author_link":"https:\/\/gbta.org\/pt\/author\/"},"comment_info":"","category_info":[{"term_id":247,"name":"Accommodations","slug":"accommodations","term_group":0,"term_taxonomy_id":247,"taxonomy":"category","description":"","parent":0,"count":214,"filter":"raw","cat_ID":247,"category_count":214,"category_description":"","cat_name":"Accommodations","category_nicename":"accommodations","category_parent":0},{"term_id":1454,"name":"Asia","slug":"asia","term_group":0,"term_taxonomy_id":1454,"taxonomy":"category","description":"","parent":0,"count":18,"filter":"raw","cat_ID":1454,"category_count":18,"category_description":"","cat_name":"Asia","category_nicename":"asia","category_parent":0},{"term_id":105,"name":"Europe and UK","slug":"europe-and-uk","term_group":0,"term_taxonomy_id":105,"taxonomy":"category","description":"","parent":0,"count":152,"filter":"raw","cat_ID":105,"category_count":152,"category_description":"","cat_name":"Europe and UK","category_nicename":"europe-and-uk","category_parent":0},{"term_id":1516,"name":"Foundation","slug":"foundation","term_group":0,"term_taxonomy_id":1516,"taxonomy":"category","description":"","parent":0,"count":52,"filter":"raw","cat_ID":1516,"category_count":52,"category_description":"","cat_name":"Foundation","category_nicename":"foundation","category_parent":0},{"term_id":1519,"name":"Sustainability","slug":"sustainability-foundation","term_group":0,"term_taxonomy_id":1519,"taxonomy":"category","description":"","parent":1516,"count":29,"filter":"raw","cat_ID":1519,"category_count":29,"category_description":"","cat_name":"Sustainability","category_nicename":"sustainability-foundation","category_parent":1516},{"term_id":280,"name":"Sustainability","slug":"sustainability","term_group":0,"term_taxonomy_id":280,"taxonomy":"category","description":"","parent":0,"count":130,"filter":"raw","cat_ID":280,"category_count":130,"category_description":"","cat_name":"Sustainability","category_nicename":"sustainability","category_parent":0},{"term_id":1517,"name":"WINiT","slug":"winit-foundation","term_group":0,"term_taxonomy_id":1517,"taxonomy":"category","description":"","parent":1516,"count":16,"filter":"raw","cat_ID":1517,"category_count":16,"category_description":"","cat_name":"WINiT","category_nicename":"winit-foundation","category_parent":1516},{"term_id":1439,"name":"WINiT","slug":"winit","term_group":0,"term_taxonomy_id":1439,"taxonomy":"category","description":"","parent":0,"count":26,"filter":"raw","cat_ID":1439,"category_count":26,"category_description":"","cat_name":"WINiT","category_nicename":"winit","category_parent":0}],"tag_info":[{"term_id":1450,"name":"Check-in with Suzanne","slug":"check-in-with-suzanne","term_group":0,"term_taxonomy_id":1450,"taxonomy":"post_tag","description":"","parent":0,"count":47,"filter":"raw"}],"taxonomy_info":{"category":[{"value":247,"label":"Accommodations"},{"value":1454,"label":"Asia"},{"value":105,"label":"Europe and UK"},{"value":1516,"label":"Foundation"},{"value":1519,"label":"Sustainability"},{"value":280,"label":"Sustainability"},{"value":1517,"label":"WINiT"},{"value":1439,"label":"WINiT"}],"post_tag":[{"value":1450,"label":"Check-in with Suzanne"}]},"featured_image_src":null,"featured_image_src_square":null,"mfb_rest_fields":["featured_image_src_large","author_info","comment_info","category_info","tag_info","taxonomy_info","featured_image_src","featured_image_src_square"],"_links":{"self":[{"href":"https:\/\/gbta.org\/pt\/wp-json\/wp\/v2\/posts\/6244","targetHints":{"allow":["GET"]}}],"collection":[{"href":"https:\/\/gbta.org\/pt\/wp-json\/wp\/v2\/posts"}],"about":[{"href":"https:\/\/gbta.org\/pt\/wp-json\/wp\/v2\/types\/post"}],"author":[{"embeddable":true,"href":"https:\/\/gbta.org\/pt\/wp-json\/wp\/v2\/users\/17"}],"replies":[{"embeddable":true,"href":"https:\/\/gbta.org\/pt\/wp-json\/wp\/v2\/comments?post=6244"}],"version-history":[{"count":0,"href":"https:\/\/gbta.org\/pt\/wp-json\/wp\/v2\/posts\/6244\/revisions"}],"wp:attachment":[{"href":"https:\/\/gbta.org\/pt\/wp-json\/wp\/v2\/media?parent=6244"}],"wp:term":[{"taxonomy":"category","embeddable":true,"href":"https:\/\/gbta.org\/pt\/wp-json\/wp\/v2\/categories?post=6244"},{"taxonomy":"post_tag","embeddable":true,"href":"https:\/\/gbta.org\/pt\/wp-json\/wp\/v2\/tags?post=6244"}],"curies":[{"name":"wp","href":"https:\/\/api.w.org\/{rel}","templated":true}]}}