{"id":7023,"date":"2022-09-13T08:02:08","date_gmt":"2022-09-13T12:02:08","guid":{"rendered":"https:\/\/gbta.org\/?p=7023"},"modified":"2022-09-13T09:19:57","modified_gmt":"2022-09-13T13:19:57","slug":"check-in-with-suzanne-75","status":"publish","type":"post","link":"https:\/\/gbta.org\/pt\/check-in-with-suzanne-75\/","title":{"rendered":"Check-in com Suzanne:"},"content":{"rendered":"<h2 class=\"wp-block-heading\" id=\"traveling-for-business-and-finishing-strong-in-2022\"><strong>Viajando a neg\u00f3cios e terminando forte em 2022<\/strong><\/h2>\n\n\n<p>Para muitos, os \u00faltimos meses focaram em f\u00e9rias bem merecidas, folga pessoal e mais viagens de lazer em geral. Mas entrar no ter\u00e7o final do ano normalmente significa mais viagens de neg\u00f3cios como um elemento cr\u00edtico para ajudar organiza\u00e7\u00f5es e profissionais a atingir suas metas anuais, atingir os objetivos dos clientes e se reunir para reuni\u00f5es, confer\u00eancias e eventos antes das f\u00e9rias e de um novo ano. n\u00f3s.<\/p>\n\n\n\n<p>Se o interesse recente da m\u00eddia \u00e9 um indicador, muitos est\u00e3o se perguntando o que os pr\u00f3ximos meses significar\u00e3o para as viagens de neg\u00f3cios. A pesquisa GBTA \u2013 e especialmente o mais recente Business Travel Index lan\u00e7ado no m\u00eas passado \u2013 forneceu dados e insights inclu\u00eddos em um artigo da Associated Press sobre a recupera\u00e7\u00e3o cont\u00ednua de viagens, bem como a vis\u00e3o do Wall Street Journal sobre viagens combinadas \u2013 tamb\u00e9m conhecidas como \u201cbleisure\u201d. Na GBTA, tamb\u00e9m compartilhamos mais sobre nossa evolu\u00e7\u00e3o, conforme descrevi em minhas recentes perguntas e respostas com o Business Travel News.<\/p>\n\n\n\n<p>Embora estejamos prevendo uma recupera\u00e7\u00e3o prolongada para voltar aos n\u00edveis de 2019, o tamanho atual das viagens de neg\u00f3cios e seu impacto nas economias, empresas e colabora\u00e7\u00e3o regional\/global s\u00e3o substanciais \u2013 e uma for\u00e7a a ser reconhecida. Os pr\u00f3prios viajantes parecem precisar de mais orienta\u00e7\u00e3o do que nunca diante das interrup\u00e7\u00f5es cont\u00ednuas, mesmo que sua pr\u00f3pria tecnologia pessoal j\u00e1 seja difundida \u2013 portanto, os pap\u00e9is do gerente de viagens e dos fornecedores que atendem a esses viajantes de neg\u00f3cios se tornam cada vez mais importantes.<\/p>\n\n\n\n<p>O Conselho do GBTA e nossa equipe do GBTA v\u00eam discutindo estrat\u00e9gias e inova\u00e7\u00f5es focadas no futuro, incluindo como preparar nossa ind\u00fastria para o futuro. Sem d\u00favida, isso inclui cultivar e recrutar a pr\u00f3xima gera\u00e7\u00e3o de profissionais de viagens de neg\u00f3cios, que \u00e9 uma miss\u00e3o de longa data da GBTA Ladders. A Ladders traz o melhor da nossa ind\u00fastria e GBTA \u2013 comunidade, educa\u00e7\u00e3o, crescimento na carreira e conex\u00e3o \u2013 para ajudar os indiv\u00edduos a crescerem como profissionais. As inscri\u00e7\u00f5es est\u00e3o sendo aceitas para a temporada 2022\/2023 Ladders e o prazo \u00e9 28 de setembro. Seja voc\u00ea um participante, mentor ou campe\u00e3o, agora mais do que nunca \u00e9 a hora de investir no futuro de nossa ind\u00fastria. Estamos especialmente buscando mentorados \u2013 ent\u00e3o, por favor, divulgue em suas empresas enquanto nutrimos as pr\u00f3ximas gera\u00e7\u00f5es de inovadores e l\u00edderes em nosso setor.<\/p>\n\n\n\n<p>A GBTA continua investindo \u2013 e experimentando \u2013 no futuro do trabalho tamb\u00e9m. Com o aumento do trabalho h\u00edbrido e remoto, juntamente com a recente venda do nosso edif\u00edcio GBTA HQ em Alexandria, VA, a equipe GBTA por enquanto estar\u00e1 trabalhando totalmente remota. (Voc\u00ea encontrar\u00e1 nosso novo endere\u00e7o de correspond\u00eancia em GBTA.org.) Temos a oportunidade de repensar o que funciona melhor para nossa equipe, bem como para nossa miss\u00e3o focada nos membros.<\/p>\n\n\n\n<p>Suzanne<\/p>\n\n\n<h4 class=\"wp-block-heading\" id=\"news-to-know\">Novidades para saber:<\/h4>\n\n\n<p><\/p>\n\n\n\n<p><strong>Hot\u00e9is europeus lucram com aumento na demanda de ver\u00e3o<\/strong><\/p>\n\n\n\n<p><a href=\"https:\/\/www.businesstravelnewseurope.com\/Accommodation\/European-hotels-profit-on-surge-in-summer-demand\">Tarifas de quarto mais altas neste ver\u00e3o permitiram que hot\u00e9is nas principais cidades da Europa superassem os n\u00edveis de lucro pr\u00e9-Covid<\/a>, de acordo com os dados mais recentes do analista do setor STR. As propriedades em Berlim foram as que mais se beneficiaram de um aumento nos neg\u00f3cios no ver\u00e3o, com lucro operacional bruto por quarto dispon\u00edvel (GOPPAR) atingindo $34,32 em julho, um aumento de 83% em compara\u00e7\u00e3o com o mesmo m\u00eas de 2019. Embora as ocupa\u00e7\u00f5es em toda a Europa permane\u00e7am em torno 10% menor do que antes da Covid, as tarifas m\u00e9dias dos quartos aumentaram 27% em rela\u00e7\u00e3o aos n\u00edveis de 2019 devido \u00e0 forte demanda de viajantes a lazer e neg\u00f3cios.<\/p>\n\n\n\n<p><strong>Grupos de avia\u00e7\u00e3o europeus pedem mandato em toda a UE sobre o uso de SAF<\/strong><\/p>\n\n\n\n<p><a href=\"https:\/\/www.businesstravelnewseurope.com\/Air-Travel\/Aviation-groups-call-for-EU-wide-mandate-on-SAF-use\">Grupos de avia\u00e7\u00e3o europeus pediram um mandato em toda a UE sobre o uso de combust\u00edvel de avia\u00e7\u00e3o sustent\u00e1vel (SAF),<\/a> antes das principais negocia\u00e7\u00f5es sobre como as emiss\u00f5es das viagens a\u00e9reas ser\u00e3o cortadas em todo o continente. O pacote Fit for 55 determinar\u00e1 como a UE transformar\u00e1 suas metas clim\u00e1ticas em lei, incluindo seu compromisso de reduzir as emiss\u00f5es em pelo menos 55% at\u00e9 2030. Isso ser\u00e1 objeto de negocia\u00e7\u00f5es entre a Comiss\u00e3o Europeia, o Parlamento Europeu e o Conselho da UE em os pr\u00f3ximos meses. Os elementos-chave para as viagens a\u00e9reas s\u00e3o a proposta ReFuelEU, que obrigaria as companhias a\u00e9reas a aumentar o uso de SAF nos aeroportos da UE (conhecido como o mandato combinado) e uma poss\u00edvel revis\u00e3o do RCLE UE existente (Sistema de Com\u00e9rcio de Emiss\u00f5es) , que j\u00e1 foi assolado por divis\u00f5es pol\u00edticas.<\/p>\n\n\n\n<p><strong>Empresas dos EUA intensificam viagens e se livram da incerteza econ\u00f4mica<\/strong><\/p>\n\n\n\n<p><a href=\"https:\/\/www.bloomberg.com\/news\/articles\/2022-09-12\/us-companies-step-up-fall-travel-shrug-off-economic-uncertainty?leadSource=uverify%20wall\">As empresas dos EUA est\u00e3o ignorando a incerteza sobre a economia e reservando viagens de outono quase seis vezes a taxa do ano passado<\/a> depois de um ver\u00e3o chato para viagens de neg\u00f3cios, de acordo com uma an\u00e1lise. Enquanto a demanda est\u00e1 subindo, as tarifas m\u00e9dias reservadas ca\u00edram de 23% para $419 em agosto, de $543 em meados de maio, disse o gerente de viagens TripActions em um novo relat\u00f3rio. Isso foi cerca de $10 mais barato do que em agosto de 2019.<\/p>\n\n\n\n<p><strong>Jap\u00e3o vai dispensar visto de turista como parte de flexibiliza\u00e7\u00e3o de fronteiras<\/strong><\/p>\n\n\n\n<p><a href=\"https:\/\/www.reuters.com\/world\/asia-pacific\/japan-govt-waive-tourist-visa-requirements-part-border-easing-fnn-2022-09-12\/\">O governo do Jap\u00e3o planeja dispensar os requisitos de visto de turista de alguns pa\u00edses como parte de uma maior flexibiliza\u00e7\u00e3o dos controles de fronteira<\/a> promulgada para impedir a propaga\u00e7\u00e3o do COVID-19, informou a Fuji News Network na segunda-feira. O primeiro-ministro Fumio Kishida pode decidir ainda esta semana sobre a flexibiliza\u00e7\u00e3o, o que tamb\u00e9m permitiria que viajantes individuais visitassem o Jap\u00e3o sem reservas de ag\u00eancias de viagens, informou a FNN. O Jap\u00e3o n\u00e3o exigia vistos de turista para 68 pa\u00edses e regi\u00f5es antes da pandemia.<\/p>\n\n\n<h4 class=\"wp-block-heading\" id=\"gbta-news-and-reminders\">Not\u00edcias e lembretes GBTA:<\/h4>\n\n\n<p><a href=\"https:\/\/gbta.org\/pt\/event\/fundamentals-of-business-travel-management\/\"><strong>Fundamentos da gest\u00e3o de viagens de neg\u00f3cios<\/strong><\/a><\/p>\n\n\n\n<p>Projetado como um guia abrangente para as principais \u00e1reas de viagens gerenciadas, o curr\u00edculo de Fundamentos do GBTA inclui uma gama completa de t\u00f3picos, incluindo seguran\u00e7a, pol\u00edtica, tend\u00eancias, desempenho e muito mais. Os participantes deste curso obt\u00eam uma melhor compreens\u00e3o do gerenciamento de viagens de neg\u00f3cios e tornam-se indispens\u00e1veis para as necessidades de viagens de neg\u00f3cios de sua organiza\u00e7\u00e3o. O programa abrange 7 m\u00f3dulos e inclui 4 sess\u00f5es ao vivo de duas horas com um instrutor. Os participantes precisar\u00e3o concluir uma sess\u00e3o gravada e preparar o trabalho antes de cada sess\u00e3o virtual.<\/p>\n\n\n\n<p><strong><a href=\"https:\/\/gbta.org\/pt\/event\/business-travel-returns-how-travel-managers-are-responding\/\">Devolu\u00e7\u00f5es de viagens de neg\u00f3cios: como os gerentes de viagens est\u00e3o respondendo<\/a><\/strong><\/p>\n\n\n\n<p>Com as viagens corporativas e as reuni\u00f5es presenciais aumentando, as empresas precisam estar mais atentas sobre como est\u00e3o implementando ou reimplementando programas de viagem. Em conjunto com esse retorno significativo \u00e0s viagens de neg\u00f3cios, a Uber for Business e a GBTA criaram o primeiro relat\u00f3rio de transporte terrestre com base em uma pesquisa quantitativa de gerentes de viagens corporativas nos EUA e no Canad\u00e1. Participe deste webinar interativo, apresentado por especialistas em pesquisa e viagens da GBTA e Uber for Business, para saber como os gerentes de viagens de algumas das maiores empresas do mundo est\u00e3o pensando sobre<\/p>\n\n\n\n<p><strong><a href=\"https:\/\/gbta.org\/pt\/event\/increase-traveler-satisfaction-and-value-with-a-modern-personalized-shopping-experience\/\">Aumente a satisfa\u00e7\u00e3o e o valor do viajante com uma experi\u00eancia de compra personalizada e moderna<\/a><\/strong><\/p>\n\n\n\n<p>Junte-se a n\u00f3s enquanto a Spotnana compartilha detalhes sobre a profunda integra\u00e7\u00e3o que eles constru\u00edram para oferecer experi\u00eancias superiores aos viajantes e discuta o futuro da personaliza\u00e7\u00e3o nas viagens.<br><br><\/p>\n\n\n\n<p><\/p>","protected":false},"excerpt":{"rendered":"<p>Viajando a neg\u00f3cios e terminando bem em 2022 Para muitos, os \u00faltimos meses focaram em f\u00e9rias bem merecidas, folgas pessoais e mais viagens de lazer em geral. Mas entrar no ter\u00e7o final do ano normalmente significa mais viagens de neg\u00f3cios como um elemento cr\u00edtico para ajudar organiza\u00e7\u00f5es e profissionais a atingirem seu\u2026<\/p>","protected":false},"author":17,"featured_media":0,"comment_status":"closed","ping_status":"closed","sticky":false,"template":"","format":"standard","meta":{"_acf_changed":false,"_seopress_robots_primary_cat":"none","_seopress_titles_title":"","_seopress_titles_desc":"","_seopress_robots_index":"","om_disable_all_campaigns":false,"_relevanssi_hide_post":"","_relevanssi_hide_content":"","_relevanssi_pin_for_all":"","_relevanssi_pin_keywords":"","_relevanssi_unpin_keywords":"","_relevanssi_related_keywords":"","_relevanssi_related_include_ids":"","_relevanssi_related_exclude_ids":"","_relevanssi_related_no_append":"","_relevanssi_related_not_related":"","_relevanssi_related_posts":"1,415,661,662,664,666","_relevanssi_noindex_reason":"","_kad_blocks_custom_css":"","_kad_blocks_head_custom_js":"","_kad_blocks_body_custom_js":"","_kad_blocks_footer_custom_js":"","_kad_post_transparent":"","_kad_post_title":"","_kad_post_layout":"","_kad_post_sidebar_id":"","_kad_post_content_style":"","_kad_post_vertical_padding":"","_kad_post_feature":"","_kad_post_feature_position":"","_kad_post_header":false,"_kad_post_footer":false,"footnotes":"","_links_to":"","_links_to_target":""},"categories":[1],"tags":[1450],"class_list":["post-7023","post","type-post","status-publish","format-standard","hentry","category-uncategorized","tag-check-in-with-suzanne"],"acf":[],"featured_image_src_large":false,"author_info":{"display_name":"","author_link":"https:\/\/gbta.org\/pt\/author\/"},"comment_info":"","category_info":[{"term_id":1,"name":"Uncategorized","slug":"uncategorized","term_group":0,"term_taxonomy_id":1,"taxonomy":"category","description":"","parent":0,"count":198,"filter":"raw","cat_ID":1,"category_count":198,"category_description":"","cat_name":"Uncategorized","category_nicename":"uncategorized","category_parent":0}],"tag_info":[{"term_id":1450,"name":"Check-in with Suzanne","slug":"check-in-with-suzanne","term_group":0,"term_taxonomy_id":1450,"taxonomy":"post_tag","description":"","parent":0,"count":47,"filter":"raw"}],"taxonomy_info":{"category":[{"value":1,"label":"Uncategorized"}],"post_tag":[{"value":1450,"label":"Check-in with Suzanne"}]},"featured_image_src":null,"featured_image_src_square":null,"mfb_rest_fields":["featured_image_src_large","author_info","comment_info","category_info","tag_info","taxonomy_info","featured_image_src","featured_image_src_square"],"_links":{"self":[{"href":"https:\/\/gbta.org\/pt\/wp-json\/wp\/v2\/posts\/7023","targetHints":{"allow":["GET"]}}],"collection":[{"href":"https:\/\/gbta.org\/pt\/wp-json\/wp\/v2\/posts"}],"about":[{"href":"https:\/\/gbta.org\/pt\/wp-json\/wp\/v2\/types\/post"}],"author":[{"embeddable":true,"href":"https:\/\/gbta.org\/pt\/wp-json\/wp\/v2\/users\/17"}],"replies":[{"embeddable":true,"href":"https:\/\/gbta.org\/pt\/wp-json\/wp\/v2\/comments?post=7023"}],"version-history":[{"count":0,"href":"https:\/\/gbta.org\/pt\/wp-json\/wp\/v2\/posts\/7023\/revisions"}],"wp:attachment":[{"href":"https:\/\/gbta.org\/pt\/wp-json\/wp\/v2\/media?parent=7023"}],"wp:term":[{"taxonomy":"category","embeddable":true,"href":"https:\/\/gbta.org\/pt\/wp-json\/wp\/v2\/categories?post=7023"},{"taxonomy":"post_tag","embeddable":true,"href":"https:\/\/gbta.org\/pt\/wp-json\/wp\/v2\/tags?post=7023"}],"curies":[{"name":"wp","href":"https:\/\/api.w.org\/{rel}","templated":true}]}}