{"id":7306,"date":"2022-09-27T06:01:35","date_gmt":"2022-09-27T10:01:35","guid":{"rendered":"https:\/\/gbta.org\/?p=7306"},"modified":"2023-07-07T10:36:19","modified_gmt":"2023-07-07T14:36:19","slug":"check-in-with-suzanne-77","status":"publish","type":"post","link":"https:\/\/gbta.org\/pt\/check-in-with-suzanne-77\/","title":{"rendered":"Check-in com Suzanne"},"content":{"rendered":"<style>.wp-block-kadence-advancedheading.kt-adv-heading_da7b23-80, .wp-block-kadence-advancedheading.kt-adv-heading_da7b23-80[data-kb-block=\"kb-adv-heading_da7b23-80\"]{font-style:normal;}.wp-block-kadence-advancedheading.kt-adv-heading_da7b23-80 mark.kt-highlight, .wp-block-kadence-advancedheading.kt-adv-heading_da7b23-80[data-kb-block=\"kb-adv-heading_da7b23-80\"] mark.kt-highlight{font-style:normal;color:#f76a0c;-webkit-box-decoration-break:clone;box-decoration-break:clone;padding-top:0px;padding-right:0px;padding-bottom:0px;padding-left:0px;}<\/style>\n<h2 class=\"kt-adv-heading_da7b23-80 wp-block-kadence-advancedheading\" data-kb-block=\"kb-adv-heading_da7b23-80\"><strong>Inspirando muito mais vozes atrav\u00e9s da oferta de associa\u00e7\u00e3o GBTA<\/strong><\/h2>\n\n\n\n<p>Em nosso trabalho e em nossas vidas, sabemos que as palavras s\u00e3o importantes \u2013 mas colocar a a\u00e7\u00e3o por tr\u00e1s delas \u00e9 fundamental para causar impacto. No palco da Conven\u00e7\u00e3o GBTA em San Diego, em comemora\u00e7\u00e3o ao <a href=\"https:\/\/www.youtube.com\/watch?v=DkkdkAknlc8\" target=\"_blank\" rel=\"noreferrer noopener\">nova era para GBTA<\/a> e sua jornada focada no membro, nos comprometemos a premiar <strong>500 assinaturas GBTA gratuitas<\/strong>. Agora \u00e9 hora de colocar esse compromisso em a\u00e7\u00e3o.&nbsp;&nbsp;<\/p>\n\n\n\n<p>Simplesmente por <a rel=\"noreferrer noopener\" href=\"https:\/\/gbta.az1.qualtrics.com\/jfe\/form\/SV_0TVz503E8L1ELTU\" target=\"_blank\">completando esta pesquisa<\/a>, voc\u00ea pode se registrar para ter a chance de receber uma associa\u00e7\u00e3o gratuita de um ano para voc\u00ea ou para presentear outra pessoa que talvez n\u00e3o possa se juntar \u00e0 nossa comunidade GBTA. [Observa\u00e7\u00e3o: de acordo com os estatutos da associa\u00e7\u00e3o, assim como nossa campanha honor\u00e1ria COVID em 2020-21, indiv\u00edduos com associa\u00e7\u00f5es gratuitas n\u00e3o s\u00e3o eleg\u00edveis para concorrer a cargos eleitos do GBTA nem votar nas elei\u00e7\u00f5es do GBTA. Eles t\u00eam acesso total ao Hub, nossa pesquisa, sess\u00f5es de educa\u00e7\u00e3o gravadas e outros benef\u00edcios para membros.]&nbsp;<\/p>\n\n\n<div class=\"wp-block-image\">\n<figure class=\"aligncenter size-full\"><img loading=\"lazy\" decoding=\"async\" width=\"471\" height=\"314\" src=\"https:\/\/gbta.org\/wp-content\/uploads\/ciws-927.png\" alt=\"ciws 927\" class=\"wp-image-7309\" srcset=\"https:\/\/gbta.org\/wp-content\/uploads\/ciws-927.png 471w, https:\/\/gbta.org\/wp-content\/uploads\/ciws-927-300x200.png 300w, https:\/\/gbta.org\/wp-content\/uploads\/ciws-927-18x12.png 18w\" sizes=\"auto, (max-width: 471px) 100vw, 471px\" \/><\/figure><\/div>\n\n\n<p>Ao longo do ano passado, enquanto reimagin\u00e1vamos a nova marca para GBTA, sab\u00edamos que nosso slogan n\u00e3o seria apenas sobre palavras. Sabemos que o compromisso da GBTA com <strong>comunidade, aprendizagem e advocacia<\/strong> ajuda coletivamente a avan\u00e7ar a ind\u00fastria \u2013 e nossa for\u00e7a como associa\u00e7\u00e3o e ind\u00fastria vem de nossa <strong>muitas vozes e um prop\u00f3sito<\/strong>.&nbsp;&nbsp;<\/p>\n\n\n\n<p>Em um momento em que nosso setor est\u00e1 procurando reconstruir e aumentar sua for\u00e7a de trabalho e talento, sabemos que fazer parte e obter os benef\u00edcios das conex\u00f5es e do aprendizado ponto a ponto s\u00e3o essenciais para nossas gera\u00e7\u00f5es atuais e futuras de profissionais.&nbsp;<\/p>\n\n\n\n<p>E o mais importante, completar o <a href=\"https:\/\/gbta.az1.qualtrics.com\/jfe\/form\/SV_0TVz503E8L1ELTU\" target=\"_blank\" rel=\"noreferrer noopener\">pesquisa<\/a> tamb\u00e9m fornece sua voz e pontos de vista para ajudar o GBTA a atender \u00e0s suas necessidades quando se trata de futuras necessidades de educa\u00e7\u00e3o e programa\u00e7\u00e3o, al\u00e9m de obter crescimento profissional e de carreira para voc\u00ea ou outra pessoa que possa se beneficiar.&nbsp;&nbsp;&nbsp;<\/p>\n\n\n\n<p>Agradecemos a todos voc\u00eas que reservam um minuto para responder \u00e0 pesquisa. Anunciaremos as associa\u00e7\u00f5es concedidas no final do ano.&nbsp;&nbsp;<\/p>\n\n\n\n<p>E aumentando ainda mais a nossa comunidade, faltam apenas mais alguns dias para o processo de indica\u00e7\u00e3o dos pr\u00eamios anuais do WINIT. Voc\u00ea pode <a href=\"https:\/\/gbta.org\/pt\/professional-development\/content-collaborate\/gbta-winit\/winit-gala\/\" target=\"_blank\" rel=\"noreferrer noopener\">enviar indica\u00e7\u00f5es<\/a> at\u00e9 o final do dia 29 de setembro, e os vencedores ser\u00e3o anunciados por volta do WINiT Gala em Nova York em 27 de outubro.&nbsp;<\/p>\n\n\n\n<p>Reconhe\u00e7a-se ou pague adiante \u2013 \u00e9 uma vantagem para a nossa ind\u00fastria.&nbsp;<\/p>\n\n\n\n<p>Suzanne&nbsp;<\/p>\n\n\n\n<p><\/p>\n\n\n<style>.wp-block-kadence-advancedheading.kt-adv-heading_0f13ce-ef, .wp-block-kadence-advancedheading.kt-adv-heading_0f13ce-ef[data-kb-block=\"kb-adv-heading_0f13ce-ef\"]{font-style:normal;}.wp-block-kadence-advancedheading.kt-adv-heading_0f13ce-ef mark.kt-highlight, .wp-block-kadence-advancedheading.kt-adv-heading_0f13ce-ef[data-kb-block=\"kb-adv-heading_0f13ce-ef\"] mark.kt-highlight{font-style:normal;color:#f76a0c;-webkit-box-decoration-break:clone;box-decoration-break:clone;padding-top:0px;padding-right:0px;padding-bottom:0px;padding-left:0px;}<\/style>\n<h4 class=\"kt-adv-heading_0f13ce-ef wp-block-kadence-advancedheading\" data-kb-block=\"kb-adv-heading_0f13ce-ef\">Novidades para saber:<\/h4>\n\n\n\n<p><strong>DOT exigir\u00e1 transpar\u00eancia de taxas de companhias a\u00e9reas e vendedores de passagens<\/strong><\/p>\n\n\n\n<p><a href=\"https:\/\/www.travelweekly.com\/Travel-News\/Airline-News\/DOT-demand-fee-transparency-from-airlines\">O Departamento de Transportes propor\u00e1 uma regra exigindo que os vendedores de passagens a\u00e9reas divulguem taxas extras antecipadamente.<\/a> Companhias a\u00e9reas, vendedores de terceiros e sites de metabusca ter\u00e3o que divulgar claramente as taxas de bagagem, taxas de altera\u00e7\u00e3o, taxas de cancelamento e taxas de assentos familiares aos consumidores sempre que informa\u00e7\u00f5es de tarifas e hor\u00e1rios forem fornecidas para voos para, dentro e dos EUA, disse o DOT em um comunicado. comunicado de imprensa. Al\u00e9m disso, o DOT tamb\u00e9m propor\u00e1 exigir que as transportadoras e os agentes de passagens permitam que os consumidores que viajam com crian\u00e7as pequenas comprem os assentos com a tarifa em todos os pontos de venda. <em>(Viagem semanal)<\/em><\/p>\n\n\n\n<p><strong>Recupera\u00e7\u00e3o de viagens de neg\u00f3cios acelera &#039;mais rapidamente&#039; do que o esperado<\/strong><\/p>\n\n\n\n<p><a href=\"https:\/\/www.businesstravelnewseurope.com\/Management\/Business-travel-recovery-accelerates-more-quickly-than-expected\">A recupera\u00e7\u00e3o das viagens de neg\u00f3cios durante 2022 aconteceu mais rapidamente do que a maioria dos compradores de viagens esperava no in\u00edcio do ano.<\/a> Uma pesquisa com especialistas norte-americanos e europeus em viagens e compras, publicada pela empresa de tecnologia de viagens corporativas HRS e GBTA, descobriu que 54% viram as viagens acelerarem \u201cmais rapidamente\u201d ou \u201cmuito mais rapidamente\u201d este ano do que haviam previsto. em janeiro. <em>(BTN Europa)<\/em><\/p>\n\n\n\n<p><strong>Regras de vacinas nas fronteiras, uso obrigat\u00f3rio do ArriveCAN, mandatos de m\u00e1scaras em avi\u00f5es e trens terminam em 1\u00ba de outubro<\/strong><\/p>\n\n\n\n<p><a href=\"https:\/\/www.cbc.ca\/news\/politics\/arrivecan-border-covid-end-1.6595710\">O governo federal diz que est\u00e1 abandonando todas as medidas COVID-19 nas fronteiras no s\u00e1bado,<\/a> o que significa que os viajantes n\u00e3o precisar\u00e3o mais fornecer comprovante de vacina\u00e7\u00e3o ao entrar no Canad\u00e1 ou usar m\u00e1scaras em avi\u00f5es e trens. O ministro da Sa\u00fade, Jean-Yves Duclos, disse que a decis\u00e3o desta segunda-feira n\u00e3o \u00e9 um sinal de que o Canad\u00e1 est\u00e1 fora da pandemia, mas disse que os dados do governo mostram que a importa\u00e7\u00e3o de novas variantes n\u00e3o est\u00e1 mais afetando a evolu\u00e7\u00e3o do v\u00edrus no pa\u00eds. <em>(Not\u00edcias CBC)<\/em><\/p>\n\n\n<h4 class=\"wp-block-heading\" id=\"gbta-news-and-reminders\">Not\u00edcias e lembretes GBTA:<\/h4>\n\n\n<p><a href=\"https:\/\/gbta.org\/pt\/event\/increase-traveler-satisfaction-and-value-with-a-modern-personalized-shopping-experience\/\"><strong>Aumente a satisfa\u00e7\u00e3o e o valor do viajante com uma experi\u00eancia de compra personalizada e moderna<\/strong><\/a><\/p>\n\n\n\n<p>Junte-se a n\u00f3s enquanto a Spotnana compartilha detalhes sobre a profunda integra\u00e7\u00e3o que eles constru\u00edram para oferecer experi\u00eancias superiores aos viajantes e discuta o futuro da personaliza\u00e7\u00e3o nas viagens.<\/p>\n\n\n\n<p><strong><a href=\"https:\/\/gbta.org\/pt\/event\/gbta-conference-2022-milano\/\">Confer\u00eancia GBTA 2022 \u2013 Mil\u00e3o<\/a><\/strong><\/p>\n\n\n\n<p>GBTA It\u00e1lia Confer\u00eancia Anual Mil\u00e3o \u2013 5 de outubro, 9:30 \u2013 16:00 CEST. O encontro anual da comunidade italiana de viagens de neg\u00f3cios e MICE. Durante um dia inteiro de confer\u00eancia, 25 palestrantes mergulhar\u00e3o nas principais tend\u00eancias atuais do mercado de viagens de neg\u00f3cios: Sustentabilidade, Novas Oportunidades de Mercado, Diversidade &amp; Inclus\u00e3o, Digitaliza\u00e7\u00e3o e a evolu\u00e7\u00e3o da gest\u00e3o de reuni\u00f5es. Com o envolvimento ativo do p\u00fablico, definiremos as prioridades do mercado e desenharemos as estrat\u00e9gias para cumpri-las. Networking, compartilhamento de melhores pr\u00e1ticas e sess\u00f5es de educa\u00e7\u00e3o fornecer\u00e3o o conhecimento e os pontos cr\u00edticos para enfrentar o futuro com sucesso.<\/p>\n\n\n\n<p><strong><br><a href=\"https:\/\/gbta.org\/pt\/event\/fundamentals-of-strategic-meetings-management\/\">Fundamentos da Gest\u00e3o Estrat\u00e9gica de Reuni\u00f5es\u2122<\/a><\/strong><\/p>\n\n\n\n<p>Pioneiros e l\u00edderes em reuni\u00f5es, compras e gerenciamento de viagens colaboraram para criar um roteiro e compartilhar as melhores pr\u00e1ticas sobre como criar e gerenciar um programa eficaz de gerenciamento de reuni\u00f5es estrat\u00e9gicas para sua empresa. O programa abrange 6 m\u00f3dulos e inclui 3 sess\u00f5es ao vivo de duas horas com um instrutor.<\/p>","protected":false},"excerpt":{"rendered":"<p>Inspirando muito mais vozes por meio da oferta de associa\u00e7\u00e3o ao GBTA Em nosso trabalho e em nossas vidas, sabemos que as palavras s\u00e3o importantes \u2013 mas colocar a a\u00e7\u00e3o por tr\u00e1s delas \u00e9 fundamental para causar impacto. No palco da Conven\u00e7\u00e3o GBTA em San Diego, em comemora\u00e7\u00e3o \u00e0 nova era do GBTA e sua jornada focada nos membros, nos comprometemos a premiar\u2026<\/p>","protected":false},"author":17,"featured_media":0,"comment_status":"closed","ping_status":"closed","sticky":false,"template":"","format":"standard","meta":{"_acf_changed":false,"_seopress_robots_primary_cat":"none","_seopress_titles_title":"","_seopress_titles_desc":"","_seopress_robots_index":"","om_disable_all_campaigns":false,"_relevanssi_hide_post":"","_relevanssi_hide_content":"","_relevanssi_pin_for_all":"","_relevanssi_pin_keywords":"","_relevanssi_unpin_keywords":"","_relevanssi_related_keywords":"","_relevanssi_related_include_ids":"","_relevanssi_related_exclude_ids":"","_relevanssi_related_no_append":"","_relevanssi_related_not_related":"","_relevanssi_related_posts":"1,415,661,662,664,666","_relevanssi_noindex_reason":"","_kad_blocks_custom_css":"","_kad_blocks_head_custom_js":"","_kad_blocks_body_custom_js":"","_kad_blocks_footer_custom_js":"","_kad_post_transparent":"","_kad_post_title":"","_kad_post_layout":"","_kad_post_sidebar_id":"","_kad_post_content_style":"","_kad_post_vertical_padding":"","_kad_post_feature":"","_kad_post_feature_position":"","_kad_post_header":false,"_kad_post_footer":false,"footnotes":"","_links_to":"","_links_to_target":""},"categories":[1516,37,1519,280,1439,1517],"tags":[],"class_list":["post-7306","post","type-post","status-publish","format-standard","hentry","category-foundation","category-research-and-travel-trends","category-sustainability-foundation","category-sustainability","category-winit","category-winit-foundation"],"acf":[],"featured_image_src_large":false,"author_info":{"display_name":"","author_link":"https:\/\/gbta.org\/pt\/author\/"},"comment_info":"","category_info":[{"term_id":1516,"name":"Foundation","slug":"foundation","term_group":0,"term_taxonomy_id":1516,"taxonomy":"category","description":"","parent":0,"count":52,"filter":"raw","cat_ID":1516,"category_count":52,"category_description":"","cat_name":"Foundation","category_nicename":"foundation","category_parent":0},{"term_id":37,"name":"Research and Travel Trends","slug":"research-and-travel-trends","term_group":0,"term_taxonomy_id":37,"taxonomy":"category","description":"","parent":0,"count":966,"filter":"raw","cat_ID":37,"category_count":966,"category_description":"","cat_name":"Research and Travel Trends","category_nicename":"research-and-travel-trends","category_parent":0},{"term_id":1519,"name":"Sustainability","slug":"sustainability-foundation","term_group":0,"term_taxonomy_id":1519,"taxonomy":"category","description":"","parent":1516,"count":29,"filter":"raw","cat_ID":1519,"category_count":29,"category_description":"","cat_name":"Sustainability","category_nicename":"sustainability-foundation","category_parent":1516},{"term_id":280,"name":"Sustainability","slug":"sustainability","term_group":0,"term_taxonomy_id":280,"taxonomy":"category","description":"","parent":0,"count":130,"filter":"raw","cat_ID":280,"category_count":130,"category_description":"","cat_name":"Sustainability","category_nicename":"sustainability","category_parent":0},{"term_id":1439,"name":"WINiT","slug":"winit","term_group":0,"term_taxonomy_id":1439,"taxonomy":"category","description":"","parent":0,"count":26,"filter":"raw","cat_ID":1439,"category_count":26,"category_description":"","cat_name":"WINiT","category_nicename":"winit","category_parent":0},{"term_id":1517,"name":"WINiT","slug":"winit-foundation","term_group":0,"term_taxonomy_id":1517,"taxonomy":"category","description":"","parent":1516,"count":16,"filter":"raw","cat_ID":1517,"category_count":16,"category_description":"","cat_name":"WINiT","category_nicename":"winit-foundation","category_parent":1516}],"tag_info":false,"taxonomy_info":{"category":[{"value":1516,"label":"Foundation"},{"value":37,"label":"Research and Travel Trends"},{"value":1519,"label":"Sustainability"},{"value":280,"label":"Sustainability"},{"value":1439,"label":"WINiT"},{"value":1517,"label":"WINiT"}]},"featured_image_src":null,"featured_image_src_square":null,"mfb_rest_fields":["featured_image_src_large","author_info","comment_info","category_info","tag_info","taxonomy_info","featured_image_src","featured_image_src_square"],"_links":{"self":[{"href":"https:\/\/gbta.org\/pt\/wp-json\/wp\/v2\/posts\/7306","targetHints":{"allow":["GET"]}}],"collection":[{"href":"https:\/\/gbta.org\/pt\/wp-json\/wp\/v2\/posts"}],"about":[{"href":"https:\/\/gbta.org\/pt\/wp-json\/wp\/v2\/types\/post"}],"author":[{"embeddable":true,"href":"https:\/\/gbta.org\/pt\/wp-json\/wp\/v2\/users\/17"}],"replies":[{"embeddable":true,"href":"https:\/\/gbta.org\/pt\/wp-json\/wp\/v2\/comments?post=7306"}],"version-history":[{"count":0,"href":"https:\/\/gbta.org\/pt\/wp-json\/wp\/v2\/posts\/7306\/revisions"}],"wp:attachment":[{"href":"https:\/\/gbta.org\/pt\/wp-json\/wp\/v2\/media?parent=7306"}],"wp:term":[{"taxonomy":"category","embeddable":true,"href":"https:\/\/gbta.org\/pt\/wp-json\/wp\/v2\/categories?post=7306"},{"taxonomy":"post_tag","embeddable":true,"href":"https:\/\/gbta.org\/pt\/wp-json\/wp\/v2\/tags?post=7306"}],"curies":[{"name":"wp","href":"https:\/\/api.w.org\/{rel}","templated":true}]}}