{"id":740,"date":"2022-07-20T09:30:27","date_gmt":"2022-07-20T13:30:27","guid":{"rendered":"https:\/\/gbta.org\/american-express-global-business-travel-president-ceo-bill-glenn-coming-to-convention\/"},"modified":"2022-08-11T11:32:55","modified_gmt":"2022-08-11T15:32:55","slug":"american-express-global-business-travel-president-ceo-bill-glenn-coming-to-convention","status":"publish","type":"post","link":"https:\/\/gbta.org\/pt\/american-express-global-business-travel-president-ceo-bill-glenn-coming-to-convention\/","title":{"rendered":"O presidente e CEO da American Express Global Business Travel, Bill Glenn, na conven\u00e7\u00e3o"},"content":{"rendered":"<p>Nossa lista de <a title=\"Palestrantes em destaque na Conven\u00e7\u00e3o GBTA\" href=\"https:\/\/gbta.org\/pt\/convention\/2014\/FeaturedSpeakers\/Pages\/default.aspx\/\" target=\"_blank\" rel=\"noopener\">palestrantes em destaque<\/a> por <a title=\"Site da Conven\u00e7\u00e3o GBTA\" href=\"https:\/\/gbta.org\/pt\/convention\/2014\/Pages\/default.aspx\/\" target=\"_blank\" rel=\"noopener\">Conven\u00e7\u00e3o GBTA 2014<\/a> apenas continua crescendo. A mais recente adi\u00e7\u00e3o \u00e0 nossa impressionante linha de alto-falantes \u00e9<a title=\"Comunicado de imprensa\" href=\"https:\/\/gbta.org\/pt\/PressReleases\/Pages\/rls_060314.aspx\/?Source=http:\/\/www.gbta.org\/lists\/news\/Allitems_all.aspx\" target=\"_blank\" rel=\"noopener\"> Bill Glenn<\/a>, presidente e CEO da nova joint venture American Express Global Business Travel.<\/p>\n<p><a href=\"http:\/\/blog.gbta.org\/wp-content\/uploads\/2014\/06\/Bill-Glenn.jpg\"><img loading=\"lazy\" decoding=\"async\" class=\"aligncenter size-medium wp-image-384\" alt=\"Bill Glenn\" src=\"http:\/\/blog.gbta.org\/wp-content\/uploads\/2014\/06\/Bill-Glenn-200x300.jpg\" width=\"200\" height=\"300\" \/><\/a><\/p>\n<p>A joint venture com um grupo de investidores liderado pela Certares, resultando numa infus\u00e3o de capital sem precedentes de $900 milh\u00f5es, marca o maior investimento individual feito numa empresa de gest\u00e3o de viagens e est\u00e1 programada para ser conclu\u00edda pouco antes da Conven\u00e7\u00e3o.<\/p>\n<p>Bill certamente fornecer\u00e1 uma vis\u00e3o \u00fanica para os participantes que navegam no setor de viagens de neg\u00f3cios, que ter\u00e3o a oportunidade de ouvir diretamente de Bill sobre sua vis\u00e3o estrat\u00e9gica para a nova empresa e as oportunidades em todo o setor. Seu estilo despretensioso e franqueza trar\u00e3o um ponto de vista revigorante sobre as quest\u00f5es que o futuro de nossa ind\u00fastria enfrenta.<\/p>\n<p>Esta sess\u00e3o do Center Stage ser\u00e1 uma oportunidade imperd\u00edvel para os participantes.<\/p>","protected":false},"excerpt":{"rendered":"<p>Nossa lista de palestrantes em destaque para a Conven\u00e7\u00e3o GBTA 2014 n\u00e3o para de crescer. A mais recente adi\u00e7\u00e3o \u00e0 nossa impressionante linha de palestrantes \u00e9 Bill Glenn, presidente e CEO da nova joint venture American Express Global Business Travel. A joint venture com um grupo de investidores liderado pela Certares, resultando em uma inje\u00e7\u00e3o de capital de $900 milh\u00f5es sem precedentes,\u2026<\/p>","protected":false},"author":25,"featured_media":741,"comment_status":"open","ping_status":"open","sticky":false,"template":"","format":"standard","meta":{"_acf_changed":false,"_seopress_robots_primary_cat":"","_seopress_titles_title":"","_seopress_titles_desc":"","_seopress_robots_index":"","om_disable_all_campaigns":false,"_relevanssi_hide_post":"","_relevanssi_hide_content":"","_relevanssi_pin_for_all":"","_relevanssi_pin_keywords":"","_relevanssi_unpin_keywords":"","_relevanssi_related_keywords":"","_relevanssi_related_include_ids":"","_relevanssi_related_exclude_ids":"","_relevanssi_related_no_append":"","_relevanssi_related_not_related":"","_relevanssi_related_posts":"","_relevanssi_noindex_reason":"","_kad_blocks_custom_css":"","_kad_blocks_head_custom_js":"","_kad_blocks_body_custom_js":"","_kad_blocks_footer_custom_js":"","_kad_post_transparent":"","_kad_post_title":"","_kad_post_layout":"","_kad_post_sidebar_id":"","_kad_post_content_style":"","_kad_post_vertical_padding":"","_kad_post_feature":"","_kad_post_feature_position":"","_kad_post_header":false,"_kad_post_footer":false,"footnotes":"","_links_to":"","_links_to_target":""},"categories":[37],"tags":[139,48,133,205,49,39],"class_list":["post-740","post","type-post","status-publish","format-standard","has-post-thumbnail","hentry","category-research-and-travel-trends","tag-american-express","tag-business-travel","tag-business-travel-industry","tag-featured-speakers","tag-gbta","tag-gbta-convention"],"acf":[],"featured_image_src_large":["https:\/\/gbta.org\/wp-content\/uploads\/Bill-Glenn-683x1024.jpg",683,1024,true],"author_info":{"display_name":"jcampbell","author_link":"https:\/\/gbta.org\/pt\/author\/jcampbell\/"},"comment_info":"","category_info":[{"term_id":37,"name":"Research and Travel Trends","slug":"research-and-travel-trends","term_group":0,"term_taxonomy_id":37,"taxonomy":"category","description":"","parent":0,"count":966,"filter":"raw","cat_ID":37,"category_count":966,"category_description":"","cat_name":"Research and Travel Trends","category_nicename":"research-and-travel-trends","category_parent":0}],"tag_info":[{"term_id":139,"name":"American Express","slug":"american-express","term_group":0,"term_taxonomy_id":139,"taxonomy":"post_tag","description":"","parent":0,"count":17,"filter":"raw"},{"term_id":48,"name":"business travel","slug":"business-travel","term_group":0,"term_taxonomy_id":48,"taxonomy":"post_tag","description":"","parent":0,"count":416,"filter":"raw"},{"term_id":133,"name":"business travel industry","slug":"business-travel-industry","term_group":0,"term_taxonomy_id":133,"taxonomy":"post_tag","description":"","parent":0,"count":40,"filter":"raw"},{"term_id":205,"name":"featured speakers","slug":"featured-speakers","term_group":0,"term_taxonomy_id":205,"taxonomy":"post_tag","description":"","parent":0,"count":1,"filter":"raw"},{"term_id":49,"name":"GBTA","slug":"gbta","term_group":0,"term_taxonomy_id":49,"taxonomy":"post_tag","description":"","parent":0,"count":260,"filter":"raw"},{"term_id":39,"name":"GBTA Convention","slug":"gbta-convention","term_group":0,"term_taxonomy_id":39,"taxonomy":"post_tag","description":"","parent":0,"count":99,"filter":"raw"}],"taxonomy_info":{"category":[{"value":37,"label":"Research and Travel Trends"}],"post_tag":[{"value":139,"label":"American Express"},{"value":48,"label":"business travel"},{"value":133,"label":"business travel industry"},{"value":205,"label":"featured speakers"},{"value":49,"label":"GBTA"},{"value":39,"label":"GBTA Convention"}]},"featured_image_src":"https:\/\/gbta.org\/wp-content\/uploads\/Bill-Glenn-scaled.jpg","featured_image_src_square":"https:\/\/gbta.org\/wp-content\/uploads\/Bill-Glenn-scaled.jpg","mfb_rest_fields":["featured_image_src_large","author_info","comment_info","category_info","tag_info","taxonomy_info","featured_image_src","featured_image_src_square"],"_links":{"self":[{"href":"https:\/\/gbta.org\/pt\/wp-json\/wp\/v2\/posts\/740","targetHints":{"allow":["GET"]}}],"collection":[{"href":"https:\/\/gbta.org\/pt\/wp-json\/wp\/v2\/posts"}],"about":[{"href":"https:\/\/gbta.org\/pt\/wp-json\/wp\/v2\/types\/post"}],"author":[{"embeddable":true,"href":"https:\/\/gbta.org\/pt\/wp-json\/wp\/v2\/users\/25"}],"replies":[{"embeddable":true,"href":"https:\/\/gbta.org\/pt\/wp-json\/wp\/v2\/comments?post=740"}],"version-history":[{"count":0,"href":"https:\/\/gbta.org\/pt\/wp-json\/wp\/v2\/posts\/740\/revisions"}],"wp:featuredmedia":[{"embeddable":true,"href":"https:\/\/gbta.org\/pt\/wp-json\/wp\/v2\/media\/741"}],"wp:attachment":[{"href":"https:\/\/gbta.org\/pt\/wp-json\/wp\/v2\/media?parent=740"}],"wp:term":[{"taxonomy":"category","embeddable":true,"href":"https:\/\/gbta.org\/pt\/wp-json\/wp\/v2\/categories?post=740"},{"taxonomy":"post_tag","embeddable":true,"href":"https:\/\/gbta.org\/pt\/wp-json\/wp\/v2\/tags?post=740"}],"curies":[{"name":"wp","href":"https:\/\/api.w.org\/{rel}","templated":true}]}}