{"id":7506,"date":"2022-10-04T06:03:48","date_gmt":"2022-10-04T10:03:48","guid":{"rendered":"https:\/\/gbta.org\/?p=7506"},"modified":"2023-07-07T09:53:44","modified_gmt":"2023-07-07T13:53:44","slug":"check-in-with-suzanne-78","status":"publish","type":"post","link":"https:\/\/gbta.org\/pt\/check-in-with-suzanne-78\/","title":{"rendered":"Check-in com Suzanne"},"content":{"rendered":"<style>.wp-block-kadence-advancedheading.kt-adv-heading_413467-d6, .wp-block-kadence-advancedheading.kt-adv-heading_413467-d6[data-kb-block=\"kb-adv-heading_413467-d6\"]{font-style:normal;}.wp-block-kadence-advancedheading.kt-adv-heading_413467-d6 mark.kt-highlight, .wp-block-kadence-advancedheading.kt-adv-heading_413467-d6[data-kb-block=\"kb-adv-heading_413467-d6\"] mark.kt-highlight{font-style:normal;color:#f76a0c;-webkit-box-decoration-break:clone;box-decoration-break:clone;padding-top:0px;padding-right:0px;padding-bottom:0px;padding-left:0px;}<\/style>\n<h2 class=\"kt-adv-heading_413467-d6 wp-block-kadence-advancedheading\" data-kb-block=\"kb-adv-heading_413467-d6\"><strong>As muitas maneiras pelas quais estamos capacitando nosso futuro <\/strong>\u202f&nbsp;<\/h2>\n\n\n\n<p>Esta semana eu queria reconhecer uma \u00e1rea que nem sempre recebe o destaque que merece, mas \u00e9 importante, apreciada e necess\u00e1ria para sustentar nosso futuro: o valioso papel e as contribui\u00e7\u00f5es de nossos membros que se voluntariam para servir em <a href=\"https:\/\/gbta.org\/pt\/professional-development\/content-collaborate\/gbta-committees\/\" target=\"_blank\" rel=\"noreferrer noopener\">Comit\u00eas GBTA<\/a>.&nbsp;<\/p>\n\n\n\n<p>Atualmente, mais de 300 membros est\u00e3o envolvidos em 20 comit\u00eas regionais e globais e aconselham o GBTA sobre as \u00faltimas tend\u00eancias e melhores pr\u00e1ticas em suas respectivas \u00e1reas tem\u00e1ticas. Esta semana, eles iniciam uma s\u00e9rie de C\u00fapulas de Comit\u00eas Virtuais, onde se reunir\u00e3o on-line para planejamento de comit\u00eas, compartilhamento de melhores pr\u00e1ticas, discuss\u00f5es em mesa redonda e muito mais para atender aos membros do GBTA e \u00e0 ind\u00fastria que aguarda o futuro. Voc\u00ea est\u00e1 interessado em se juntar a eles como membro do comit\u00ea GBTA? <a href=\"https:\/\/gbta.org\/pt\/professional-development\/content-collaborate\/gbta-committees\/\" target=\"_blank\" rel=\"noreferrer noopener\">Saiba mais aqui<\/a>.&nbsp;&nbsp;<\/p>\n\n\n\n<p>No final do m\u00eas passado, passei dois dias inspiradores na minha cidade natal durante as festas de NYC <a href=\"https:\/\/www.climateweeknyc.org\/\" target=\"_blank\" rel=\"noreferrer noopener\">Semana do Clima<\/a>, aprendendo e se conectando em torno de um dos temas mais importantes do nosso setor: sustentabilidade. Nos EUA, vimos recentemente a passagem do <a href=\"https:\/\/link.edgepilot.com\/s\/ab724dd9\/hn9cmBkaqU_apcxxqyXA8Q?u=https:\/\/www3.gbta.org\/e\/5572\/act-2022-explained-8082806001-\/6php45\/4633013071?h=iwD1ZCSMPkqkyvv1ebnWyK-HiZDmRkt5RDwSvmVS3wM\" target=\"_blank\" rel=\"noreferrer noopener\">Lei de Redu\u00e7\u00e3o da Infla\u00e7\u00e3o<\/a>, destinado a fornecer cr\u00e9ditos fiscais para uso do SAF. E fazendo not\u00edcia ainda mais recentemente, o GBTA tamb\u00e9m expressou sua <a href=\"https:\/\/link.edgepilot.com\/s\/3fb7f8e6\/0xMb95k9N0qWSBfQIhvuMw?u=https:\/\/www3.gbta.org\/e\/5572\/on-fuel-production-in-the-u-s-\/6php4c\/4633013071?h=iwD1ZCSMPkqkyvv1ebnWyK-HiZDmRkt5RDwSvmVS3wM\" target=\"_blank\" rel=\"noreferrer noopener\">Apoio, suporte<\/a> para os novos planos de <a href=\"https:\/\/link.edgepilot.com\/s\/07ce1fce\/8o6iJaVFkE2pEnIi-r9fzA?u=https:\/\/www3.gbta.org\/e\/5572\/oadmap-flight-plan-sustainable\/6php48\/4633013071?h=iwD1ZCSMPkqkyvv1ebnWyK-HiZDmRkt5RDwSvmVS3wM\" target=\"_blank\" rel=\"noreferrer noopener\">Grande Desafio de Combust\u00edvel de Avia\u00e7\u00e3o Sustent\u00e1vel<\/a>, um roteiro de seis \u00e1reas de a\u00e7\u00e3o para ampliar a oferta, reduzir custos e aumentar a sustentabilidade do SAF.&nbsp;<\/p>\n\n\n\n<p>Na GBTA, estamos comprometidos em construir um futuro mais verde para as viagens de neg\u00f3cios. O caminho \u00e0 frente est\u00e1 levando ao nosso pr\u00f3ximo grande marco na jornada: o pr\u00f3ximo <a href=\"https:\/\/europeconference.gbta.org\/Other-Events\/GBTA-Sustainability-Summit\/\" target=\"_blank\" rel=\"noreferrer noopener\">C\u00fapula de Sustentabilidade GBTA<\/a> no dia 8 de novembro. O evento \u00e9 realizado em conjunto com o <a href=\"https:\/\/europeconference.gbta.org\/\" target=\"_blank\" rel=\"noreferrer noopener\">Confer\u00eancia GBTA Europa<\/a>, de 8 a 10 de novembro, e esperamos que muitos de voc\u00eas possam se juntar a n\u00f3s em Bruxelas para este primeiro encontro oportuno e relevante.&nbsp;&nbsp;<\/p>\n\n\n\n<p>E continuamos a marcar nossa jornada de recupera\u00e7\u00e3o do setor tamb\u00e9m. Nesta quinta-feira, o GBTA apresentar\u00e1 os resultados mais recentes de nossos 29<sup>\u00ba<\/sup>Pesquisa de recupera\u00e7\u00e3o de viagens de neg\u00f3cios. Assista a este espa\u00e7o para descobrir o que nossa ind\u00fastria est\u00e1 vendo e dizendo desde nossa <a href=\"https:\/\/gbta.org\/pt\/research-and-tools\/gbta-business-travel-recovery-member-polls\/\" target=\"_blank\" rel=\"noreferrer noopener\">\u00faltima enquete em junho<\/a>. Compartilharemos a an\u00e1lise coletiva sobre o que voc\u00ea nos disse, incluindo sentimento de recupera\u00e7\u00e3o, reservas, gastos e tend\u00eancias econ\u00f4micas para viagens de neg\u00f3cios globais, agora e em 2023. Obrigado \u00e0s muitas centenas de voc\u00eas que continuam respondendo \u00e0s nossas liga\u00e7\u00f5es regulares para descobrir \u201co que est\u00e1 acontecendo\u201d.&nbsp;<\/p>\n\n\n\n<p>Desejando-lhe viagens seguras e produtivas,&nbsp;<\/p>\n\n\n\n<p>Suzanne&nbsp;<\/p>\n\n\n<h3 class=\"wp-block-heading\" id=\"news-to-know\">Novidades para saber:<\/h3>\n\n\n<p><strong>R\u00fassia perde lugar no conselho de governo do grupo de avia\u00e7\u00e3o da ONU<\/strong><\/p>\n\n\n\n<p><a href=\"https:\/\/www.travelweekly.com\/Travel-News\/Airline-News\/Russia-loses-spot-ICAO-governing-council\">A R\u00fassia perdeu seu assento no conselho administrativo da organiza\u00e7\u00e3o de avia\u00e7\u00e3o das Na\u00e7\u00f5es Unidas<\/a>. Em uma vota\u00e7\u00e3o realizada na sexta-feira, a R\u00fassia ficou seis votos a menos dos 86 necess\u00e1rios para permanecer no Conselho da Organiza\u00e7\u00e3o da Avia\u00e7\u00e3o Civil Internacional (ICAO). A vota\u00e7\u00e3o foi realizada entre os 193 estados membros da ICAO, que se re\u00fane em Montreal para sua assembl\u00e9ia geral. <em>(Viagem semanal)<\/em><\/p>\n\n\n\n<p><strong>Cidades europeias ver\u00e3o pre\u00e7os de hot\u00e9is aumentarem em 2023<\/strong><\/p>\n\n\n\n<p><a href=\"https:\/\/www.businesstravelnewseurope.com\/Accommodation\/European-cities-to-see-hotel-prices-increase-in-2023\">Pre\u00e7os de hot\u00e9is devem subir \u201cem geral\u201d em 2023 com cidades europeias<\/a> provavelmente ver\u00e1 alguns dos aumentos mais acentuados, de acordo com um novo relat\u00f3rio da American Express Global Business Travel. O relat\u00f3rio Hotel 2023 Prices, da empresa de gerenciamento de viagens, disse que as empresas hoteleiras enfrentam uma &quot;s\u00e9rie de desafios&quot; que aumentar\u00e3o os pre\u00e7os, incluindo falta de pessoal, lidar com a demanda reprimida e a infla\u00e7\u00e3o crescente. o primeiro desde a invas\u00e3o da Ucr\u00e2nia pela R\u00fassia. <em>(BTN Europa)<\/em><\/p>\n\n\n\n<p><strong>Biden viaja para Porto Rico para atualiza\u00e7\u00e3o de recupera\u00e7\u00e3o do furac\u00e3o Fiona<\/strong><\/p>\n\n\n\n<p><a href=\"https:\/\/www.wsj.com\/articles\/biden-traveling-to-puerto-rico-for-hurricane-fiona-recovery-update-11664808489\">O presidente Biden viajar\u00e1 para Porto Rico devastado pela tempestade na segunda-feira<\/a> enquanto a ilha procura se recuperar de danos em larga escala e falta de energia causados pelo furac\u00e3o Fiona no m\u00eas passado. Biden e a primeira-dama Jill Biden ver\u00e3o as consequ\u00eancias do furac\u00e3o em Ponce, ao longo da costa sul de Porto Rico, j\u00e1 que mais de 100.000 pessoas no territ\u00f3rio dos EUA est\u00e3o sem energia depois que a tempestade atingiu a ilha em 18 de setembro. <em>(Jornal de Wall Street)<\/em><\/p>\n\n\n\n<p><strong>Plano de divulga\u00e7\u00e3o de taxas do DOT encontrou oposi\u00e7\u00e3o generalizada<\/strong><\/p>\n\n\n\n<p><a href=\"https:\/\/www.travelweekly.com\/Travel-News\/Government\/DOT-fees-disclosure-plan-met-with-widespread-opposition\">O governo Biden est\u00e1 divulgando sua nova proposta para exigir que as companhias a\u00e9reas<\/a>, consultores de viagens e OTAs para divulgar uma ampla gama de taxas auxiliares antecipadamente como o mais recente de uma s\u00e9rie de esfor\u00e7os que est\u00e1 fazendo para refor\u00e7ar a prote\u00e7\u00e3o ao consumidor das companhias a\u00e9reas. Mas a proposta, apresentada pelo DOT em 26 de setembro, j\u00e1 enfrenta oposi\u00e7\u00e3o de companhias a\u00e9reas e consultores de viagens e at\u00e9 mesmo algumas cr\u00edticas de defensores do consumidor. Os regulamentos propostos exigiriam que as transportadoras a\u00e9reas e todos os vendedores de viagens a\u00e9reas revelassem as taxas de bagagem, taxas de altera\u00e7\u00e3o e cancelamento e taxas de assentos familiares ao mesmo tempo que os pre\u00e7os b\u00e1sicos dos bilhetes s\u00e3o revelados durante uma pesquisa on-line. <em>(Viagem semanal)<\/em><\/p>\n\n\n<h3 class=\"wp-block-heading\" id=\"gbta-news-and-reminders\">Not\u00edcias e lembretes GBTA:<\/h3>\n\n\n<p><a href=\"https:\/\/gbta.org\/pt\/event\/gbta-conference-2022-milano\/\"><strong>Confer\u00eancia GBTA 2022 \u2013 Mil\u00e3o<\/strong><\/a><\/p>\n\n\n\n<p>GBTA It\u00e1lia Confer\u00eancia Anual Mil\u00e3o \u2013 5 de outubro, 9:30 \u2013 16:00 CEST. O encontro anual da comunidade italiana de viagens de neg\u00f3cios e MICE. Durante um dia inteiro de confer\u00eancia, 25 palestrantes mergulhar\u00e3o nas principais tend\u00eancias atuais do mercado de viagens de neg\u00f3cios: Sustentabilidade, Novas Oportunidades de Mercado, Diversidade &amp; Inclus\u00e3o, Digitaliza\u00e7\u00e3o e a evolu\u00e7\u00e3o da gest\u00e3o de reuni\u00f5es. Com o envolvimento ativo do p\u00fablico, definiremos as prioridades do mercado e desenharemos as estrat\u00e9gias para cumpri-las. Networking, compartilhamento de melhores pr\u00e1ticas e sess\u00f5es de educa\u00e7\u00e3o fornecer\u00e3o o conhecimento e os pontos cr\u00edticos para enfrentar o futuro com sucesso.<\/p>\n\n\n\n<p><a href=\"https:\/\/gbta.org\/pt\/event\/fundamentals-of-strategic-meetings-management\/\"><strong>Fundamentos da Gest\u00e3o Estrat\u00e9gica de Reuni\u00f5es\u2122<\/strong><\/a><\/p>\n\n\n\n<p>Pioneiros e l\u00edderes em reuni\u00f5es, compras e gerenciamento de viagens colaboraram para criar um roteiro e compartilhar as melhores pr\u00e1ticas sobre como criar e gerenciar um programa eficaz de gerenciamento de reuni\u00f5es estrat\u00e9gicas para sua empresa. O programa abrange 6 m\u00f3dulos e inclui 3 sess\u00f5es ao vivo de duas horas com um instrutor.<\/p>","protected":false},"excerpt":{"rendered":"<p>As muitas maneiras pelas quais estamos capacitando nosso futuro Esta semana eu queria reconhecer uma \u00e1rea que nem sempre recebe o destaque que merece, mas \u00e9 importante, apreciada e necess\u00e1ria para sustentar nosso futuro: o valioso papel e as contribui\u00e7\u00f5es de nossos membros que s\u00e3o volunt\u00e1rios para servir nos comit\u00eas do GBTA. Atualmente, mais de 300 membros est\u00e3o envolvidos em\u2026<\/p>","protected":false},"author":17,"featured_media":0,"comment_status":"closed","ping_status":"closed","sticky":false,"template":"","format":"standard","meta":{"_acf_changed":false,"_seopress_robots_primary_cat":"none","_seopress_titles_title":"","_seopress_titles_desc":"","_seopress_robots_index":"","om_disable_all_campaigns":false,"_relevanssi_hide_post":"","_relevanssi_hide_content":"","_relevanssi_pin_for_all":"","_relevanssi_pin_keywords":"","_relevanssi_unpin_keywords":"","_relevanssi_related_keywords":"","_relevanssi_related_include_ids":"","_relevanssi_related_exclude_ids":"","_relevanssi_related_no_append":"","_relevanssi_related_not_related":"","_relevanssi_related_posts":"1,415,661,662,664,666","_relevanssi_noindex_reason":"","_kad_blocks_custom_css":"","_kad_blocks_head_custom_js":"","_kad_blocks_body_custom_js":"","_kad_blocks_footer_custom_js":"","_kad_post_transparent":"","_kad_post_title":"","_kad_post_layout":"","_kad_post_sidebar_id":"","_kad_post_content_style":"","_kad_post_vertical_padding":"","_kad_post_feature":"","_kad_post_feature_position":"","_kad_post_header":false,"_kad_post_footer":false,"footnotes":"","_links_to":"","_links_to_target":""},"categories":[114,105,1516,280,1519],"tags":[1450],"class_list":["post-7506","post","type-post","status-publish","format-standard","hentry","category-airlines-and-aviation","category-europe-and-uk","category-foundation","category-sustainability","category-sustainability-foundation","tag-check-in-with-suzanne"],"acf":[],"featured_image_src_large":false,"author_info":{"display_name":"","author_link":"https:\/\/gbta.org\/pt\/author\/"},"comment_info":"","category_info":[{"term_id":114,"name":"Airlines and Aviation","slug":"airlines-and-aviation","term_group":0,"term_taxonomy_id":114,"taxonomy":"category","description":"","parent":0,"count":355,"filter":"raw","cat_ID":114,"category_count":355,"category_description":"","cat_name":"Airlines and Aviation","category_nicename":"airlines-and-aviation","category_parent":0},{"term_id":105,"name":"Europe and UK","slug":"europe-and-uk","term_group":0,"term_taxonomy_id":105,"taxonomy":"category","description":"","parent":0,"count":153,"filter":"raw","cat_ID":105,"category_count":153,"category_description":"","cat_name":"Europe and UK","category_nicename":"europe-and-uk","category_parent":0},{"term_id":1516,"name":"Foundation","slug":"foundation","term_group":0,"term_taxonomy_id":1516,"taxonomy":"category","description":"","parent":0,"count":52,"filter":"raw","cat_ID":1516,"category_count":52,"category_description":"","cat_name":"Foundation","category_nicename":"foundation","category_parent":0},{"term_id":280,"name":"Sustainability","slug":"sustainability","term_group":0,"term_taxonomy_id":280,"taxonomy":"category","description":"","parent":0,"count":130,"filter":"raw","cat_ID":280,"category_count":130,"category_description":"","cat_name":"Sustainability","category_nicename":"sustainability","category_parent":0},{"term_id":1519,"name":"Sustainability","slug":"sustainability-foundation","term_group":0,"term_taxonomy_id":1519,"taxonomy":"category","description":"","parent":1516,"count":29,"filter":"raw","cat_ID":1519,"category_count":29,"category_description":"","cat_name":"Sustainability","category_nicename":"sustainability-foundation","category_parent":1516}],"tag_info":[{"term_id":1450,"name":"Check-in with Suzanne","slug":"check-in-with-suzanne","term_group":0,"term_taxonomy_id":1450,"taxonomy":"post_tag","description":"","parent":0,"count":47,"filter":"raw"}],"taxonomy_info":{"category":[{"value":114,"label":"Airlines and Aviation"},{"value":105,"label":"Europe and UK"},{"value":1516,"label":"Foundation"},{"value":280,"label":"Sustainability"},{"value":1519,"label":"Sustainability"}],"post_tag":[{"value":1450,"label":"Check-in with Suzanne"}]},"featured_image_src":null,"featured_image_src_square":null,"mfb_rest_fields":["featured_image_src_large","author_info","comment_info","category_info","tag_info","taxonomy_info","featured_image_src","featured_image_src_square"],"_links":{"self":[{"href":"https:\/\/gbta.org\/pt\/wp-json\/wp\/v2\/posts\/7506","targetHints":{"allow":["GET"]}}],"collection":[{"href":"https:\/\/gbta.org\/pt\/wp-json\/wp\/v2\/posts"}],"about":[{"href":"https:\/\/gbta.org\/pt\/wp-json\/wp\/v2\/types\/post"}],"author":[{"embeddable":true,"href":"https:\/\/gbta.org\/pt\/wp-json\/wp\/v2\/users\/17"}],"replies":[{"embeddable":true,"href":"https:\/\/gbta.org\/pt\/wp-json\/wp\/v2\/comments?post=7506"}],"version-history":[{"count":0,"href":"https:\/\/gbta.org\/pt\/wp-json\/wp\/v2\/posts\/7506\/revisions"}],"wp:attachment":[{"href":"https:\/\/gbta.org\/pt\/wp-json\/wp\/v2\/media?parent=7506"}],"wp:term":[{"taxonomy":"category","embeddable":true,"href":"https:\/\/gbta.org\/pt\/wp-json\/wp\/v2\/categories?post=7506"},{"taxonomy":"post_tag","embeddable":true,"href":"https:\/\/gbta.org\/pt\/wp-json\/wp\/v2\/tags?post=7506"}],"curies":[{"name":"wp","href":"https:\/\/api.w.org\/{rel}","templated":true}]}}