{"id":7658,"date":"2022-10-18T06:00:00","date_gmt":"2022-10-18T10:00:00","guid":{"rendered":"https:\/\/gbta.org\/?p=7658"},"modified":"2022-10-17T17:16:07","modified_gmt":"2022-10-17T21:16:07","slug":"check-in-with-suzanne-80","status":"publish","type":"post","link":"https:\/\/gbta.org\/pt\/check-in-with-suzanne-80\/","title":{"rendered":"Check-in com Suzanne"},"content":{"rendered":"<style>.wp-block-kadence-advancedheading.kt-adv-heading_6772d3-03, .wp-block-kadence-advancedheading.kt-adv-heading_6772d3-03[data-kb-block=\"kb-adv-heading_6772d3-03\"]{font-style:normal;}.wp-block-kadence-advancedheading.kt-adv-heading_6772d3-03 mark.kt-highlight, .wp-block-kadence-advancedheading.kt-adv-heading_6772d3-03[data-kb-block=\"kb-adv-heading_6772d3-03\"] mark.kt-highlight{font-style:normal;color:#f76a0c;-webkit-box-decoration-break:clone;box-decoration-break:clone;padding-top:0px;padding-right:0px;padding-bottom:0px;padding-left:0px;}<\/style>\n<h2 class=\"kt-adv-heading_6772d3-03 wp-block-kadence-advancedheading\" data-kb-block=\"kb-adv-heading_6772d3-03\">&#8220;<strong>Learning\u201d \u00e9 nosso nome do meio na GBTA\u00a0<\/strong><\/h2>\n\n\n\n<p>Um dos nossos princ\u00edpios orientadores na GBTA \u00e9 fornecer oportunidades de aprendizagem significativas para profissionais do setor ao longo de sua carreira. \u00c9 por isso que voc\u00ea encontrar\u00e1 \u201cAprendizado\u201d entre o trio de pilares priorit\u00e1rios do <a rel=\"noreferrer noopener\" href=\"https:\/\/www.youtube.com\/watch?v=_apQrE-mpt4\" target=\"_blank\">A nova marca da GBTA<\/a>. Mas o mais importante \u00e9 que tamb\u00e9m \u00e9 a nossa promessa para voc\u00eas, para a nossa ind\u00fastria e para a forma como construiremos o caminho para o nosso futuro coletivo.\u00a0<\/p>\n\n\n\n<p>Todos os anos, a Conven\u00e7\u00e3o GBTA apresenta a maior e mais impactante oportunidade onde o com\u00e9rcio e a aprendizagem se unem num s\u00f3 lugar dentro da ind\u00fastria de viagens de neg\u00f3cios. E todos os anos, precisamos das suas ideias, perspectivas e \u201cmuitas vozes\u201d para oferecer a melhor programa\u00e7\u00e3o de aprendizagem para a nossa comunidade. Ontem anunciamos a abertura do nosso <a rel=\"noreferrer noopener\" href=\"https:\/\/gbta.org\/pt\/professional-development\/call-for-proposals-for-gbta-2023-convention-is-now-open\/\" target=\"_blank\">Chamada de propostas<\/a> para a Conven\u00e7\u00e3o 2023.<\/p>\n\n\n<div class=\"wp-block-image\">\n<figure class=\"aligncenter size-full\"><img loading=\"lazy\" decoding=\"async\" width=\"624\" height=\"159\" src=\"https:\/\/gbta.org\/wp-content\/uploads\/pic-gbta-logo-3.jpg\" alt=\"pic gbta logo 3\" class=\"wp-image-7689\" srcset=\"https:\/\/gbta.org\/wp-content\/uploads\/pic-gbta-logo-3.jpg 624w, https:\/\/gbta.org\/wp-content\/uploads\/pic-gbta-logo-3-300x76.jpg 300w, https:\/\/gbta.org\/wp-content\/uploads\/pic-gbta-logo-3-18x5.jpg 18w\" sizes=\"auto, (max-width: 624px) 100vw, 624px\" \/><\/figure><\/div>\n\n\n<p>A novidade deste ano \u00e9 que simplificamos o processo de propostas com mais tempo para entregar seus envios. Tal como nos anos anteriores, as propostas ser\u00e3o avaliadas por pares por um grupo de her\u00f3is desconhecidos \u2013 profissionais volunt\u00e1rios de viagens de neg\u00f3cios que representam todos os setores da nossa associa\u00e7\u00e3o, que dedicam generosamente o seu tempo \u00e0 avalia\u00e7\u00e3o e sele\u00e7\u00e3o de sess\u00f5es com base em considera\u00e7\u00f5es importantes, como relev\u00e2ncia, resultados de aprendizagem. e formato. Comece com suas propostas para a Conven\u00e7\u00e3o \u2013 todos os <a href=\"https:\/\/gbta.org\/pt\/professional-development\/call-for-proposals-for-gbta-2023-convention-is-now-open\/\" target=\"_blank\" rel=\"noreferrer noopener\">os detalhes est\u00e3o aqui<\/a> e 13 de janeiro de 2023 \u00e9 o prazo final.&nbsp;<\/p>\n\n\n\n<p>Tamb\u00e9m sou um grande defensor do aprendizado ouvindo e interagindo sempre que nos reunimos. Enquanto estive em Washington DC na semana passada, entrei em contato com nossa equipe GBTA baseada em DC e, como equipe global, nos aprofundamos no recente GBTA <a href=\"https:\/\/gbta.org\/pt\/business-travel-continues-bouncing-back-with-a-strong-outlook-for-2023-according-to-new-industry-poll-from-gbta\/\" target=\"_blank\" rel=\"noreferrer noopener\">Pesquisa de recupera\u00e7\u00e3o<\/a> aprendizados. Tamb\u00e9m tive a oportunidade de me encontrar com Kerry Cosover da NFL e Tony Bonanno do Marriott, presidentes do nosso GBTA <a href=\"https:\/\/gbta.org\/pt\/professional-development\/content-collaborate\/gbta-committees\/sports-media-and-entertainment-committee\/\" target=\"_blank\" rel=\"noreferrer noopener\">Comit\u00ea de Esportes, M\u00eddia e Entretenimento<\/a> para discutir seus coment\u00e1rios sobre como o GBTA pode continuar a apoi\u00e1-los e a outros comit\u00eas ao longo de suas jornadas volunt\u00e1rias. (Obrigado, Kerry e Tony, pelo seu tempo e paix\u00e3o para tornar o GBTA melhor.)&nbsp;<\/p>\n\n\n\n<p>Finalmente \u2013 gostaria de destacar os insights e o aprendizado de um painel animado durante a semana passada <a href=\"https:\/\/elevate.atpco.net\/agenda\" target=\"_blank\" rel=\"noreferrer noopener\">ATPCO Elevar<\/a> evento, discutindo a \u201cSitua\u00e7\u00e3o da situa\u00e7\u00e3o das viagens corporativas\u201d. Nosso \u00cdndice de Viagens de Neg\u00f3cios GBTA e os resultados de pesquisas recentes criaram o clima para a discuss\u00e3o entre os palestrantes Glenn Hollister da United Airlines, Nick Vournakis da CWT e a moderadora Donna Airoldi do The BTN Group. Glenn compartilhou que durante o primeiro dia da recente Conven\u00e7\u00e3o da GBTA, a United Airlines rapidamente superou a quantidade de SAF que conseguiu adquirir para 2023, indicando uma forte demanda corporativa por SAF. Nick compartilhou que os servi\u00e7os TMC se tornaram ainda mais estrat\u00e9gicos para tornar as viagens com inten\u00e7\u00e3o uma realidade para as empresas que retornam seus funcion\u00e1rios \u00e0 \u201cestrada\u201d, ao mesmo tempo em que equilibram as preocupa\u00e7\u00f5es com a sustentabilidade. E Donna orientou a nossa discuss\u00e3o no sentido de equilibrar os ventos contr\u00e1rios econ\u00f3micos e de pre\u00e7os com a necessidade de nos reunirmos.&nbsp;&nbsp;<\/p>\n\n\n\n<p>Sei que voc\u00eas tamb\u00e9m compartilham insights e pr\u00e1ticas recomendadas regularmente. Obrigado a todos por tornar esta comunidade t\u00e3o colaborativa para aprender, construir carreiras e criar significado na ind\u00fastria de viagens de neg\u00f3cios.&nbsp;<\/p>\n\n\n\n<p>Suzanne&nbsp;<\/p>\n\n\n<h3 class=\"wp-block-heading\" id=\"news-to-know\"><strong>Novidades para saber:<\/strong><\/h3>\n\n\n<p><strong>Europa e Sudeste Asi\u00e1tico abrem c\u00e9us para impulsionar a expans\u00e3o das companhias a\u00e9reas<\/strong><\/p>\n\n\n\n<p><a href=\"https:\/\/skift.com\/blog\/europe-and-southeast-asia-open-skies-to-fuel-airline-expansion\/\">A Uni\u00e3o Europeia e a Associa\u00e7\u00e3o das Na\u00e7\u00f5es do Sudeste Asi\u00e1tico (ASEAN) assinaram um novo acordo de c\u00e9u aberto que visa recuperar e expandir as liga\u00e7\u00f5es a\u00e9reas entre as duas regi\u00f5es.<\/a> O acordo \u00e9 \u00fanico, pois abrange dois blocos de pa\u00edses \u2013 a UE tem 27 membros e a ASEAN 10 \u2013 em vez de dois pa\u00edses ou entre a UE e, por exemplo, os EUA. UE e ASEAN para companhias a\u00e9reas baseadas em qualquer regi\u00e3o. Entra em vigor imediatamente. <em>(Deslize)<\/em><\/p>\n\n\n\n<p><strong>Reservas e interesse aumentam \u00e0 medida que o Jap\u00e3o reabre totalmente aos turistas<\/strong><\/p>\n\n\n\n<p><a href=\"https:\/\/www.travelweekly.com\/Asia-Travel\/Bookings-and-interest-surge-as-Japan-fully-reopens-to-tourists\">O Jap\u00e3o reabriu ao turismo receptivo independente em 11 de outubro<\/a>, um dos \u00faltimos pa\u00edses a reabrir na era Covid e mais de dois anos e meio depois de fechar as suas fronteiras pela primeira vez em mar\u00e7o de 2020. Os viajantes ainda ter\u00e3o de apresentar prova de tr\u00eas doses de uma vacina aprovada para evitar testes de Covid na entrada. Viajantes n\u00e3o vacinados podem entrar, mas devem apresentar um teste de Covid negativo feito 72 horas antes da partida. O Jap\u00e3o tem sido tipicamente um destino de f\u00e9rias caro para os viajantes americanos, mas com o iene no seu valor mais fraco em d\u00e9cadas, combinado com a for\u00e7a do d\u00f3lar, os consultores dizem que agora \u00e9 a hora de partir. <em>(Viagem semanal)<\/em><\/p>\n\n\n\n<p><strong>O senador quer que os viajantes reclamem com a FAA sobre assentos menores em avi\u00f5es<\/strong><\/p>\n\n\n\n<p><a href=\"https:\/\/www.travelpulse.com\/news\/airlines\/senator-wants-travelers-to-complain-to-faa-about-smaller-airplane-seats.html\">O l\u00edder da maioria no Senado dos Estados Unidos, Chuck Schumer, encorajou os viajantes no domingo a dizerem \u00e0 Administra\u00e7\u00e3o Federal de Avia\u00e7\u00e3o (FAA) que n\u00e3o querem assentos de avi\u00e3o menores.<\/a> De acordo com o New York Daily News, Schumer est\u00e1 preocupado com o facto de os respons\u00e1veis da FAA aprovarem uma proposta das companhias a\u00e9reas para tornar o tamanho m\u00ednimo aprovado dos assentos nos avi\u00f5es comerciais ainda menor, tornando os passageiros ainda mais congestionados durante o voo. Schumer disse que os viajantes t\u00eam at\u00e9 1\u00ba de novembro para expressar suas preocupa\u00e7\u00f5es \u00e0 FAA. <em>(Pulso de viagem)<\/em><\/p>\n\n\n\n<p><strong>A ind\u00fastria espera progresso na melhoria do uso de cart\u00f5es virtuais em hot\u00e9is<\/strong><\/p>\n\n\n\n<p><a href=\"https:\/\/www.businesstravelnews.com\/Payment-Expense\/Industry-Expects-Progress-on-Improving-Hotel-Virtual-Card-Use\">Embora n\u00e3o seja uma tecnologia nova, os cart\u00f5es virtuais est\u00e3o prestes a se tornar uma for\u00e7a muito mais dominante na esfera dos pagamentos nos pr\u00f3ximos anos.<\/a> Um relat\u00f3rio recente da Juniper Research projetou que haveria um total de 28 mil milh\u00f5es de transa\u00e7\u00f5es com cart\u00f5es virtuais em todo o mundo este ano e, em 2027, esse volume ser\u00e1 superior a 121 mil milh\u00f5es. At\u00e9 l\u00e1, s\u00f3 os EUA gerar\u00e3o $71 mil milh\u00f5es em receitas de cart\u00f5es virtuais B2B, representando quase tr\u00eas quartos da receita global total. <em>(BTN)<\/em><\/p>\n\n\n<h3 class=\"wp-block-heading\" id=\"gbta-news-and-reminders\"><strong>Not\u00edcias e lembretes GBTA:<\/strong><\/h3>\n\n\n<p><strong>WINiT Gala<\/strong><\/p>\n\n\n\n<p>O objetivo do <a href=\"https:\/\/web.cvent.com\/event\/c8b1e666-733e-44d5-a456-b6e208a0f923\/regProcessStep1\">Pr\u00eamios WINiT<\/a> \u00e9 reconhecer as mulheres, os homens e as empresas que, juntos, est\u00e3o a impulsionar mudan\u00e7as positivas para a mobilidade profissional das mulheres nas ind\u00fastrias relacionadas com viagens. Os vencedores ser\u00e3o homenageados na Gala. Esperamos que voc\u00ea possa se juntar a n\u00f3s no GBTA WINiT Gala para celebrar o trabalho l\u00edder do setor realizado por indiv\u00edduos e empresas que apoiam a miss\u00e3o WINiT.<\/p>\n\n\n\n<p><strong>Confer\u00eancia GBTA 2022 \u2013 Bruxelas em parceria com a VDR<\/strong><\/p>\n\n\n\n<p><a href=\"https:\/\/europeconference.gbta.org\/Registration\/?_ga=2.132225486.1731087071.1666015111-700578155.1638546971\">Confer\u00eancia GBTA 2022 \u2013 Bruxelas em parceria com a VDR<\/a> de 8 a 10 de novembro ser\u00e1 a maior confer\u00eancia da Europa para profissionais de gest\u00e3o de viagens de neg\u00f3cios e reuni\u00f5es. \u00c9 importante agora, mais do que nunca, que nos unamos para conceber e conceber novas estrat\u00e9gias para proteger a nossa ind\u00fastria. O cora\u00e7\u00e3o do crescimento da nossa ind\u00fastria \u00e9 o valor dos nossos relacionamentos. Quer voc\u00ea seja um comprador ou um fornecedor, inovar juntos impulsionar\u00e1 nosso setor. Participe da Confer\u00eancia GBTA 2022 \u2013 Bruxelas em parceria com a VDR e voc\u00ea retornar\u00e1 \u00e0 sua organiza\u00e7\u00e3o munido de novos conhecimentos, experi\u00eancia e melhores pr\u00e1ticas impactantes para avan\u00e7ar com sucesso enquanto continuamos a impulsionar e nos preparar para um forte retorno das viagens de neg\u00f3cios.<\/p>\n\n\n\n<p><strong>C\u00fapula de Sustentabilidade GBTA<\/strong><\/p>\n\n\n\n<p>GBTA realizar\u00e1 seu primeiro <a href=\"https:\/\/web-eur.cvent.com\/event\/f8f7c2e2-6c5a-4e7b-9fee-984cc212d093\/regPage:064844b0-0e3a-428f-aba1-2698f5fc9732\">C\u00fapula Global de Sustentabilidade<\/a> em 8 de novembro de 2022, em Bruxelas, com foco em Impulsionar a\u00e7\u00f5es na corrida para o Net Zero. Este evento de alto n\u00edvel, com a dura\u00e7\u00e3o de um dia, reunir\u00e1 especialistas, ind\u00fastria e l\u00edderes pol\u00edticos para delinear solu\u00e7\u00f5es concretas para descarbonizar as viagens de neg\u00f3cios, em alinhamento com os Objectivos Clim\u00e1ticos de Paris \u2013 e simultaneamente com a 27\u00aa Cimeira do Clima da ONU (COP 27), tendo acontecer\u00e1 no Egito de 7 a 18 de novembro.<\/p>","protected":false},"excerpt":{"rendered":"<p>\u201cAprendizagem\u201d \u00e9 o nosso nome do meio na GBTA Um de nossos princ\u00edpios orientadores na GBTA, oferecendo oportunidades significativas de aprendizado para profissionais do setor ao longo de suas carreiras. \u00c9 por isso que voc\u00ea encontrar\u00e1 \u201cAprendizagem\u201d entre o trio de pilares priorit\u00e1rios da nova marca GBTA. Mas o mais importante, tamb\u00e9m \u00e9 nossa promessa para voc\u00ea, nossa ind\u00fastria e como construiremos\u2026<\/p>","protected":false},"author":17,"featured_media":0,"comment_status":"closed","ping_status":"closed","sticky":false,"template":"","format":"standard","meta":{"_acf_changed":false,"_seopress_robots_primary_cat":"none","_seopress_titles_title":"","_seopress_titles_desc":"","_seopress_robots_index":"","om_disable_all_campaigns":false,"_relevanssi_hide_post":"","_relevanssi_hide_content":"","_relevanssi_pin_for_all":"","_relevanssi_pin_keywords":"","_relevanssi_unpin_keywords":"","_relevanssi_related_keywords":"","_relevanssi_related_include_ids":"","_relevanssi_related_exclude_ids":"","_relevanssi_related_no_append":"","_relevanssi_related_not_related":"","_relevanssi_related_posts":"2477,1439,2017,1620,1171,2480","_relevanssi_noindex_reason":"","_kad_blocks_custom_css":"","_kad_blocks_head_custom_js":"","_kad_blocks_body_custom_js":"","_kad_blocks_footer_custom_js":"","_kad_post_transparent":"","_kad_post_title":"","_kad_post_layout":"","_kad_post_sidebar_id":"","_kad_post_content_style":"","_kad_post_vertical_padding":"","_kad_post_feature":"","_kad_post_feature_position":"","_kad_post_header":false,"_kad_post_footer":false,"footnotes":"","_links_to":"","_links_to_target":""},"categories":[1152,37],"tags":[1450],"class_list":["post-7658","post","type-post","status-publish","format-standard","hentry","category-meetings-and-events","category-research-and-travel-trends","tag-check-in-with-suzanne"],"acf":[],"featured_image_src_large":false,"author_info":{"display_name":"","author_link":"https:\/\/gbta.org\/pt\/author\/"},"comment_info":"","category_info":[{"term_id":1152,"name":"Meetings and Events","slug":"meetings-and-events","term_group":0,"term_taxonomy_id":1152,"taxonomy":"category","description":"","parent":0,"count":57,"filter":"raw","cat_ID":1152,"category_count":57,"category_description":"","cat_name":"Meetings and Events","category_nicename":"meetings-and-events","category_parent":0},{"term_id":37,"name":"Research and Travel Trends","slug":"research-and-travel-trends","term_group":0,"term_taxonomy_id":37,"taxonomy":"category","description":"","parent":0,"count":967,"filter":"raw","cat_ID":37,"category_count":967,"category_description":"","cat_name":"Research and Travel Trends","category_nicename":"research-and-travel-trends","category_parent":0}],"tag_info":[{"term_id":1450,"name":"Check-in with Suzanne","slug":"check-in-with-suzanne","term_group":0,"term_taxonomy_id":1450,"taxonomy":"post_tag","description":"","parent":0,"count":47,"filter":"raw"}],"taxonomy_info":{"category":[{"value":1152,"label":"Meetings and Events"},{"value":37,"label":"Research and Travel Trends"}],"post_tag":[{"value":1450,"label":"Check-in with Suzanne"}]},"featured_image_src":null,"featured_image_src_square":null,"mfb_rest_fields":["featured_image_src_large","author_info","comment_info","category_info","tag_info","taxonomy_info","featured_image_src","featured_image_src_square"],"_links":{"self":[{"href":"https:\/\/gbta.org\/pt\/wp-json\/wp\/v2\/posts\/7658","targetHints":{"allow":["GET"]}}],"collection":[{"href":"https:\/\/gbta.org\/pt\/wp-json\/wp\/v2\/posts"}],"about":[{"href":"https:\/\/gbta.org\/pt\/wp-json\/wp\/v2\/types\/post"}],"author":[{"embeddable":true,"href":"https:\/\/gbta.org\/pt\/wp-json\/wp\/v2\/users\/17"}],"replies":[{"embeddable":true,"href":"https:\/\/gbta.org\/pt\/wp-json\/wp\/v2\/comments?post=7658"}],"version-history":[{"count":0,"href":"https:\/\/gbta.org\/pt\/wp-json\/wp\/v2\/posts\/7658\/revisions"}],"wp:attachment":[{"href":"https:\/\/gbta.org\/pt\/wp-json\/wp\/v2\/media?parent=7658"}],"wp:term":[{"taxonomy":"category","embeddable":true,"href":"https:\/\/gbta.org\/pt\/wp-json\/wp\/v2\/categories?post=7658"},{"taxonomy":"post_tag","embeddable":true,"href":"https:\/\/gbta.org\/pt\/wp-json\/wp\/v2\/tags?post=7658"}],"curies":[{"name":"wp","href":"https:\/\/api.w.org\/{rel}","templated":true}]}}