{"id":7821,"date":"2022-10-25T06:00:00","date_gmt":"2022-10-25T10:00:00","guid":{"rendered":"https:\/\/gbta.org\/?p=7821"},"modified":"2022-10-25T05:45:43","modified_gmt":"2022-10-25T09:45:43","slug":"check-in-with-suzanne-81","status":"publish","type":"post","link":"https:\/\/gbta.org\/pt\/check-in-with-suzanne-81\/","title":{"rendered":"Check-in com Suzanne"},"content":{"rendered":"<style>.wp-block-kadence-advancedheading.kt-adv-heading_37a558-31, .wp-block-kadence-advancedheading.kt-adv-heading_37a558-31[data-kb-block=\"kb-adv-heading_37a558-31\"]{font-style:normal;}.wp-block-kadence-advancedheading.kt-adv-heading_37a558-31 mark.kt-highlight, .wp-block-kadence-advancedheading.kt-adv-heading_37a558-31[data-kb-block=\"kb-adv-heading_37a558-31\"] mark.kt-highlight{font-style:normal;color:#f76a0c;-webkit-box-decoration-break:clone;box-decoration-break:clone;padding-top:0px;padding-right:0px;padding-bottom:0px;padding-left:0px;}<\/style>\n<h2 class=\"kt-adv-heading_37a558-31 wp-block-kadence-advancedheading\" data-kb-block=\"kb-adv-heading_37a558-31\"><strong>Colocando palavras em a\u00e7\u00e3o para viagens de neg\u00f3cios sustent\u00e1veis<\/strong>\u00a0<\/h2>\n\n\n\n<p>Somos todos sistemas, vamos para Bruxelas! A demanda \u00e9 alta por nossos <a href=\"https:\/\/europeconference.gbta.org\/other-events\/gbta-sustainability-summit\/\" target=\"_blank\" rel=\"noreferrer noopener\">C\u00fapula de Sustentabilidade<\/a> em 8 de novembro. E para o <a href=\"https:\/\/europeconference.gbta.org\/\" target=\"_blank\" rel=\"noreferrer noopener\">Confer\u00eancia Europeia<\/a> De 8 a 10 de novembro, com participantes de mais de 24 pa\u00edses j\u00e1 inscritos \u2013 isso representa o dobro de compradores inscritos agora do que os que compareceram ao nosso evento em Berlim no final de fevereiro deste ano... Este \u00e9 outro sinal de que as confer\u00eancias presenciais est\u00e3o se recuperando em um ritmo saud\u00e1vel e que a colabora\u00e7\u00e3o presencial est\u00e1 impulsionando a demanda. Esperamos ver ainda mais voc\u00eas l\u00e1\u2026 Cadastre-se <a href=\"https:\/\/europeconference.gbta.org\/registration\/\" target=\"_blank\" rel=\"noreferrer noopener\">aqui<\/a>.&nbsp;<\/p>\n\n\n\n<p>Um dos destaques da C\u00fapula \u00e9 a sess\u00e3o interativa do grupo de reflex\u00e3o, onde os participantes fornecer\u00e3o insights e contribui\u00e7\u00f5es para o Plano de A\u00e7\u00e3o Clim\u00e1tica da Ind\u00fastria da GBTA, que delinear\u00e1 caminhos concretos para que nossa ind\u00fastria produza mudan\u00e7as positivas. Somos uma ind\u00fastria que se transforma para o futuro do nosso setor, das pessoas e do planeta. Fa\u00e7a parte do processo em Bruxelas enquanto mapeamos a jornada do setor global de viagens de neg\u00f3cios rumo \u00e0 redu\u00e7\u00e3o das emiss\u00f5es em 50% at\u00e9 2030 e \u00e0 meta l\u00edquida zero at\u00e9 2050.&nbsp;<\/p>\n\n\n\n<p>Conversas importantes sobre a redu\u00e7\u00e3o de emiss\u00f5es e o alcance do zero l\u00edquido est\u00e3o ocorrendo em todo o nosso setor \u2013 a United Airlines&#039; <a href=\"https:\/\/www.united.com\/ual\/en\/us\/fly\/company\/global-citizenship\/environment\/ecoskies-alliance.html\" target=\"_blank\" rel=\"noreferrer noopener\">Alian\u00e7a Eco-C\u00e9us<\/a> reuni\u00e3o que teve lugar na semana passada \u00e9 apenas um exemplo entre muitos. A nossa ind\u00fastria est\u00e1 a acelerar o planeamento e as a\u00e7\u00f5es para produzir impactos tang\u00edveis nos objetivos de a\u00e7\u00e3o clim\u00e1tica. Chegar l\u00e1 exigir\u00e1 que continuemos experimentando e colaborando para encontrar o melhor caminho a seguir.&nbsp;<br>&nbsp;<br>A GBTA tamb\u00e9m continua a tomar medidas para garantir que o nosso prop\u00f3sito coletivo seja ouvido quando se trata de sustentabilidade. GBTA emitiu recentemente um documento de posi\u00e7\u00e3o <a href=\"https:\/\/gbta.org\/pt\/gbta-supports-countemissionseu-initiative-for-harmonised-framework-to-measure-greenhouse-gas-emissions\/\" target=\"_blank\" rel=\"noreferrer noopener\">apoiando<\/a> a iniciativa da Comiss\u00e3o Europeia de propor um quadro harmonizado para calcular e reportar as emiss\u00f5es de gases com efeito de estufa do sector dos transportes, denominada <a href=\"https:\/\/ec.europa.eu\/info\/law\/better-regulation\/have-your-say\/initiatives\/13217-Count-your-transport-emissions-CountEmissions-EU_en\" target=\"_blank\" rel=\"noreferrer noopener\">ContagemEmiss\u00f5esEU<\/a>. \u00c0 medida que nossos membros fazem da redu\u00e7\u00e3o da pegada de carbono das viagens de neg\u00f3cios uma <a href=\"https:\/\/gbta.org\/pt\/global-business-travels-landmark-sustainability-study-reveals-what-it-will-take-to-get-to-a-greener-future\/\" target=\"_blank\" rel=\"noreferrer noopener\">prioridade<\/a>, ser capaz de acompanhar, medir e avaliar de forma consistente os dados de emiss\u00f5es ser\u00e1 essencial para alcan\u00e7ar os nossos objetivos.&nbsp;<br>\u202f&nbsp;<br>Suzanne&nbsp;<\/p>\n\n\n<h4 class=\"wp-block-heading\" id=\"news-to-know\">Novidades para saber:<\/h4>\n\n\n<p><strong>Os americanos est\u00e3o determinados a viajar, apesar das preocupa\u00e7\u00f5es com a infla\u00e7\u00e3o<\/strong><\/p>\n\n\n\n<p><a href=\"https:\/\/www.travelagewest.com\/Industry-Insight\/Business-Features\/travel-insights-2022-asta-research?utm_source=NTGbox&amp;utm_medium=web&amp;utm_campaign=widget\">A pesquisa da ASTA indica que 40% de viajantes est\u00e3o gastando mais em viagens este ano do que antes da pandemia,<\/a> superando o aumento dos gastos com carros (36%), reformas residenciais (32%), entretenimento (31%) ou eletr\u00f4nicos e tecnologia (28%). Esse n\u00famero \u00e9 ainda maior para 2023, quando 75% de entrevistados planejam gastar o mesmo ou mais em viagens. <em>(Idade da Viagem para o Oeste)<\/em><\/p>\n\n\n\n<p><strong>A ind\u00fastria de viagens insta Sunak a fornecer &#039;estabilidade e confian\u00e7a<\/strong><\/p>\n\n\n\n<p><a href=\"https:\/\/www.businesstravelnewseurope.com\/Management\/Travel-industry-urges-Sunak-to-provide-stability-and-confidence-\">O mais recente primeiro-ministro do Reino Unido, Rishi Sunak, foi instado por organiza\u00e7\u00f5es de viagens a fornecer \u201cestabilidade, clareza e confian\u00e7a\u201d \u00e0s empresas do setor<\/a> depois de semanas de turbul\u00eancia econ\u00f3mica. O ex-chanceler Sunak est\u00e1 assumindo o cargo de primeira-ministra no lugar de Liz Truss, que est\u00e1 deixando o cargo ap\u00f3s um per\u00edodo desastroso de seis semanas no comando do pa\u00eds. Sunak j\u00e1 havia perdido para Truss na campanha de lideran\u00e7a conservadora deste ver\u00e3o para substituir Boris Johnson. <em>(BTN Europa)<\/em><\/p>\n\n\n\n<p><strong>Cinco raz\u00f5es pelas quais as viagens a\u00e9reas de neg\u00f3cios mudaram permanentemente<\/strong><\/p>\n\n\n\n<p><a href=\"https:\/\/www.forbes.com\/sites\/benbaldanza\/2022\/10\/07\/five-reasons-why-airline-business-travel-has-permanently-changed\/?sh=1c07a7ce7416\">As viagens de neg\u00f3cios para companhias a\u00e9reas t\u00eam sido a for\u00e7a vital das maiores companhias a\u00e9reas dos EUA e do mundo.<\/a> Quando uma empresa est\u00e1 pagando a conta, quest\u00f5es de hor\u00e1rio, tratamento no aeroporto e na cabine, programa de passageiro frequente e muito mais s\u00e3o os que mais importam para os passageiros. Como resultado, os viajantes de neg\u00f3cios t\u00eam historicamente pago tarifas tr\u00eas a quatro vezes mais do que os viajantes de lazer e, por vezes, muito mais do que isso. Todas as grandes companhias a\u00e9reas dos EUA constru\u00edram os seus neg\u00f3cios para atrair e reter este tipo de viajante. Afeta a frota, os hor\u00e1rios, a configura\u00e7\u00e3o dos assentos, o espa\u00e7o do aeroporto, a organiza\u00e7\u00e3o administrativa, a estrat\u00e9gia de distribui\u00e7\u00e3o, as pol\u00edticas corporativas e quase tudo o mais que a companhia a\u00e9rea faz.<\/p>\n\n\n\n<p><strong>A ind\u00fastria de viagens da \u00c1sia-Pac\u00edfico poder\u00e1 ser a primeira a se recuperar at\u00e9 2023<\/strong><\/p>\n\n\n\n<p><a href=\"https:\/\/www.cnbc.com\/2022\/10\/17\/when-will-asias-travel-industry-recover-maybe-as-soon-as-2023.html\">Um novo relat\u00f3rio indica que a ind\u00fastria de viagens na \u00c1sia-Pac\u00edfico pode ser a \u00fanica no mundo a recuperar at\u00e9 2023<\/a>. O relat\u00f3rio \u201cTravel &amp; Tourism Economic Impact\u201d deste ano \u2013 uma publica\u00e7\u00e3o anual do World Travel &amp; Tourism Council, com sede em Londres \u2013 mostra que, em compara\u00e7\u00e3o com os n\u00edveis pr\u00e9-pandemia, as receitas do turismo em 2020 ca\u00edram mais na \u00c1sia-Pac\u00edfico (59%) do que em qualquer outro lugar. outro. Os esfor\u00e7os de recupera\u00e7\u00e3o na regi\u00e3o foram silenciados em 2021, com a maioria dos pa\u00edses mantendo restri\u00e7\u00f5es fronteiri\u00e7as rigorosas. A contribui\u00e7\u00e3o das receitas do turismo para o produto interno bruto regional aumentou cerca de 16%, inferior aos 28% na Europa e aos 23% na Am\u00e9rica do Norte. <em>(CNBC)<\/em><\/p>\n\n\n<h4 class=\"wp-block-heading\" id=\"gbta-news-and-reminders\">Not\u00edcias e lembretes GBTA:<\/h4>\n\n\n<p><strong>Confer\u00eancia GBTA 2022 \u2013 Bruxelas em parceria com a VDR<\/strong><\/p>\n\n\n\n<p><a href=\"https:\/\/europeconference.gbta.org\/Registration\/?_ga=2.132225486.1731087071.1666015111-700578155.1638546971\">Confer\u00eancia GBTA 2022 \u2013 Bruxelas em parceria com a VDR<\/a> de 8 a 10 de novembro ser\u00e1 a maior confer\u00eancia da Europa para profissionais de gest\u00e3o de viagens de neg\u00f3cios e reuni\u00f5es. \u00c9 importante agora, mais do que nunca, que nos unamos para conceber e conceber novas estrat\u00e9gias para proteger a nossa ind\u00fastria. O cora\u00e7\u00e3o do crescimento da nossa ind\u00fastria \u00e9 o valor dos nossos relacionamentos. Quer voc\u00ea seja um comprador ou um fornecedor, \u00e9 a inova\u00e7\u00e3o conjunta que impulsionar\u00e1 nosso setor. Participe da Confer\u00eancia GBTA 2022 \u2013 Bruxelas em parceria com a VDR e voc\u00ea retornar\u00e1 \u00e0 sua organiza\u00e7\u00e3o munido de novos conhecimentos, experi\u00eancia e melhores pr\u00e1ticas impactantes para avan\u00e7ar com sucesso enquanto continuamos a impulsionar e nos preparar para um forte retorno das viagens de neg\u00f3cios.<\/p>\n\n\n\n<p><strong>C\u00fapula de Sustentabilidade GBTA<\/strong><\/p>\n\n\n\n<p>GBTA realizar\u00e1 seu primeiro <a href=\"https:\/\/web-eur.cvent.com\/event\/f8f7c2e2-6c5a-4e7b-9fee-984cc212d093\/regPage:064844b0-0e3a-428f-aba1-2698f5fc9732\">C\u00fapula Global de Sustentabilidade<\/a> em 8 de novembro de 2022, em Bruxelas, com foco em Impulsionar a\u00e7\u00f5es na corrida para o Net Zero. Este evento de alto n\u00edvel, com a dura\u00e7\u00e3o de um dia, reunir\u00e1 especialistas, ind\u00fastria e l\u00edderes pol\u00edticos para delinear solu\u00e7\u00f5es concretas para descarbonizar as viagens de neg\u00f3cios, em alinhamento com os Objectivos Clim\u00e1ticos de Paris \u2013 e simultaneamente com a 27\u00aa Cimeira do Clima da ONU (COP 27), tendo acontecer\u00e1 no Egito de 7 a 18 de novembro.<\/p>\n\n\n\n<p><strong>PATA \u2013 GBTA APAC Travel Summit 2022<\/strong><\/p>\n\n\n\n<p>A Pacific Asia Travel Association (PATA), em parceria com a Global Business Travel Association (GBTA), realizar\u00e1 seu evento inaugural <a href=\"https:\/\/web.cvent.com\/event\/280e5be0-5a58-4285-9e62-b3fbd3dc05e2\/regProcessStep1\">C\u00fapula de viagens PATA e GBTA APAC<\/a> no novo e moderno Centro de Conven\u00e7\u00f5es Nacional Queen Sirikit (QSNCC) em Bangkok, Tail\u00e2ndia, de 8 a 9 de dezembro de 2022.<\/p>\n\n\n\n<p><\/p>","protected":false},"excerpt":{"rendered":"<p>Colocando palavras em a\u00e7\u00e3o para viagens de neg\u00f3cios sustent\u00e1veis Todos n\u00f3s somos sistemas, vamos para Bruxelas! A procura \u00e9 elevada para a nossa Cimeira de Sustentabilidade no dia 8 de novembro. E para a Confer\u00eancia Europeia de 8 a 10 de novembro, com participantes de mais de 24 pa\u00edses j\u00e1 inscritos \u2013 isso significa o dobro do n\u00famero de compradores inscritos agora do que os que participaram no nosso evento em Berlim\u2026<\/p>","protected":false},"author":17,"featured_media":0,"comment_status":"closed","ping_status":"closed","sticky":false,"template":"","format":"standard","meta":{"_acf_changed":false,"_seopress_robots_primary_cat":"none","_seopress_titles_title":"","_seopress_titles_desc":"","_seopress_robots_index":"","om_disable_all_campaigns":false,"_relevanssi_hide_post":"","_relevanssi_hide_content":"","_relevanssi_pin_for_all":"","_relevanssi_pin_keywords":"","_relevanssi_unpin_keywords":"","_relevanssi_related_keywords":"","_relevanssi_related_include_ids":"","_relevanssi_related_exclude_ids":"","_relevanssi_related_no_append":"","_relevanssi_related_not_related":"","_relevanssi_related_posts":"1,415,661,662,664,666","_relevanssi_noindex_reason":"","_kad_blocks_custom_css":"","_kad_blocks_head_custom_js":"","_kad_blocks_body_custom_js":"","_kad_blocks_footer_custom_js":"","_kad_post_transparent":"","_kad_post_title":"","_kad_post_layout":"","_kad_post_sidebar_id":"","_kad_post_content_style":"","_kad_post_vertical_padding":"","_kad_post_feature":"","_kad_post_feature_position":"","_kad_post_header":false,"_kad_post_footer":false,"footnotes":"","_links_to":"","_links_to_target":""},"categories":[280],"tags":[1450],"class_list":["post-7821","post","type-post","status-publish","format-standard","hentry","category-sustainability","tag-check-in-with-suzanne"],"acf":[],"featured_image_src_large":false,"author_info":{"display_name":"","author_link":"https:\/\/gbta.org\/pt\/author\/"},"comment_info":"","category_info":[{"term_id":280,"name":"Sustainability","slug":"sustainability","term_group":0,"term_taxonomy_id":280,"taxonomy":"category","description":"","parent":0,"count":130,"filter":"raw","cat_ID":280,"category_count":130,"category_description":"","cat_name":"Sustainability","category_nicename":"sustainability","category_parent":0}],"tag_info":[{"term_id":1450,"name":"Check-in with Suzanne","slug":"check-in-with-suzanne","term_group":0,"term_taxonomy_id":1450,"taxonomy":"post_tag","description":"","parent":0,"count":47,"filter":"raw"}],"taxonomy_info":{"category":[{"value":280,"label":"Sustainability"}],"post_tag":[{"value":1450,"label":"Check-in with Suzanne"}]},"featured_image_src":null,"featured_image_src_square":null,"mfb_rest_fields":["featured_image_src_large","author_info","comment_info","category_info","tag_info","taxonomy_info","featured_image_src","featured_image_src_square"],"_links":{"self":[{"href":"https:\/\/gbta.org\/pt\/wp-json\/wp\/v2\/posts\/7821","targetHints":{"allow":["GET"]}}],"collection":[{"href":"https:\/\/gbta.org\/pt\/wp-json\/wp\/v2\/posts"}],"about":[{"href":"https:\/\/gbta.org\/pt\/wp-json\/wp\/v2\/types\/post"}],"author":[{"embeddable":true,"href":"https:\/\/gbta.org\/pt\/wp-json\/wp\/v2\/users\/17"}],"replies":[{"embeddable":true,"href":"https:\/\/gbta.org\/pt\/wp-json\/wp\/v2\/comments?post=7821"}],"version-history":[{"count":0,"href":"https:\/\/gbta.org\/pt\/wp-json\/wp\/v2\/posts\/7821\/revisions"}],"wp:attachment":[{"href":"https:\/\/gbta.org\/pt\/wp-json\/wp\/v2\/media?parent=7821"}],"wp:term":[{"taxonomy":"category","embeddable":true,"href":"https:\/\/gbta.org\/pt\/wp-json\/wp\/v2\/categories?post=7821"},{"taxonomy":"post_tag","embeddable":true,"href":"https:\/\/gbta.org\/pt\/wp-json\/wp\/v2\/tags?post=7821"}],"curies":[{"name":"wp","href":"https:\/\/api.w.org\/{rel}","templated":true}]}}