{"id":805,"date":"2022-07-20T09:32:45","date_gmt":"2022-07-20T13:32:45","guid":{"rendered":"https:\/\/gbta.org\/week-in-review-12\/"},"modified":"2022-07-20T09:32:45","modified_gmt":"2022-07-20T13:32:45","slug":"week-in-review-12","status":"publish","type":"post","link":"https:\/\/gbta.org\/pt\/week-in-review-12\/","title":{"rendered":"Semana em revis\u00e3o"},"content":{"rendered":"<p dir=\"ltr\">Embora possa ter sido uma semana de not\u00edcias lentas com os feriados, a semana de revis\u00e3o ainda est\u00e1 aqui para mant\u00ea-lo atualizado sobre as \u00faltimas not\u00edcias em viagens de neg\u00f3cios.<\/p>\n<p dir=\"ltr\">Hugo Martin do <em>LA Times<\/em> relata que <a title=\"Cancelamentos de companhias a\u00e9reas do LA Times\" href=\"http:\/\/www.latimes.com\/business\/la-fi-airlines-canceled-flights-20141224-story.html\" target=\"_blank\" rel=\"noopener\">cancelamentos de companhias a\u00e9reas j\u00e1 ultrapassaram 162 mil este ano<\/a> \u2013 o maior desde os ataques terroristas de 11 de setembro. Ele escreve sobre a Regra 420, uma antiga regulamenta\u00e7\u00e3o federal que foi eliminada pela maioria das companhias a\u00e9reas ap\u00f3s a desregulamenta\u00e7\u00e3o do setor. Grupos de defesa dos passageiros est\u00e3o a pressionar para restabelecer a regra, que exigia que as companhias a\u00e9reas oferecessem lugares no pr\u00f3ximo voo de um concorrente ap\u00f3s um cancelamento, se isso levasse o viajante ao seu destino mais cedo. Martin tamb\u00e9m informou que quando se trata de cancelamentos e atrasos, <a title=\"LA Times Airport Avisos sobre atrasos\" href=\"http:\/\/www.latimes.com\/business\/la-fi-travelers-want-airports-to-warn-them-20141219-story.html\" target=\"_blank\" rel=\"noopener\">93 por cento dos viajantes a\u00e9reos<\/a> disseram que querem que os aeroportos os avisem sobre atrasos e tempos de espera nos port\u00f5es, pontos de controle de seguran\u00e7a e filas de alf\u00e2ndega e passaportes.<\/p>\n<p dir=\"ltr\">Voc\u00ea viaja com seu chefe? <em>Os di\u00e1rios de neg\u00f3cios<\/em> ofertas <a title=\"viagem de neg\u00f3cios com seu chefe\" href=\"http:\/\/m.bizjournals.com\/bizjournals\/how-to\/growth-strategies\/2014\/12\/7-tips-for-business-travel-with-your-boss.html?r=full\" target=\"_blank\" rel=\"noopener\">sete dicas para viagens de neg\u00f3cios com seu chefe<\/a>. Se voc\u00ea fizer mais na gest\u00e3o de viagens, <em>Compra de viagens de neg\u00f3cios<\/em> escreve como gerenciar o viajante independente e analisa o <a title=\"Viajantes independentes\" href=\"http:\/\/buyingbusinesstravel.com\/feature\/2023554-how-manage-maverick-traveller\" target=\"_blank\" rel=\"noopener\">sete tipos mais comuns de viajantes independentes<\/a> fornecendo orienta\u00e7\u00e3o especializada sobre como manter esses viajantes errantes na linha.<\/p>\n<figure id=\"attachment_526\" aria-describedby=\"caption-attachment-526\" style=\"width: 300px\" class=\"wp-caption aligncenter\"><a href=\"http:\/\/blog.gbta.org\/wp-content\/uploads\/2014\/10\/airplane.jpg\"><img loading=\"lazy\" decoding=\"async\" class=\"size-medium wp-image-526\" alt=\"Photo Credit: Simone Ramella\" src=\"http:\/\/blog.gbta.org\/wp-content\/uploads\/2014\/10\/airplane-300x199.jpg\" width=\"300\" height=\"199\" \/><\/a><figcaption id=\"caption-attachment-526\" class=\"wp-caption-text\">Cr\u00e9dito da foto: Simone Ramella<\/figcaption><\/figure>\n<p dir=\"ltr\">Na frente internacional, <em>Os Di\u00e1rios de Neg\u00f3cios do Tri\u00e2ngulo<\/em> revela o <a title=\"Di\u00e1rios de neg\u00f3cios do tri\u00e2ngulo\" href=\"http:\/\/m.bizjournals.com\/triangle\/news\/2014\/12\/22\/rdu-top-10-international-travel-destinations-2014.html?r=full\" target=\"_blank\" rel=\"noopener\">10 principais destinos internacionais do aeroporto internacional de Raleigh-Durham durante 2014<\/a>. Embora os voos internacionais representem uma pequena parcela de todos os voos oferecidos fora do aeroporto, a maioria deles s\u00e3o destinos essenciais para viagens de neg\u00f3cios. Quer fazer neg\u00f3cios na Am\u00e9rica do Sul? <em>EUA hoje<\/em> relata que a vers\u00e3o \u201cstretch\u201d do Dreamliner da Boeing ser\u00e1 <a title=\"USA Today Boeing Dreamliner JFK para a Am\u00e9rica do Sul\" href=\"http:\/\/www.usatoday.com\/story\/todayinthesky\/2014\/12\/26\/lan-to-put-stretch-dreamliners-from-nyc-to-south-america\/20897791\/\" target=\"_blank\" rel=\"noopener\">voando entre Nova York JFK e Am\u00e9rica do Sul <\/a>come\u00e7ando no pr\u00f3ximo ano.<\/p>\n<p dir=\"ltr\">Volte na pr\u00f3xima sexta-feira para ver a \u00faltima semana do ano na postagem de revis\u00e3o.<\/p>\n<p>&nbsp;<\/p>","protected":false},"excerpt":{"rendered":"<p>Embora possa ter sido uma semana de not\u00edcias lentas com os feriados, a semana na postagem de revis\u00e3o ainda est\u00e1 aqui para mant\u00ea-lo atualizado sobre as \u00faltimas not\u00edcias em viagens de neg\u00f3cios. Hugo Martin, do LA Times, relata que os cancelamentos de companhias a\u00e9reas j\u00e1 ultrapassaram 162.000 este ano \u2013 o maior desde o\u2026<\/p>","protected":false},"author":25,"featured_media":0,"comment_status":"open","ping_status":"open","sticky":false,"template":"","format":"standard","meta":{"_acf_changed":false,"_seopress_robots_primary_cat":"","_seopress_titles_title":"","_seopress_titles_desc":"","_seopress_robots_index":"","om_disable_all_campaigns":false,"_relevanssi_hide_post":"","_relevanssi_hide_content":"","_relevanssi_pin_for_all":"","_relevanssi_pin_keywords":"","_relevanssi_unpin_keywords":"","_relevanssi_related_keywords":"","_relevanssi_related_include_ids":"","_relevanssi_related_exclude_ids":"","_relevanssi_related_no_append":"","_relevanssi_related_not_related":"","_relevanssi_related_posts":"","_relevanssi_noindex_reason":"","_kad_blocks_custom_css":"","_kad_blocks_head_custom_js":"","_kad_blocks_body_custom_js":"","_kad_blocks_footer_custom_js":"","_kad_post_transparent":"","_kad_post_title":"","_kad_post_layout":"","_kad_post_sidebar_id":"","_kad_post_content_style":"","_kad_post_vertical_padding":"","_kad_post_feature":"","_kad_post_feature_position":"","_kad_post_header":false,"_kad_post_footer":false,"footnotes":"","_links_to":"","_links_to_target":""},"categories":[114,37],"tags":[48,133,307,308,309,283,310,237],"class_list":["post-805","post","type-post","status-publish","format-standard","hentry","category-airlines-and-aviation","category-research-and-travel-trends","tag-business-travel","tag-business-travel-industry","tag-delays","tag-flight-cancellations","tag-hugo-martin","tag-la-times","tag-regulations","tag-usa-today"],"acf":[],"featured_image_src_large":false,"author_info":{"display_name":"jcampbell","author_link":"https:\/\/gbta.org\/pt\/author\/jcampbell\/"},"comment_info":"","category_info":[{"term_id":114,"name":"Airlines and Aviation","slug":"airlines-and-aviation","term_group":0,"term_taxonomy_id":114,"taxonomy":"category","description":"","parent":0,"count":355,"filter":"raw","cat_ID":114,"category_count":355,"category_description":"","cat_name":"Airlines and Aviation","category_nicename":"airlines-and-aviation","category_parent":0},{"term_id":37,"name":"Research and Travel Trends","slug":"research-and-travel-trends","term_group":0,"term_taxonomy_id":37,"taxonomy":"category","description":"","parent":0,"count":966,"filter":"raw","cat_ID":37,"category_count":966,"category_description":"","cat_name":"Research and Travel Trends","category_nicename":"research-and-travel-trends","category_parent":0}],"tag_info":[{"term_id":48,"name":"business travel","slug":"business-travel","term_group":0,"term_taxonomy_id":48,"taxonomy":"post_tag","description":"","parent":0,"count":416,"filter":"raw"},{"term_id":133,"name":"business travel industry","slug":"business-travel-industry","term_group":0,"term_taxonomy_id":133,"taxonomy":"post_tag","description":"","parent":0,"count":40,"filter":"raw"},{"term_id":307,"name":"delays","slug":"delays","term_group":0,"term_taxonomy_id":307,"taxonomy":"post_tag","description":"","parent":0,"count":3,"filter":"raw"},{"term_id":308,"name":"flight cancellations","slug":"flight-cancellations","term_group":0,"term_taxonomy_id":308,"taxonomy":"post_tag","description":"","parent":0,"count":1,"filter":"raw"},{"term_id":309,"name":"Hugo Martin","slug":"hugo-martin","term_group":0,"term_taxonomy_id":309,"taxonomy":"post_tag","description":"","parent":0,"count":1,"filter":"raw"},{"term_id":283,"name":"LA Times","slug":"la-times","term_group":0,"term_taxonomy_id":283,"taxonomy":"post_tag","description":"","parent":0,"count":5,"filter":"raw"},{"term_id":310,"name":"regulations","slug":"regulations","term_group":0,"term_taxonomy_id":310,"taxonomy":"post_tag","description":"","parent":0,"count":4,"filter":"raw"},{"term_id":237,"name":"USA Today","slug":"usa-today","term_group":0,"term_taxonomy_id":237,"taxonomy":"post_tag","description":"","parent":0,"count":44,"filter":"raw"}],"taxonomy_info":{"category":[{"value":114,"label":"Airlines and Aviation"},{"value":37,"label":"Research and Travel Trends"}],"post_tag":[{"value":48,"label":"business travel"},{"value":133,"label":"business travel industry"},{"value":307,"label":"delays"},{"value":308,"label":"flight cancellations"},{"value":309,"label":"Hugo Martin"},{"value":283,"label":"LA Times"},{"value":310,"label":"regulations"},{"value":237,"label":"USA Today"}]},"featured_image_src":null,"featured_image_src_square":null,"mfb_rest_fields":["featured_image_src_large","author_info","comment_info","category_info","tag_info","taxonomy_info","featured_image_src","featured_image_src_square"],"_links":{"self":[{"href":"https:\/\/gbta.org\/pt\/wp-json\/wp\/v2\/posts\/805","targetHints":{"allow":["GET"]}}],"collection":[{"href":"https:\/\/gbta.org\/pt\/wp-json\/wp\/v2\/posts"}],"about":[{"href":"https:\/\/gbta.org\/pt\/wp-json\/wp\/v2\/types\/post"}],"author":[{"embeddable":true,"href":"https:\/\/gbta.org\/pt\/wp-json\/wp\/v2\/users\/25"}],"replies":[{"embeddable":true,"href":"https:\/\/gbta.org\/pt\/wp-json\/wp\/v2\/comments?post=805"}],"version-history":[{"count":0,"href":"https:\/\/gbta.org\/pt\/wp-json\/wp\/v2\/posts\/805\/revisions"}],"wp:attachment":[{"href":"https:\/\/gbta.org\/pt\/wp-json\/wp\/v2\/media?parent=805"}],"wp:term":[{"taxonomy":"category","embeddable":true,"href":"https:\/\/gbta.org\/pt\/wp-json\/wp\/v2\/categories?post=805"},{"taxonomy":"post_tag","embeddable":true,"href":"https:\/\/gbta.org\/pt\/wp-json\/wp\/v2\/tags?post=805"}],"curies":[{"name":"wp","href":"https:\/\/api.w.org\/{rel}","templated":true}]}}