{"id":8233,"date":"2022-12-02T13:58:44","date_gmt":"2022-12-02T18:58:44","guid":{"rendered":"https:\/\/gbta.org\/?p=8233"},"modified":"2022-12-07T08:49:39","modified_gmt":"2022-12-07T13:49:39","slug":"industry-collaborates-to-solve-talent-crisis-across-business-travel-industry-during-gbta-europe-conference","status":"publish","type":"post","link":"https:\/\/gbta.org\/pt\/industry-collaborates-to-solve-talent-crisis-across-business-travel-industry-during-gbta-europe-conference\/","title":{"rendered":"A ind\u00fastria colabora para resolver a crise de talentos na ind\u00fastria de viagens de neg\u00f3cios durante a Confer\u00eancia GBTA Europa"},"content":{"rendered":"<p><em>The Big Idea relata as descobertas do setor<\/em><\/p>\n\n\n\n<p><strong>Bruxelas <\/strong>(5 de dezembro de 2022) \u2013 Representantes de todas as \u00e1reas do ecossistema de viagens de neg\u00f3cios reuniram-se na Confer\u00eancia GBTA Europe em Bruxelas, em novembro, durante a sess\u00e3o The Big Idea, patrocinada por <a href=\"https:\/\/www.bcdtravel.com\/\">Viagem BCD<\/a>. <a>A gestora de viagens desenvolveu o tema da sess\u00e3o \u201cViagem e a Lei da Atra\u00e7\u00e3o\u201d para discutir <\/a>os pontos fracos e as solu\u00e7\u00f5es que atraem talentos dentro e fora da ind\u00fastria. Isto tamb\u00e9m incluiu garantir o crescimento sustent\u00e1vel das viagens de neg\u00f3cios em torno de quatro pilares principais: imagem da ind\u00fastria; diversidade, equidade e inclus\u00e3o (DEI); bem-estar e tecnologia do viajante.<\/p>\n\n\n\n<p>\u201cAs viagens retornaram rapidamente, ent\u00e3o a ind\u00fastria est\u00e1 acompanhando as demandas recentes\u201d, disse David Coppens, vice-presidente executivo de estrat\u00e9gia de opera\u00e7\u00f5es da BCD. \u201cGarantir que as viagens continuem atraentes para a for\u00e7a de trabalho e manter alta a reten\u00e7\u00e3o dos funcion\u00e1rios atuais \u00e9 muito importante, por isso The Big Idea tem como objetivo reunir os constituintes para desenvolver solu\u00e7\u00f5es como uma ind\u00fastria, em vez de cada constituinte individual por conta pr\u00f3pria.\u201d<\/p>\n\n\n\n<p>A sess\u00e3o atraiu cerca de 300 participantes e gerou debate entre os participantes sobre o futuro das viagens de neg\u00f3cios como carreira e como o setor pode continuar a ser relevante e transmitir o seu valor e prop\u00f3sito a quem est\u00e1 dentro e fora da ind\u00fastria. Depois que Coppens apresentou uma vis\u00e3o geral dos desafios enfrentados nas viagens de neg\u00f3cios, os participantes se dividiram em grupos e foram solicitados a resumir suas ideias em um slogan e uma s\u00e9rie de a\u00e7\u00f5es tang\u00edveis para cada um dos quatro pilares.<\/p>\n\n\n\n<p>\u201cN\u00e3o fiquei surpreso ao ver que a maioria dos participantes se concentrou em discutir a imagem da ind\u00fastria e o bem-estar dos viajantes durante a Grande Ideia\u201d, disse Carol Fergus, diretora de viagens globais, eventos e transporte terrestre da <a href=\"https:\/\/www.fidelityinternational.com\/\">Fidelidade Internacional<\/a>. \u201cAs organiza\u00e7\u00f5es est\u00e3o lutando para fazer as pessoas voltarem ao trabalho e mudar a percep\u00e7\u00e3o geral da ind\u00fastria. \u00c9 importante lembrar ao nosso p\u00fablico como tornamos as viagens perfeitas com os nossos fornecedores e como equipamos os clientes com tudo o que precisam para se sentirem seguros e apoiados enquanto viajam.\u201d<\/p>\n\n\n\n<p>O resultado da sess\u00e3o foi resumido no \u201cThe Big Idea Report\u201d co-publicado com a BCD e dispon\u00edvel em <a><\/a><a href=\"https:\/\/nam11.safelinks.protection.outlook.com\/?url=https%3A%2F%2Fwww.bcdtravel.com%2Fthe-big-idea-travel-and-the-law-of-attraction%2F&amp;data=05%7C01%7C%7Cad6231ae5e554eb1284708dad3b329bb%7Ccdb191c8fc034343aead2808b21fd513%7C0%7C0%7C638055063697012204%7CUnknown%7CTWFpbGZsb3d8eyJWIjoiMC4wLjAwMDAiLCJQIjoiV2luMzIiLCJBTiI6Ik1haWwiLCJXVCI6Mn0%3D%7C3000%7C%7C%7C&amp;sdata=RsHV7wQqOIZAikXpNrLrTcIOUtuOB4Dg76QUs9lCYL0%3D&amp;reserved=0\">https:\/\/www.bcdtravel.com\/the-big-idea-travel-and-the-law-of-attraction\/<\/a>.<\/p>\n\n\n\n<p><strong>Resumo das Constata\u00e7\u00f5es:<\/strong><\/p>\n\n\n\n<p><strong>Imagem da Ind\u00fastria<\/strong><strong><\/strong><\/p>\n\n\n\n<ul class=\"wp-block-list\"><li>Slogan <a>\u2013 <\/a>Travel4Good: Investir \/ Prosperar \/ Conectar \/ Prosperar<\/li><li>Aumentar a imagem das viagens de neg\u00f3cios come\u00e7a com a identifica\u00e7\u00e3o dos problemas de reputa\u00e7\u00e3o subjacentes ao setor<strong>.<\/strong> <a>A sensa\u00e7\u00e3o de \u201crisco\u201d associada a um sector que foi t\u00e3o directamente afectado pela pandemia pode desencorajar novos participantes na ind\u00fastria das viagens.<\/a><\/li><li>H\u00e1 uma clara necessidade de enquadrar melhor a proposta de valor das viagens de neg\u00f3cios como \u201cviagens para o bem\u201d, acentuando n\u00e3o s\u00f3 os benef\u00edcios que o setor traz para a economia e a sociedade, mas tamb\u00e9m a flexibilidade, a inclus\u00e3o e o potencial de carreira a longo prazo dentro da ind\u00fastria.<\/li><li>Os neg\u00f3cios prosperam com conex\u00f5es pessoais, reunindo as pessoas de uma forma inteligente e sustent\u00e1vel e trazendo de volta um pouco de divers\u00e3o \u00e0s viagens.<\/li><\/ul>\n\n\n\n<p><strong>DEI<\/strong><\/p>\n\n\n\n<ul class=\"wp-block-list\"><li>Slogan \u2013 Uma jornada compartilhada, caminhos individuais<\/li><li>Uma nova gera\u00e7\u00e3o de talentos da ind\u00fastria e de viajantes de neg\u00f3cios deve refletir todas as facetas da diversidade, incluindo ra\u00e7a, etnia, g\u00e9nero, identidade de g\u00e9nero, orienta\u00e7\u00e3o sexual, idade, mobilidade e grupo socioecon\u00f3mico.&nbsp;<\/li><li>O sentido de comunidade que une as viagens de neg\u00f3cios e o papel de cada interveniente como ator de mudan\u00e7a \u00e9 uma parte essencial do que pode ajudar a construir um futuro diversificado, equitativo e inclusivo para as viagens de neg\u00f3cios.<\/li><li>Promover a consci\u00eancia cultural e remover barreiras \u00e0 entrada e ao sucesso, visando popula\u00e7\u00f5es de talentos carentes, com poucos recursos ou n\u00e3o tradicionais apoiadas pela tecnologia, ajudar\u00e1 a impulsionar a mudan\u00e7a.<\/li><\/ul>\n\n\n\n<p><strong>Bem-estar do viajante<\/strong><\/p>\n\n\n\n<ul class=\"wp-block-list\"><li>Slogan \u2013 Viajante feliz, companhia saud\u00e1vel!<\/li><li>Uma abordagem centrada no viajante, garantindo que os viajantes de neg\u00f3cios e o seu bem-estar estejam \u201cna frente e no centro\u201d, \u00e9 fundamental para estimular o envolvimento dos funcion\u00e1rios, incentivar as viagens e atrair talentos.<\/li><li>Restabelecer o entusiasmo das viagens de neg\u00f3cios p\u00f3s-pandemia e os benef\u00edcios do modelo de trabalho h\u00edbrido num equil\u00edbrio mais positivo entre vida pessoal e profissional ser\u00e3o fundamentais para atrair as novas gera\u00e7\u00f5es.<\/li><li>As novas gera\u00e7\u00f5es, como a Gera\u00e7\u00e3o Z e a Gera\u00e7\u00e3o Alfa, n\u00e3o querem escolher entre o avan\u00e7o profissional, o crescimento pessoal e a responsabilidade social. As viagens de neg\u00f3cios s\u00e3o um facilitador para a conex\u00e3o com o resto do mundo.<\/li><\/ul>\n\n\n\n<p><strong>Tecnologia<\/strong><\/p>\n\n\n\n<ul class=\"wp-block-list\"><li>Slogan \u2013 Usu\u00e1rio em primeiro lugar \u2013 eleve a experi\u00eancia<\/li><li>A tecnologia \u00e9 uma alavanca fundamental para atrair talentos novos e existentes. A digitaliza\u00e7\u00e3o \u00e9 uma oportunidade real para construir planos de carreira personalizados para gestores de viagens, servi\u00e7os de viagens e fornecedores de solu\u00e7\u00f5es.<\/li><li>Construir o apelo tecnol\u00f3gico da ind\u00fastria ajudar\u00e1 a acelerar a mudan\u00e7a e apoiar\u00e1 a transi\u00e7\u00e3o para op\u00e7\u00f5es de viagens de neg\u00f3cios mais inteligentes e sustent\u00e1veis.<\/li><li>Projetar um local de trabalho digital para o futuro e pensar como um profissional de marketing digital, adotando as novas plataformas e canais de comunica\u00e7\u00e3o para atrair a pr\u00f3xima gera\u00e7\u00e3o.<\/li><\/ul>\n\n\n\n<p>Mais informa\u00e7\u00f5es podem ser ouvidas no Broadcast Studio. Chris Elmitt da LIVEVE Broadcasting fala com Coppens e Fergus sobre \u201c<a href=\"https:\/\/www.youtube.com\/watch?v=uFumhZjJbeA\">A grande ideia: viagens e a lei da atra\u00e7\u00e3o\u201d<\/a><\/p>\n\n\n\n<p>As conclus\u00f5es tamb\u00e9m ser\u00e3o divulgadas no <a href=\"https:\/\/gbta.org\/pt\/pata-gbta-summit\/\">APAC Travel Summit em Bangkok (8 a 9 de dezembro) <\/a>&nbsp;e em um podcast e outro webinar planejado para 2023.<\/p>\n\n\n\n<p><strong>Sobre a Global Business Travel Association<\/strong>&nbsp;<br>&nbsp;<br>A Global Business Travel Association (GBTA) \u00e9 a principal organiza\u00e7\u00e3o comercial de viagens de neg\u00f3cios e reuni\u00f5es do mundo, com sede na \u00e1rea de Washington, DC, com opera\u00e7\u00f5es em seis continentes. Os membros do GBTA gerenciam mais de $345 bilh\u00f5es de despesas globais com viagens e reuni\u00f5es de neg\u00f3cios anualmente. A GBTA oferece educa\u00e7\u00e3o, eventos, pesquisa, advocacia e m\u00eddia de classe mundial para uma rede global crescente de mais de 28.000 profissionais de viagens e 125.000 contatos ativos. Visita <a href=\"https:\/\/gbta.org\/pt\/\" target=\"_blank\" rel=\"noreferrer noopener\">www.gbta.org<\/a> Para maiores informa\u00e7\u00f5es.&nbsp;<\/p>\n\n\n\n<p><strong>INQU\u00c9RITOS DA M\u00cdDIA:<\/strong>&nbsp;<br>EMEA: Nikki Stimson, +44(0) 7764 618199, <a rel=\"noreferrer noopener\" href=\"mailto:nstimson@gbta.org\" target=\"_blank\">nstimson@gbta.org<\/a>\u202f\u202f\u202f&nbsp;<\/p>\n\n\n\n<p><a><strong>Sobre BCD Travel<br><\/strong><\/a>A BCD Travel ajuda as empresas a aproveitar ao m\u00e1ximo o que gastam em viagens. Oferecemos aos viajantes ferramentas inovadoras que os mant\u00eam seguros e produtivos e os ajudam a fazer boas escolhas na estrada. Fazemos parcerias com l\u00edderes de viagens e compras para simplificar as complexidades das viagens de neg\u00f3cios, gerar economia e satisfa\u00e7\u00e3o e levar empresas inteiras em dire\u00e7\u00e3o aos seus objetivos. Resumindo, ajudamos nossos clientes a viajar de maneira inteligente e a conseguir mais. <a>Fazemos isso acontecer em 106 pa\u00edses com uma taxa global de reten\u00e7\u00e3o de clientes de 97%, a mais alta do setor. <\/a>Para mais informa\u00e7\u00f5es visite <a href=\"https:\/\/www.bcdtravel.com\/\">www.bcdtravel.com<\/a>. &nbsp;<br><br><strong>Sobre o Grupo BCD<br><\/strong>O Grupo BCD \u00e9 l\u00edder de mercado na ind\u00fastria de viagens. A empresa privada foi fundada em 1975 por John Fentener van Vlissingen e consiste na BCD Travel (gest\u00e3o global de viagens corporativas e sua subsidi\u00e1ria BCD Meetings &amp; Events, ag\u00eancia global de reuni\u00f5es e eventos) e Park &#039;N Fly (estacionamento fora do aeroporto). Para mais informa\u00e7\u00f5es visite <a href=\"https:\/\/www.bcdgroup.com\/\">www.bcdgroup.com<\/a>. &nbsp;<\/p>\n\n\n\n<p><strong>Contatos de imprensa:<br><\/strong>Janneke Kraanen<br>Gerente de rela\u00e7\u00f5es p\u00fablicas e cria\u00e7\u00e3o de conte\u00fado<br><a href=\"mailto:janneke.kraanen@bcdtravel.nl\">janneke.kraanen@bcdtravel.nl<\/a><br>+31 20 204 8053<br><br>Antje Gasster<br>Diretor s\u00eanior, rela\u00e7\u00f5es p\u00fablicas e cria\u00e7\u00e3o de conte\u00fado<br><a href=\"mailto:antje.gasster@bcdtravel.de\">antje.gasster@bcdtravel.de<\/a><br>+49 30 40365 4288<br><br>BCD Travel Services BV<br>Europalaan 300, 3526 KS Utrecht<br>Os Pa\u00edses Baixos<br><br><\/p>","protected":false},"excerpt":{"rendered":"<p>The Big Idea relata as descobertas do setor Bruxelas (5 de dezembro de 2022) \u2013 Representantes de todas as \u00e1reas do ecossistema de viagens de neg\u00f3cios reuniram-se na Confer\u00eancia GBTA Europe em Bruxelas, em novembro, durante a sess\u00e3o The Big Idea, patrocinada pela BCD Travel. A gestora de viagens desenvolveu o tema da sess\u00e3o \u201cViagens e o Direito\u2026<\/p>","protected":false},"author":14,"featured_media":0,"comment_status":"closed","ping_status":"closed","sticky":false,"template":"","format":"standard","meta":{"_acf_changed":false,"_seopress_robots_primary_cat":"none","_seopress_titles_title":"","_seopress_titles_desc":"","_seopress_robots_index":"","om_disable_all_campaigns":false,"_relevanssi_hide_post":"","_relevanssi_hide_content":"","_relevanssi_pin_for_all":"","_relevanssi_pin_keywords":"","_relevanssi_unpin_keywords":"","_relevanssi_related_keywords":"","_relevanssi_related_include_ids":"","_relevanssi_related_exclude_ids":"","_relevanssi_related_no_append":"","_relevanssi_related_not_related":"","_relevanssi_related_posts":"1,415,661,662,664,666","_relevanssi_noindex_reason":"","_kad_blocks_custom_css":"","_kad_blocks_head_custom_js":"","_kad_blocks_body_custom_js":"","_kad_blocks_footer_custom_js":"","_kad_post_transparent":"","_kad_post_title":"","_kad_post_layout":"","_kad_post_sidebar_id":"","_kad_post_content_style":"","_kad_post_vertical_padding":"","_kad_post_feature":"","_kad_post_feature_position":"","_kad_post_header":false,"_kad_post_footer":false,"footnotes":"","_links_to":"","_links_to_target":""},"categories":[45],"tags":[],"class_list":["post-8233","post","type-post","status-publish","format-standard","hentry","category-news-and-press-releases"],"acf":[],"featured_image_src_large":false,"author_info":{"display_name":"","author_link":"https:\/\/gbta.org\/pt\/author\/"},"comment_info":"","category_info":[{"term_id":45,"name":"News and Press Releases","slug":"news-and-press-releases","term_group":0,"term_taxonomy_id":45,"taxonomy":"category","description":"","parent":0,"count":540,"filter":"raw","cat_ID":45,"category_count":540,"category_description":"","cat_name":"News and Press Releases","category_nicename":"news-and-press-releases","category_parent":0}],"tag_info":false,"taxonomy_info":{"category":[{"value":45,"label":"News and Press Releases"}]},"featured_image_src":null,"featured_image_src_square":null,"mfb_rest_fields":["featured_image_src_large","author_info","comment_info","category_info","tag_info","taxonomy_info","featured_image_src","featured_image_src_square"],"_links":{"self":[{"href":"https:\/\/gbta.org\/pt\/wp-json\/wp\/v2\/posts\/8233","targetHints":{"allow":["GET"]}}],"collection":[{"href":"https:\/\/gbta.org\/pt\/wp-json\/wp\/v2\/posts"}],"about":[{"href":"https:\/\/gbta.org\/pt\/wp-json\/wp\/v2\/types\/post"}],"author":[{"embeddable":true,"href":"https:\/\/gbta.org\/pt\/wp-json\/wp\/v2\/users\/14"}],"replies":[{"embeddable":true,"href":"https:\/\/gbta.org\/pt\/wp-json\/wp\/v2\/comments?post=8233"}],"version-history":[{"count":0,"href":"https:\/\/gbta.org\/pt\/wp-json\/wp\/v2\/posts\/8233\/revisions"}],"wp:attachment":[{"href":"https:\/\/gbta.org\/pt\/wp-json\/wp\/v2\/media?parent=8233"}],"wp:term":[{"taxonomy":"category","embeddable":true,"href":"https:\/\/gbta.org\/pt\/wp-json\/wp\/v2\/categories?post=8233"},{"taxonomy":"post_tag","embeddable":true,"href":"https:\/\/gbta.org\/pt\/wp-json\/wp\/v2\/tags?post=8233"}],"curies":[{"name":"wp","href":"https:\/\/api.w.org\/{rel}","templated":true}]}}