{"id":885,"date":"2022-07-20T09:37:45","date_gmt":"2022-07-20T13:37:45","guid":{"rendered":"https:\/\/gbta.org\/gbta-pleased-iata-hit-the-pause-button-on-proposal-to-reduce-carry-on-baggage-dimensions-by-20-percent\/"},"modified":"2022-08-11T11:33:07","modified_gmt":"2022-08-11T15:33:07","slug":"gbta-pleased-iata-hit-the-pause-button-on-proposal-to-reduce-carry-on-baggage-dimensions-by-20-percent","status":"publish","type":"post","link":"https:\/\/gbta.org\/pt\/gbta-pleased-iata-hit-the-pause-button-on-proposal-to-reduce-carry-on-baggage-dimensions-by-20-percent\/","title":{"rendered":"GBTA agradou a IATA \u201cAperte o bot\u00e3o de pausa\u201d na proposta para reduzir as dimens\u00f5es da bagagem de m\u00e3o em 20 por cento"},"content":{"rendered":"<p>Como muitos de voc\u00eas ouviram ontem, o\u00a0<a title=\"IATA\" href=\"http:\/\/www.iata.org\/Pages\/default.aspx\" target=\"_blank\" rel=\"noopener\">Associa\u00e7\u00e3o Internacional de Transporte A\u00e9reo<\/a> (IATA), uma associa\u00e7\u00e3o do setor a\u00e9reo, <a title=\"Artigo do Guardi\u00e3o\" href=\"http:\/\/www.theguardian.com\/world\/2015\/jun\/18\/airline-group-scraps-plan-to-reduce-size-of-carry-on-luggage-after-backlash\" target=\"_blank\" rel=\"noopener\">suspendeu sua recomenda\u00e7\u00e3o de que os tamanhos padr\u00e3o de bagagem de m\u00e3o fossem reduzidos<\/a> para dimens\u00f5es cerca de 20% menores do que a maioria das grandes companhias a\u00e9reas permite atualmente \u2013 at\u00e9 22 polegadas de altura, 13 1\/2 polegadas de largura e 7 1\/2 polegadas de profundidade. A GBTA emitiu a seguinte declara\u00e7\u00e3o em resposta:<em>\u00a0\u00a0<\/em><\/p>\n<p>\u201cA GBTA est\u00e1 satisfeita por a IATA ter apertado o bot\u00e3o de pausa na sua recomenda\u00e7\u00e3o de reduzir as dimens\u00f5es da bagagem de m\u00e3o em 20 por cento. Esta \u00e9 claramente a decis\u00e3o certa. Esta proposta, se adoptada pelas transportadoras a\u00e9reas, aumentaria os custos e representaria dores de cabe\u00e7a para os viajantes de neg\u00f3cios que pretendem evitar os atrasos e o tempo perdido associados ao despacho de bagagem.<\/p>\n<p>GBTA tamb\u00e9m elogia <a title=\"CNN\" href=\"http:\/\/www.cnn.com\/2015\/06\/14\/travel\/new-carry-on-proposal-roller-bags-feat\/\" target=\"_blank\" rel=\"noopener\">Senador Chuck Schumer, de Nova York, por defender viajantes de neg\u00f3cios<\/a>. Nos pr\u00f3ximos dias e semanas, a GBTA far\u00e1 uma pesquisa com seus membros sobre esta quest\u00e3o e fornecer\u00e1 feedback \u00e0 IATA e ao senador Schumer.\u201d<\/p>","protected":false},"excerpt":{"rendered":"<p>Como muitos de voc\u00eas ouviram, ontem, a Associa\u00e7\u00e3o Internacional de Transporte A\u00e9reo (IATA), uma associa\u00e7\u00e3o do setor de companhias a\u00e9reas, suspendeu sua recomenda\u00e7\u00e3o de que os tamanhos padr\u00e3o de bagagem de m\u00e3o fossem reduzidos para dimens\u00f5es cerca de 20% menores do que a maioria das grandes companhias a\u00e9reas atualmente permitem. - a 22 polegadas de altura, 13 1\/2 polegadas de largura e 7 1\/2 polegadas de profundidade\u2026.<\/p>","protected":false},"author":25,"featured_media":780,"comment_status":"open","ping_status":"open","sticky":false,"template":"","format":"standard","meta":{"_acf_changed":false,"_seopress_robots_primary_cat":"","_seopress_titles_title":"","_seopress_titles_desc":"","_seopress_robots_index":"","om_disable_all_campaigns":false,"_relevanssi_hide_post":"","_relevanssi_hide_content":"","_relevanssi_pin_for_all":"","_relevanssi_pin_keywords":"","_relevanssi_unpin_keywords":"","_relevanssi_related_keywords":"","_relevanssi_related_include_ids":"","_relevanssi_related_exclude_ids":"","_relevanssi_related_no_append":"","_relevanssi_related_not_related":"","_relevanssi_related_posts":"","_relevanssi_noindex_reason":"","_kad_blocks_custom_css":"","_kad_blocks_head_custom_js":"","_kad_blocks_body_custom_js":"","_kad_blocks_footer_custom_js":"","_kad_post_transparent":"","_kad_post_title":"","_kad_post_layout":"","_kad_post_sidebar_id":"","_kad_post_content_style":"","_kad_post_vertical_padding":"","_kad_post_feature":"","_kad_post_feature_position":"","_kad_post_header":false,"_kad_post_footer":false,"footnotes":"","_links_to":"","_links_to_target":""},"categories":[114,37],"tags":[264,415,416,417,418,419,420],"class_list":["post-885","post","type-post","status-publish","format-standard","has-post-thumbnail","hentry","category-airlines-and-aviation","category-research-and-travel-trends","tag-airlines","tag-baggage","tag-carry-on-bags","tag-carry-ons","tag-checked-baggage","tag-iata","tag-schumer"],"acf":[],"featured_image_src_large":["https:\/\/gbta.org\/wp-content\/uploads\/airplane-1.jpg",640,425,false],"author_info":{"display_name":"jcampbell","author_link":"https:\/\/gbta.org\/pt\/author\/jcampbell\/"},"comment_info":"","category_info":[{"term_id":114,"name":"Airlines and Aviation","slug":"airlines-and-aviation","term_group":0,"term_taxonomy_id":114,"taxonomy":"category","description":"","parent":0,"count":355,"filter":"raw","cat_ID":114,"category_count":355,"category_description":"","cat_name":"Airlines and Aviation","category_nicename":"airlines-and-aviation","category_parent":0},{"term_id":37,"name":"Research and Travel Trends","slug":"research-and-travel-trends","term_group":0,"term_taxonomy_id":37,"taxonomy":"category","description":"","parent":0,"count":966,"filter":"raw","cat_ID":37,"category_count":966,"category_description":"","cat_name":"Research and Travel Trends","category_nicename":"research-and-travel-trends","category_parent":0}],"tag_info":[{"term_id":264,"name":"airlines","slug":"airlines","term_group":0,"term_taxonomy_id":264,"taxonomy":"post_tag","description":"","parent":0,"count":35,"filter":"raw"},{"term_id":415,"name":"baggage","slug":"baggage","term_group":0,"term_taxonomy_id":415,"taxonomy":"post_tag","description":"","parent":0,"count":4,"filter":"raw"},{"term_id":416,"name":"carry-on bags","slug":"carry-on-bags","term_group":0,"term_taxonomy_id":416,"taxonomy":"post_tag","description":"","parent":0,"count":1,"filter":"raw"},{"term_id":417,"name":"carry-ons","slug":"carry-ons","term_group":0,"term_taxonomy_id":417,"taxonomy":"post_tag","description":"","parent":0,"count":1,"filter":"raw"},{"term_id":418,"name":"checked baggage","slug":"checked-baggage","term_group":0,"term_taxonomy_id":418,"taxonomy":"post_tag","description":"","parent":0,"count":2,"filter":"raw"},{"term_id":419,"name":"IATA","slug":"iata","term_group":0,"term_taxonomy_id":419,"taxonomy":"post_tag","description":"","parent":0,"count":6,"filter":"raw"},{"term_id":420,"name":"Schumer","slug":"schumer","term_group":0,"term_taxonomy_id":420,"taxonomy":"post_tag","description":"","parent":0,"count":2,"filter":"raw"}],"taxonomy_info":{"category":[{"value":114,"label":"Airlines and Aviation"},{"value":37,"label":"Research and Travel Trends"}],"post_tag":[{"value":264,"label":"airlines"},{"value":415,"label":"baggage"},{"value":416,"label":"carry-on bags"},{"value":417,"label":"carry-ons"},{"value":418,"label":"checked baggage"},{"value":419,"label":"IATA"},{"value":420,"label":"Schumer"}]},"featured_image_src":"https:\/\/gbta.org\/wp-content\/uploads\/airplane-1.jpg","featured_image_src_square":"https:\/\/gbta.org\/wp-content\/uploads\/airplane-1.jpg","mfb_rest_fields":["featured_image_src_large","author_info","comment_info","category_info","tag_info","taxonomy_info","featured_image_src","featured_image_src_square"],"_links":{"self":[{"href":"https:\/\/gbta.org\/pt\/wp-json\/wp\/v2\/posts\/885","targetHints":{"allow":["GET"]}}],"collection":[{"href":"https:\/\/gbta.org\/pt\/wp-json\/wp\/v2\/posts"}],"about":[{"href":"https:\/\/gbta.org\/pt\/wp-json\/wp\/v2\/types\/post"}],"author":[{"embeddable":true,"href":"https:\/\/gbta.org\/pt\/wp-json\/wp\/v2\/users\/25"}],"replies":[{"embeddable":true,"href":"https:\/\/gbta.org\/pt\/wp-json\/wp\/v2\/comments?post=885"}],"version-history":[{"count":0,"href":"https:\/\/gbta.org\/pt\/wp-json\/wp\/v2\/posts\/885\/revisions"}],"wp:featuredmedia":[{"embeddable":true,"href":"https:\/\/gbta.org\/pt\/wp-json\/wp\/v2\/media\/780"}],"wp:attachment":[{"href":"https:\/\/gbta.org\/pt\/wp-json\/wp\/v2\/media?parent=885"}],"wp:term":[{"taxonomy":"category","embeddable":true,"href":"https:\/\/gbta.org\/pt\/wp-json\/wp\/v2\/categories?post=885"},{"taxonomy":"post_tag","embeddable":true,"href":"https:\/\/gbta.org\/pt\/wp-json\/wp\/v2\/tags?post=885"}],"curies":[{"name":"wp","href":"https:\/\/api.w.org\/{rel}","templated":true}]}}