{"id":9195,"date":"2023-02-15T07:00:00","date_gmt":"2023-02-15T12:00:00","guid":{"rendered":"https:\/\/gbta.org\/?p=9195"},"modified":"2024-03-01T11:54:39","modified_gmt":"2024-03-01T16:54:39","slug":"gbta-winit-elects-new-advisory-leaders-launches-international-womens-day-event","status":"publish","type":"post","link":"https:\/\/gbta.org\/pt\/gbta-winit-elects-new-advisory-leaders-launches-international-womens-day-event\/","title":{"rendered":"<strong>GBTA WINiT elege novos l\u00edderes consultivos e lan\u00e7a evento do Dia Internacional da Mulher<\/strong>&nbsp;"},"content":{"rendered":"<p><a href=\"https:\/\/www.internationalwomensday.com\/\" target=\"_blank\" rel=\"noreferrer noopener\">Dia Internacional da Mulher<\/a>em 8 de mar\u00e7o \u00e9 um \u201cdia global que celebra as conquistas sociais, econ\u00f4micas, culturais e pol\u00edticas das mulheres. O dia tamb\u00e9m marca um apelo \u00e0 a\u00e7\u00e3o para acelerar a igualdade das mulheres.\u201d Marque em sua agenda para ingressar no GBTA WINiT para um evento virtual ao vivo: \u201c<strong>Comemorando nossas vozes no Dia Internacional da Mulher. Um dia para #EbraceEquity\u201d<\/strong> (<a href=\"https:\/\/gbta.org\/pt\/event\/celebrating-our-voices-on-international-womens-day-a-day-to-embraceequity\/\" target=\"_blank\" rel=\"noreferrer noopener\">Registre-se aqui<\/a>)&nbsp;<br>&nbsp;<br>O evento WINiT \u00e9 gratuito e aberto a todos. Junte-se a esta celebra\u00e7\u00e3o das vozes e realiza\u00e7\u00f5es das mulheres como parte deste envolvimento mundial e ac\u00e7\u00e3o colectiva na promo\u00e7\u00e3o da igualdade das mulheres. &nbsp;<br>&nbsp;<br>GBTA WINiT tamb\u00e9m d\u00e1 as boas-vindas a dois novos l\u00edderes eleitos da ind\u00fastria em seu Conselho Consultivo Estrat\u00e9gico: <strong>Patr\u00edcia Huska<\/strong>, Diretor de Pessoal da American Express GBT e <strong>Laura Smith<\/strong>, vice-presidente executivo de vendas globais e experi\u00eancia do cliente na Hertz Corporation.&nbsp;<br>&nbsp;<br>Tanto Patricia quanto Laura fizeram parte do Conselho Consultivo do WINiT e foram l\u00edderes ativas do comit\u00ea. Eles compartilhar\u00e3o a posi\u00e7\u00e3o ocupada recentemente por Beth Kinerk, que deixa o cargo para se concentrar em sua nova fun\u00e7\u00e3o de Vice-Presidente do Conselho de Lideran\u00e7a Aliada da GBTA. &nbsp;<br>&nbsp;<br>Como GBTA <a href=\"https:\/\/gbtafoundation.org\/winit\/\" target=\"_blank\" rel=\"noreferrer noopener\">WINiT<\/a> move-se para o <a href=\"https:\/\/gbtafoundation.org\/\" target=\"_blank\" rel=\"noreferrer noopener\">Funda\u00e7\u00e3o GBTA<\/a> como um programa na sua miss\u00e3o \u201cPessoas e Planeta\u201d, os l\u00edderes do WINiT est\u00e3o empenhados em acelerar o avan\u00e7o para todas as mulheres e em estabelecer as bases para um local de trabalho diversificado, equitativo e inclusivo, continuando a progredir em dire\u00e7\u00e3o \u00e0 igualdade de g\u00e9nero na ind\u00fastria de viagens de neg\u00f3cios .&nbsp; &nbsp;<br>&nbsp;<br>Beth Kinerk disse: \u201c\u00c0 minha fam\u00edlia WINiT, obrigada por me permitir servir como seu vice-presidente. Embora eu esteja deixando o cargo de Vice-Presidente do WINiT para me concentrar em minha nova fun\u00e7\u00e3o como Vice-Presidente do Conselho de Lideran\u00e7a Aliada (ALC), continuarei meu compromisso servindo no Conselho Consultivo do WINiT. A minha defesa e paix\u00e3o pela nossa causa colectiva de consciencializa\u00e7\u00e3o e inclus\u00e3o continuam mais fortes do que nunca.&nbsp;<br>&nbsp;<br>Quero agradecer a Mick Lee e Dorothy Dowling por me proporcionarem o privil\u00e9gio de servir como vice-presidente. Sua inspira\u00e7\u00e3o e amizade \u00e9 algo que sempre prezo. Tamb\u00e9m quero agradecer a Laura Smith e Patty Huska por assumirem a responsabilidade de liderar e fazer crescer o WINiT. Estamos em m\u00e3os excelentes e capazes com voc\u00eas dois.\u201d&nbsp;&nbsp;<\/p>\n\n\n\n<p>Michelle \u201cMick\u201d Lee disse: \u201cEm agosto de 2022, avisei ao conselho da WINiT que era importante iniciarmos o processo de planejamento de sucess\u00e3o em toda a equipe de lideran\u00e7a da WINiT. &nbsp;<br>&nbsp;<br>Beth tem apoiado, defensora e conselheira do WINiT desde 2015. Estou extremamente grata pelo impacto que ela teve na organiza\u00e7\u00e3o e em mim pessoalmente, e \u00e9 maravilhoso que possamos nos beneficiar de sua presen\u00e7a cont\u00ednua no Quadro.&nbsp;<\/p>\n\n\n\n<p>A recente nomea\u00e7\u00e3o de Beth para o ALC proporcionou a oportunidade para que dois de nossos membros seniores e comprovados do conselho fossem nomeados para fun\u00e7\u00f5es de co-vice-presidente \u2013 Laura e Patti. Acredito que eles ser\u00e3o parceiros excepcionais e Dorothy Dowling, nossa Conselheira S\u00eanior, e estou ansioso para trabalhar com eles. Esta nova estrutura ir\u00e1 garantir uma transi\u00e7\u00e3o suave e, em \u00faltima an\u00e1lise, a evolu\u00e7\u00e3o cont\u00ednua da lideran\u00e7a do WINiT.\u201d&nbsp;<\/p>","protected":false},"excerpt":{"rendered":"<p>O Dia Internacional da Mulher, 8 de mar\u00e7o, \u00e9 um \u201cdia global que celebra as conquistas sociais, econ\u00f3micas, culturais e pol\u00edticas das mulheres. O dia tamb\u00e9m marca um apelo \u00e0 a\u00e7\u00e3o para acelerar a igualdade das mulheres.\u201d Marque em sua agenda para se juntar ao GBTA WINiT para um evento virtual ao vivo: \u201cCelebrando nossas vozes no Dia Internacional da Mulher. Um dia para #EmbraceEquity\u201d (inscreva-se\u2026<\/p>","protected":false},"author":14,"featured_media":0,"comment_status":"closed","ping_status":"closed","sticky":false,"template":"","format":"standard","meta":{"_acf_changed":false,"_seopress_robots_primary_cat":"none","_seopress_titles_title":"","_seopress_titles_desc":"","_seopress_robots_index":"","om_disable_all_campaigns":false,"_relevanssi_hide_post":"","_relevanssi_hide_content":"","_relevanssi_pin_for_all":"","_relevanssi_pin_keywords":"","_relevanssi_unpin_keywords":"","_relevanssi_related_keywords":"","_relevanssi_related_include_ids":"","_relevanssi_related_exclude_ids":"","_relevanssi_related_no_append":"","_relevanssi_related_not_related":"","_relevanssi_related_posts":"1,415,662,664,666,667","_relevanssi_noindex_reason":"","_kad_blocks_custom_css":"","_kad_blocks_head_custom_js":"","_kad_blocks_body_custom_js":"","_kad_blocks_footer_custom_js":"","_kad_post_transparent":"","_kad_post_title":"","_kad_post_layout":"","_kad_post_sidebar_id":"","_kad_post_content_style":"","_kad_post_vertical_padding":"","_kad_post_feature":"","_kad_post_feature_position":"","_kad_post_header":false,"_kad_post_footer":false,"footnotes":"","_links_to":"","_links_to_target":""},"categories":[1401,1516,1152,1439],"tags":[],"class_list":["post-9195","post","type-post","status-publish","format-standard","hentry","category-diversity-equity-inclusion","category-foundation","category-meetings-and-events","category-winit"],"acf":[],"featured_image_src_large":false,"author_info":{"display_name":"","author_link":"https:\/\/gbta.org\/pt\/author\/"},"comment_info":"","category_info":[{"term_id":1401,"name":"Diversity, Equity &amp; Inclusion","slug":"diversity-equity-inclusion","term_group":0,"term_taxonomy_id":1401,"taxonomy":"category","description":"","parent":0,"count":40,"filter":"raw","cat_ID":1401,"category_count":40,"category_description":"","cat_name":"Diversity, Equity &amp; Inclusion","category_nicename":"diversity-equity-inclusion","category_parent":0},{"term_id":1516,"name":"Foundation","slug":"foundation","term_group":0,"term_taxonomy_id":1516,"taxonomy":"category","description":"","parent":0,"count":52,"filter":"raw","cat_ID":1516,"category_count":52,"category_description":"","cat_name":"Foundation","category_nicename":"foundation","category_parent":0},{"term_id":1152,"name":"Meetings and Events","slug":"meetings-and-events","term_group":0,"term_taxonomy_id":1152,"taxonomy":"category","description":"","parent":0,"count":56,"filter":"raw","cat_ID":1152,"category_count":56,"category_description":"","cat_name":"Meetings and Events","category_nicename":"meetings-and-events","category_parent":0},{"term_id":1439,"name":"WINiT","slug":"winit","term_group":0,"term_taxonomy_id":1439,"taxonomy":"category","description":"","parent":0,"count":26,"filter":"raw","cat_ID":1439,"category_count":26,"category_description":"","cat_name":"WINiT","category_nicename":"winit","category_parent":0}],"tag_info":false,"taxonomy_info":{"category":[{"value":1401,"label":"Diversity, Equity &amp; Inclusion"},{"value":1516,"label":"Foundation"},{"value":1152,"label":"Meetings and Events"},{"value":1439,"label":"WINiT"}]},"featured_image_src":null,"featured_image_src_square":null,"mfb_rest_fields":["featured_image_src_large","author_info","comment_info","category_info","tag_info","taxonomy_info","featured_image_src","featured_image_src_square"],"_links":{"self":[{"href":"https:\/\/gbta.org\/pt\/wp-json\/wp\/v2\/posts\/9195","targetHints":{"allow":["GET"]}}],"collection":[{"href":"https:\/\/gbta.org\/pt\/wp-json\/wp\/v2\/posts"}],"about":[{"href":"https:\/\/gbta.org\/pt\/wp-json\/wp\/v2\/types\/post"}],"author":[{"embeddable":true,"href":"https:\/\/gbta.org\/pt\/wp-json\/wp\/v2\/users\/14"}],"replies":[{"embeddable":true,"href":"https:\/\/gbta.org\/pt\/wp-json\/wp\/v2\/comments?post=9195"}],"version-history":[{"count":0,"href":"https:\/\/gbta.org\/pt\/wp-json\/wp\/v2\/posts\/9195\/revisions"}],"wp:attachment":[{"href":"https:\/\/gbta.org\/pt\/wp-json\/wp\/v2\/media?parent=9195"}],"wp:term":[{"taxonomy":"category","embeddable":true,"href":"https:\/\/gbta.org\/pt\/wp-json\/wp\/v2\/categories?post=9195"},{"taxonomy":"post_tag","embeddable":true,"href":"https:\/\/gbta.org\/pt\/wp-json\/wp\/v2\/tags?post=9195"}],"curies":[{"name":"wp","href":"https:\/\/api.w.org\/{rel}","templated":true}]}}