{"id":9246,"date":"2023-02-21T01:29:42","date_gmt":"2023-02-21T06:29:42","guid":{"rendered":"https:\/\/gbta.org\/?p=9246"},"modified":"2023-03-22T10:50:58","modified_gmt":"2023-03-22T14:50:58","slug":"advocacys-critical-role-in-driving-the-advancement-of-business-travel","status":"publish","type":"post","link":"https:\/\/gbta.org\/pt\/advocacys-critical-role-in-driving-the-advancement-of-business-travel\/","title":{"rendered":"O papel cr\u00edtico da advocacia na promo\u00e7\u00e3o do avan\u00e7o das viagens de neg\u00f3cios"},"content":{"rendered":"<p>Quando se trata da defesa da GBTA em rela\u00e7\u00e3o \u00e0s viagens de neg\u00f3cios globais, \u00e9 uma miss\u00e3o que dura o ano todo. Em 2022, as iniciativas da GBTA variaram desde a defesa do levantamento das restri\u00e7\u00f5es fronteiri\u00e7as e dos protocolos de testes \u00e0 medida que a pandemia estabilizou, \u00e0 expans\u00e3o da produ\u00e7\u00e3o sustent\u00e1vel de combust\u00edvel de avia\u00e7\u00e3o (SAF), ao avan\u00e7o de disposi\u00e7\u00f5es cr\u00edticas sobre or\u00e7amento e recursos em projetos de lei. Nossos esfor\u00e7os foram direcionados para melhorar as viagens de neg\u00f3cios, mas tamb\u00e9m para melhorar a experi\u00eancia de viagem para todos.\u00a0<\/p>\n\n\n\n<p>Em 2023, continuaremos a dar prioridade \u00e0 a\u00e7\u00e3o clim\u00e1tica, a uma infraestrutura robusta e \u00e0 circula\u00e7\u00e3o segura e eficiente dos viajantes. No \u00e2mbito da nossa estrat\u00e9gia global, a GBTA defende a n\u00edvel regional quest\u00f5es priorizadas pela comunidade local de viagens de neg\u00f3cios. Para ajudar nos nossos esfor\u00e7os, trabalhamos com parceiros de assuntos governamentais, a Grayling Public Affairs, com sede em Bruxelas, a Invictus em Ottawa e a Cornerstone em Washington, DC. A GBTA tamb\u00e9m monitoriza ativamente quest\u00f5es em todo o mundo, incluindo a \u00c1sia, o Reino Unido e a Am\u00e9rica Latina, mas n\u00f3s preciso que voc\u00ea seja nossos olhos e ouvidos. \u00a0<\/p>\n\n\n<div class=\"wp-block-image\">\n<figure class=\"aligncenter size-large is-resized\"><img loading=\"lazy\" decoding=\"async\" src=\"https:\/\/gbta.org\/wp-content\/uploads\/Advocacy-Focus-Areas-chart-1-1024x603.jpg\" alt=\"advocacy focus areas chart 1\" class=\"wp-image-9250\" width=\"768\" height=\"452\" srcset=\"https:\/\/gbta.org\/wp-content\/uploads\/Advocacy-Focus-Areas-chart-1-1024x603.jpg 1024w, https:\/\/gbta.org\/wp-content\/uploads\/Advocacy-Focus-Areas-chart-1-300x177.jpg 300w, https:\/\/gbta.org\/wp-content\/uploads\/Advocacy-Focus-Areas-chart-1-768x452.jpg 768w, https:\/\/gbta.org\/wp-content\/uploads\/Advocacy-Focus-Areas-chart-1-18x12.jpg 18w, https:\/\/gbta.org\/wp-content\/uploads\/Advocacy-Focus-Areas-chart-1.jpg 1119w\" sizes=\"auto, (max-width: 768px) 100vw, 768px\" \/><\/figure><\/div>\n\n\n<p>Para que a GBTA seja a verdadeira voz das viagens de neg\u00f3cios, precisamos do seu apoio. Promover a import\u00e2ncia das reuni\u00f5es presenciais tamb\u00e9m \u00e9 um pilar importante da nossa estrat\u00e9gia de defesa de direitos. Como especialistas no assunto de viagens de neg\u00f3cios, os legisladores precisam ouvir voc\u00ea diretamente. Entre em contato com Shane Downey do GBTA (<a rel=\"noreferrer noopener\" href=\"mailto:sdowney@gbta.org\" target=\"_blank\">sdowney@gbta.org<\/a>) se voc\u00ea quiser compartilhar seus insights ou saber de problemas onde o GBTA pode ajudar. \u00a0<\/p>\n\n\n\n<p>Em Mar\u00e7o, a GBTA estar\u00e1 em Bruxelas reunindo-se com decisores pol\u00edticos e membros para partilhar os nossos pontos de vista sobre um quadro para a contagem de emiss\u00f5es de gases com efeito de estufa, juntamente com a capacidade ferrovi\u00e1ria, viagens a\u00e9reas e melhorias para reservas multimodais. Em maio em nosso <a rel=\"noreferrer noopener\" href=\"https:\/\/gbta.org\/pt\/event\/gbta-canada-conference-2023-toronto\/\" target=\"_blank\">Confer\u00eancia de Toronto<\/a>, a GBTA Canad\u00e1 continuar\u00e1 sua iniciativa de 2022 de sediar reuni\u00f5es das principais partes interessadas com funcion\u00e1rios canadenses e autoridades eleitas sobre os principais t\u00f3picos da GBTA. \u00a0<\/p>\n\n\n\n<p>De 13 a 15 de junho em Washington DC, o evento anual da GBTA <a rel=\"noreferrer noopener\" href=\"https:\/\/gbta.org\/pt\/event\/gbta-legislative-summit-2023\/\" target=\"_blank\">C\u00fapula Legislativa<\/a> acontece em. Os volunt\u00e1rios altamente engajados dos EUA <a rel=\"noreferrer noopener\" href=\"https:\/\/gbta.org\/pt\/professional-development\/content-collaborate\/gbta-committees\/government-relations-committee\/\" target=\"_blank\">Comit\u00ea de Assuntos Governamentais<\/a> ajudar a definir a agenda da GBTA nos EUA, aconselhando sobre os desafios enfrentados. E aguarde mais detalhes sobre o Desafio do Cap\u00edtulo dos EUA, que aumenta o perfil das viagens de neg\u00f3cios e da defesa popular de quest\u00f5es no n\u00edvel do Distrito Congressional.\u00a0<\/p>\n\n\n\n<p>No dia 13 de junho a GBTA tamb\u00e9m realizar\u00e1 seu segundo evento GBTA <a rel=\"noreferrer noopener\" href=\"https:\/\/gbta.org\/pt\/event\/gbta-sustainability-in-business-travel-summit\/\" target=\"_blank\">C\u00fapula de Sustentabilidade<\/a> em Washington, DC Realizado em Bruxelas no ano passado, este evento de alto n\u00edvel, com a dura\u00e7\u00e3o de um dia, re\u00fane especialistas, l\u00edderes da ind\u00fastria e pol\u00edticos para delinear a\u00e7\u00f5es tang\u00edveis para a gest\u00e3o do impacto ambiental das viagens de neg\u00f3cios. Este ano, os eventos da Cimeira Legislativa e de Sustentabilidade ser\u00e3o realizados na mesma cidade, por defini\u00e7\u00e3o, para proporcionar viagens altamente produtivas e multifuncionais. A inscri\u00e7\u00e3o \u00e9 agora <a rel=\"noreferrer noopener\" href=\"https:\/\/gbta.org\/pt\/gbta-sustainability-summit-building-a-greener-future-for-business-travel-june-2023\/\" target=\"_blank\">abrir<\/a> para ambos, ent\u00e3o n\u00e3o perca.\u00a0<br>\u00a0<br>Suzanne\u00a0<\/p>","protected":false},"excerpt":{"rendered":"<p>Quando se trata da defesa da GBTA em rela\u00e7\u00e3o \u00e0s viagens de neg\u00f3cios globais, \u00e9 uma miss\u00e3o que dura o ano todo. Em 2022, as iniciativas da GBTA variaram desde a defesa do levantamento das restri\u00e7\u00f5es fronteiri\u00e7as e dos protocolos de testes \u00e0 medida que a pandemia estabilizou, \u00e0 expans\u00e3o da produ\u00e7\u00e3o sustent\u00e1vel de combust\u00edvel de avia\u00e7\u00e3o (SAF), ao avan\u00e7o de disposi\u00e7\u00f5es cr\u00edticas sobre or\u00e7amento e recursos em projetos de lei. Nossos esfor\u00e7os foram voltados para\u2026<\/p>","protected":false},"author":14,"featured_media":0,"comment_status":"closed","ping_status":"closed","sticky":false,"template":"","format":"standard","meta":{"_acf_changed":false,"_seopress_robots_primary_cat":"none","_seopress_titles_title":"","_seopress_titles_desc":"","_seopress_robots_index":"","om_disable_all_campaigns":false,"_relevanssi_hide_post":"","_relevanssi_hide_content":"","_relevanssi_pin_for_all":"","_relevanssi_pin_keywords":"","_relevanssi_unpin_keywords":"","_relevanssi_related_keywords":"","_relevanssi_related_include_ids":"","_relevanssi_related_exclude_ids":"","_relevanssi_related_no_append":"","_relevanssi_related_not_related":"","_relevanssi_related_posts":"1,415,662,664,666,667","_relevanssi_noindex_reason":"","_kad_blocks_custom_css":"","_kad_blocks_head_custom_js":"","_kad_blocks_body_custom_js":"","_kad_blocks_footer_custom_js":"","_kad_post_transparent":"","_kad_post_title":"","_kad_post_layout":"","_kad_post_sidebar_id":"","_kad_post_content_style":"","_kad_post_vertical_padding":"","_kad_post_feature":"","_kad_post_feature_position":"","_kad_post_header":false,"_kad_post_footer":false,"footnotes":"","_links_to":"","_links_to_target":""},"categories":[1490],"tags":[],"class_list":["post-9246","post","type-post","status-publish","format-standard","hentry","category-check-in-with-suzanne"],"acf":[],"featured_image_src_large":false,"author_info":{"display_name":"","author_link":"https:\/\/gbta.org\/pt\/author\/"},"comment_info":"","category_info":[{"term_id":1490,"name":"Check-in with Suzanne","slug":"check-in-with-suzanne","term_group":0,"term_taxonomy_id":1490,"taxonomy":"category","description":"","parent":0,"count":5,"filter":"raw","cat_ID":1490,"category_count":5,"category_description":"","cat_name":"Check-in with Suzanne","category_nicename":"check-in-with-suzanne","category_parent":0}],"tag_info":false,"taxonomy_info":{"category":[{"value":1490,"label":"Check-in with Suzanne"}]},"featured_image_src":null,"featured_image_src_square":null,"mfb_rest_fields":["featured_image_src_large","author_info","comment_info","category_info","tag_info","taxonomy_info","featured_image_src","featured_image_src_square"],"_links":{"self":[{"href":"https:\/\/gbta.org\/pt\/wp-json\/wp\/v2\/posts\/9246","targetHints":{"allow":["GET"]}}],"collection":[{"href":"https:\/\/gbta.org\/pt\/wp-json\/wp\/v2\/posts"}],"about":[{"href":"https:\/\/gbta.org\/pt\/wp-json\/wp\/v2\/types\/post"}],"author":[{"embeddable":true,"href":"https:\/\/gbta.org\/pt\/wp-json\/wp\/v2\/users\/14"}],"replies":[{"embeddable":true,"href":"https:\/\/gbta.org\/pt\/wp-json\/wp\/v2\/comments?post=9246"}],"version-history":[{"count":0,"href":"https:\/\/gbta.org\/pt\/wp-json\/wp\/v2\/posts\/9246\/revisions"}],"wp:attachment":[{"href":"https:\/\/gbta.org\/pt\/wp-json\/wp\/v2\/media?parent=9246"}],"wp:term":[{"taxonomy":"category","embeddable":true,"href":"https:\/\/gbta.org\/pt\/wp-json\/wp\/v2\/categories?post=9246"},{"taxonomy":"post_tag","embeddable":true,"href":"https:\/\/gbta.org\/pt\/wp-json\/wp\/v2\/tags?post=9246"}],"curies":[{"name":"wp","href":"https:\/\/api.w.org\/{rel}","templated":true}]}}