{"id":9446,"date":"2023-03-08T03:40:05","date_gmt":"2023-03-08T08:40:05","guid":{"rendered":"https:\/\/gbta.org\/?p=9446"},"modified":"2023-03-08T03:40:11","modified_gmt":"2023-03-08T08:40:11","slug":"on-the-road-to-connect-learn-and-be-inspired","status":"publish","type":"post","link":"https:\/\/gbta.org\/pt\/on-the-road-to-connect-learn-and-be-inspired\/","title":{"rendered":"Na estrada para se conectar, aprender e se inspirar"},"content":{"rendered":"<div class=\"wp-block-image\">\n<figure class=\"alignleft size-full\"><img loading=\"lazy\" decoding=\"async\" width=\"480\" height=\"368\" src=\"https:\/\/gbta.org\/wp-content\/uploads\/suzzane-check-in.jpg\" alt=\"suzzane check in\" class=\"wp-image-9449\" srcset=\"https:\/\/gbta.org\/wp-content\/uploads\/suzzane-check-in.jpg 480w, https:\/\/gbta.org\/wp-content\/uploads\/suzzane-check-in-300x230.jpg 300w, https:\/\/gbta.org\/wp-content\/uploads\/suzzane-check-in-16x12.jpg 16w\" sizes=\"auto, (max-width: 480px) 100vw, 480px\" \/><\/figure><\/div>\n\n\n<p>Viajar a neg\u00f3cios tem tudo a ver com conex\u00e3o \u2013 e este \u00e9 um m\u00eas de maratona para mim em nome da GBTA e de nossos constituintes. Comecei a semana passada em Marbella, Espanha, com uma apresenta\u00e7\u00e3o no Lufthansa City Center General <a rel=\"noreferrer noopener\" href=\"https:\/\/lufthansa-city-center.com\/en\/press-release\/lufthansa-city-centers-annual-meeting-invites-450-participants-to-marbella\/\" target=\"_blank\">Conjunto<\/a>, marcando a primeira confer\u00eancia anual internacional presencial da LCC em 40 meses. Foi estimulante estar presente e compartilhar os insights da GBTA sobre o crescimento sustent\u00e1vel da ind\u00fastria e a evolu\u00e7\u00e3o das necessidades dos viajantes de neg\u00f3cios.\u00a0<br>\u00a0<br>Esta semana, estou ansioso para me conectar com mais de voc\u00eas em Berlim para o <a rel=\"noreferrer noopener\" href=\"https:\/\/www.itb.com\/en\/press\/press-releases\/news_5440.html\" target=\"_blank\">Conven\u00e7\u00e3o ITB<\/a>. No meu 9 de mar\u00e7o<sup>\u00ba<\/sup> apresenta\u00e7\u00e3o \u2013 \u201cAs viagens de neg\u00f3cios est\u00e3o de volta. Ent\u00e3o, para onde vamos a partir daqui\u201d? \u2013 Compartilharei as perspectivas baseadas em dados e tend\u00eancias da GBTA para viagens de neg\u00f3cios globais. Enquanto estivermos em Berlim, tamb\u00e9m nos reuniremos com importantes patrocinadores da ind\u00fastria e parceiros de programas de sustentabilidade.\u00a0<\/p>\n\n\n\n<p>Em seguida, seguiremos para Cingapura para reuni\u00f5es de planejamento de mercado da APAC e para nos prepararmos para nossa confer\u00eancia de outono. De l\u00e1, em Estocolmo, moderarei uma sess\u00e3o na Confer\u00eancia da Primavera N\u00f3rdica (21 a 22 de mar\u00e7o) e depois irei a Viena para palestrar em um encontro da Associa\u00e7\u00e3o Austr\u00edaca de Viagens de Neg\u00f3cios (23 de mar\u00e7o). Antes de retornar a Nova York, me reunirei com os parceiros da associa\u00e7\u00e3o GBTA na Europa. Essas reuni\u00f5es s\u00e3o oportunidades valiosas para conectar-se e ouvir ainda mais vozes e pontos de vista da GBTA.&nbsp;<br>&nbsp;<br>Fiz as malas o m\u00e1ximo poss\u00edvel este m\u00eas, incluindo passar fins de semana na Alemanha com a fam\u00edlia entre as viagens para torn\u00e1-lo o mais sustent\u00e1vel poss\u00edvel. Minha mala n\u00e3o sofre tanto estresse desde 2019!&nbsp;<br>&nbsp;<br>A equipe do GBTA tamb\u00e9m est\u00e1 ocupada criando oportunidades para conex\u00f5es impactantes este m\u00eas. As vozes din\u00e2micas das mulheres de toda a nossa ind\u00fastria s\u00e3o o foco de um programa GBTA WINiT <a href=\"https:\/\/gbta.org\/pt\/event\/celebrating-our-voices-on-international-womens-day-a-day-to-embraceequity\/\" target=\"_blank\" rel=\"noreferrer noopener\">webin\u00e1rio gratuito<\/a> em 8 de mar\u00e7o<sup>\u00ba<\/sup> como parte do Dia Internacional da Mulher. Participe da conversa enquanto #EmbraceEquity, celebramos as conquistas das mulheres e exploramos maneiras de nos unirmos para impulsionar a mudan\u00e7a. E a Confer\u00eancia do GBTA no M\u00e9xico<strong> <\/strong>acontece na pr\u00f3xima semana na Cidade do M\u00e9xico. Ainda d\u00e1 tempo de se inscrever <a href=\"https:\/\/gbta.org\/pt\/event\/conferencia-gbta-2023-ciudad-de-mexico\/\" target=\"_blank\" rel=\"noreferrer noopener\">aqui<\/a>.&nbsp;<br>&nbsp;<br>Estou ansioso para ver voc\u00ea na estrada,&nbsp;<br>Suzanne&nbsp;<\/p>","protected":false},"excerpt":{"rendered":"<p>Viajar a neg\u00f3cios tem tudo a ver com conex\u00e3o \u2013 e este \u00e9 um m\u00eas de maratona para mim em nome da GBTA e de nossos constituintes. Comecei a semana passada em Marbella, Espanha, com uma apresenta\u00e7\u00e3o na Assembleia Geral do Lufthansa City Center, marcando a primeira confer\u00eancia anual internacional presencial da LCC em 40 meses. Foi energizante\u2026<\/p>","protected":false},"author":14,"featured_media":0,"comment_status":"closed","ping_status":"closed","sticky":false,"template":"","format":"standard","meta":{"_acf_changed":false,"_seopress_robots_primary_cat":"none","_seopress_titles_title":"","_seopress_titles_desc":"","_seopress_robots_index":"","om_disable_all_campaigns":false,"_relevanssi_hide_post":"","_relevanssi_hide_content":"","_relevanssi_pin_for_all":"","_relevanssi_pin_keywords":"","_relevanssi_unpin_keywords":"","_relevanssi_related_keywords":"","_relevanssi_related_include_ids":"","_relevanssi_related_exclude_ids":"","_relevanssi_related_no_append":"","_relevanssi_related_not_related":"","_relevanssi_related_posts":"1,415,662,664,666,667","_relevanssi_noindex_reason":"","_kad_blocks_custom_css":"","_kad_blocks_head_custom_js":"","_kad_blocks_body_custom_js":"","_kad_blocks_footer_custom_js":"","_kad_post_transparent":"","_kad_post_title":"","_kad_post_layout":"","_kad_post_sidebar_id":"","_kad_post_content_style":"","_kad_post_vertical_padding":"","_kad_post_feature":"","_kad_post_feature_position":"","_kad_post_header":false,"_kad_post_footer":false,"footnotes":"","_links_to":"","_links_to_target":""},"categories":[1490],"tags":[],"class_list":["post-9446","post","type-post","status-publish","format-standard","hentry","category-check-in-with-suzanne"],"acf":[],"featured_image_src_large":false,"author_info":{"display_name":"","author_link":"https:\/\/gbta.org\/pt\/author\/"},"comment_info":"","category_info":[{"term_id":1490,"name":"Check-in with Suzanne","slug":"check-in-with-suzanne","term_group":0,"term_taxonomy_id":1490,"taxonomy":"category","description":"","parent":0,"count":5,"filter":"raw","cat_ID":1490,"category_count":5,"category_description":"","cat_name":"Check-in with Suzanne","category_nicename":"check-in-with-suzanne","category_parent":0}],"tag_info":false,"taxonomy_info":{"category":[{"value":1490,"label":"Check-in with Suzanne"}]},"featured_image_src":null,"featured_image_src_square":null,"mfb_rest_fields":["featured_image_src_large","author_info","comment_info","category_info","tag_info","taxonomy_info","featured_image_src","featured_image_src_square"],"_links":{"self":[{"href":"https:\/\/gbta.org\/pt\/wp-json\/wp\/v2\/posts\/9446","targetHints":{"allow":["GET"]}}],"collection":[{"href":"https:\/\/gbta.org\/pt\/wp-json\/wp\/v2\/posts"}],"about":[{"href":"https:\/\/gbta.org\/pt\/wp-json\/wp\/v2\/types\/post"}],"author":[{"embeddable":true,"href":"https:\/\/gbta.org\/pt\/wp-json\/wp\/v2\/users\/14"}],"replies":[{"embeddable":true,"href":"https:\/\/gbta.org\/pt\/wp-json\/wp\/v2\/comments?post=9446"}],"version-history":[{"count":0,"href":"https:\/\/gbta.org\/pt\/wp-json\/wp\/v2\/posts\/9446\/revisions"}],"wp:attachment":[{"href":"https:\/\/gbta.org\/pt\/wp-json\/wp\/v2\/media?parent=9446"}],"wp:term":[{"taxonomy":"category","embeddable":true,"href":"https:\/\/gbta.org\/pt\/wp-json\/wp\/v2\/categories?post=9446"},{"taxonomy":"post_tag","embeddable":true,"href":"https:\/\/gbta.org\/pt\/wp-json\/wp\/v2\/tags?post=9446"}],"curies":[{"name":"wp","href":"https:\/\/api.w.org\/{rel}","templated":true}]}}